{"id":1680,"date":"2023-07-24T20:06:02","date_gmt":"2023-07-24T20:06:02","guid":{"rendered":"https:\/\/msme-clearinghouse.com\/es\/?p=1680"},"modified":"2023-11-27T14:57:04","modified_gmt":"2023-11-27T18:57:04","slug":"colombia","status":"publish","type":"post","link":"https:\/\/msme-clearinghouse.com\/es\/colombia\/","title":{"rendered":"Colombia"},"content":{"rendered":"\n<h3 class=\"wp-block-heading\">Marco legal:<\/h3>\n\n\n\n<ul class=\"wp-block-list\">\n<li><strong>Leyes:<\/strong>\n<ul class=\"wp-block-list\">\n<li><strong><a href=\"https:\/\/sice.oas.org\/SME_CH\/COL\/Ley_1819_de_2016_s.pdf\" target=\"_blank\" rel=\"noreferrer noopener\">Ley 1819 de 29 de diciembre 2016<\/a><\/strong>  <i class=\"far fa-file-pdf\"><\/i><br>Por medio de la cual se adopta una Reforma Tributaria estructural, se fortalecen los mecanismos para la lucha contra la evasi\u00f3n y la elusi\u00f3n fiscal, y se dictan otras disposiciones<\/li>\n\n\n\n<li><strong><a href=\"https:\/\/sice.oas.org\/SME_CH\/COL\/Ley_1793_07_2016_s.pdf\" target=\"_blank\" rel=\"noreferrer noopener\">Ley 1793 de julio 7 de 2016<\/a><\/strong><a href=\"http:\/\/sice.oas.org\/SME_CH\/COL\/Ley_1793_07_2016_s.pdf\" target=\"_blank\" rel=\"noreferrer noopener\">\u00a0<\/a>  <i class=\"far fa-file-pdf\"><\/i><br>Por medio del cual se dictan normas en materia de costos de los servicios financieros y se dictan otras disposiciones<\/li>\n\n\n\n<li><strong><a href=\"https:\/\/sice.oas.org\/SME_CH\/COL\/Ley_1753_2015_s.pdf\" target=\"_blank\" rel=\"noreferrer noopener\">Ley 1753 de 2015<\/a><\/strong>  <i class=\"far fa-file-pdf\"><\/i><br>Por medio de la cual se expide el Plan Nacional de Desarrollo 2014 \u2013 2018 \u201cTodos por un nuevo pa\u00eds\u201d<\/li>\n\n\n\n<li><a href=\"https:\/\/sice.oas.org\/SME_CH\/COL\/Ley_1735_2014_s.pdf\" target=\"_blank\" rel=\"noreferrer noopener\"><strong>Ley 1735 de 2014<\/strong>\u00a0<\/a>  <i class=\"far fa-file-pdf\"><\/i><br>Por la cual se dictan medidas tendientes a promover el acceso a los servicios financieros transaccionales y se dictan otras disposiciones<\/li>\n\n\n\n<li><strong><a href=\"https:\/\/sice.oas.org\/SME_CH\/COL\/Ley_1676_de_2013_s.pdf\" target=\"_blank\" rel=\"noreferrer noopener\">Ley 1676 de 2013<\/a><\/strong><a href=\"http:\/\/sice.oas.org\/SME_CH\/COL\/Ley_1676_de_2013_s.pdf\" target=\"_blank\" rel=\"noreferrer noopener\">\u00a0<\/a>  <i class=\"far fa-file-pdf\"><\/i><br>Por la cual se promueve el acceso al cr\u00e9dito y se dictan normas sobre garant\u00edas mobiliarias<\/li>\n\n\n\n<li><strong><a href=\"https:\/\/sice.oas.org\/SME_CH\/COL\/Ley_1429_12_2010_s.pdf\" target=\"_blank\" rel=\"noreferrer noopener\">Ley 1429 de 29 de diciembre de 2010<\/a><\/strong>\u00a0 <i class=\"far fa-file-pdf\"><\/i><br>Por la cual se expide la ley de Formalizaci\u00f3n y Generaci\u00f3n de Empleo<\/li>\n\n\n\n<li><strong><a href=\"https:\/\/sice.oas.org\/SME_CH\/COL\/Ley_905_08_2004_s.pdf\" target=\"_blank\" rel=\"noreferrer noopener\">Ley 905 de 2004<\/a><\/strong>  <i class=\"far fa-file-pdf\"><\/i><br>Modifica a la Ley 590 de 2000, publicada en el Diario Oficial No. 45.628, de 2 de agosto de 2004. Se modifica la Ley 590 sobre promoci\u00f3n del desarrollo de la micro, peque\u00f1a y mediana empresa colombiana y se dictan otras disposiciones<\/li>\n\n\n\n<li><strong><a href=\"https:\/\/sice.oas.org\/SME_CH\/COL\/Ley_590_de_2000_s.pdf\" target=\"_blank\" rel=\"noreferrer noopener\">Ley 590 de 2000 (julio 10)<\/a><\/strong>\u00a0 <i class=\"far fa-file-pdf\"><\/i><br>Expedida por el Congreso de la Rep\u00fablica, por la cual se dictan disposiciones para promover el desarrollo de las micro, peque\u00f1as y medianas empresa<\/li>\n\n\n\n<li><strong><a href=\"https:\/\/sice.oas.org\/SME_CH\/COL\/Ley_67_de_1979_s.pdf\" target=\"_blank\" rel=\"noreferrer noopener\">Ley 6<\/a><a href=\"https:\/\/sice.oas.org\/SME_CH\/COL\/Ley_67_de_1979_s.pdf\">7 de 1979<\/a><\/strong>\u00a0 <i class=\"far fa-file-pdf\"><\/i><br>Por la cual se dictan las normas generales a las que deber\u00e1 sujetarse el Presidente de la Rep\u00fablica para fomentar las exportaciones a trav\u00e9s de las sociedades de comercializaci\u00f3n internacional y se dictan otras disposiciones para el fomento del comercio exterior<\/li>\n<\/ul>\n<\/li>\n\n\n\n<li><strong>Resoluciones:<\/strong>&nbsp;\n<ul class=\"wp-block-list\">\n<li><strong><a href=\"https:\/\/sice.oas.org\/SME_CH\/COL\/Res_No_1021_2013_s.pdf\" target=\"_blank\" rel=\"noreferrer noopener\">Resoluci\u00f3n n\u00famero 1021 de 2013<\/a><\/strong>\u00a0 <i class=\"far fa-file-pdf\"><\/i><br>Por la cual se adopta el manual de contrataci\u00f3n, supervisi\u00f3n e interventor\u00eda del Ministerio de Comercio, Industria y Turismo<\/li>\n\n\n\n<li><strong><a href=\"https:\/\/sice.oas.org\/SME_CH\/COL\/Res_3205_2008_s.pdf\" target=\"_blank\" rel=\"noreferrer noopener\">Resoluci\u00f3n n\u00famero 3205 de 2008 del 28 de Noviembre 2008<\/a><\/strong>  <i class=\"far fa-file-pdf\"><\/i><br>Por la cual se reglamentan las funciones de los Consejos regionales de las MIPYMEs y se fijan directrices para su organizaci\u00f3n y funcionamiento<\/li>\n\n\n\n<li><strong><a href=\"https:\/\/sice.oas.org\/SME_CH\/COL\/Res_1_2007_s.pdf\" target=\"_blank\" rel=\"noreferrer noopener\">Resoluci\u00f3n 1 de 2007<\/a><\/strong>  <i class=\"far fa-file-pdf\"><\/i><br>Por la cual se asignan las funciones de liquidador del FONDATT y la representaci\u00f3n legal de Bogot\u00e1, D.C., para la atenci\u00f3n los negocios y asuntos en tr\u00e1mite de la hoy suprimida Secretar\u00eda de Tr\u00e1nsito y Transporte de Bogot\u00e1, D.C.<\/li>\n<\/ul>\n<\/li>\n\n\n\n<li><strong>Decisiones:<\/strong>&nbsp;\n<ul class=\"wp-block-list\">\n<li><strong><a href=\"https:\/\/sice.oas.org\/SME_CH\/COL\/Dec_748_s.pdf\" target=\"_blank\" rel=\"noreferrer noopener\">Decisi\u00f3n 748 sobre el CAMIPYE<\/a><\/strong>   <i class=\"far fa-file-pdf\"><\/i><br>Creaci\u00f3n del Comit\u00e9 Andino de la Micro, Peque\u00f1a y Mediana Empresa (CAMIPYME)<\/li>\n\n\n\n<li><strong><a href=\"https:\/\/sice.oas.org\/SME_CH\/COL\/Dec_749_s.pdf\" target=\"_blank\" rel=\"noreferrer noopener\">Decisi\u00f3n 749 sobre el Obapyme<\/a><\/strong><a href=\"http:\/\/sice.oas.org\/SME_CH\/COL\/Dec_749_s.pdf\" target=\"_blank\" rel=\"noreferrer noopener\">\u00a0<\/a>   <i class=\"far fa-file-pdf\"><\/i><br>Creaci\u00f3n e Implementaci\u00f3n del Observatorio Andino de la MIPYME (OBAPYME)<\/li>\n<\/ul>\n<\/li>\n\n\n\n<li><strong>Decretos:<\/strong>&nbsp;\n<ul class=\"wp-block-list\">\n<li><strong><a href=\"https:\/\/sice.oas.org\/SME_CH\/COL\/Decreto_1357_2018_s.pdf\" target=\"_blank\" rel=\"noreferrer noopener\">Decreto 1357 de 2018<\/a><\/strong>  <i class=\"far fa-file-pdf\"><\/i><br>Por el cual se modifica el Decreto 2555 de 2010 en lo relacionado con la actividad de financiaci\u00f3n colaborativa<\/li>\n\n\n\n<li><strong><a href=\"https:\/\/sice.oas.org\/SME_CH\/COL\/Decreto_1875_2017_s.pdf\" target=\"_blank\" rel=\"noreferrer noopener\">Decreto 1875 del 17 de noviembre de 2017<\/a><\/strong>  <i class=\"far fa-file-pdf\"><\/i><br>Por el cual se adiciona un Cap\u00edtulo al T\u00edtulo 2 de la Parte 2 del Libro 2, se crea la Ventanilla \u00danica Empresarial -VUE: y se adiciona un par\u00e1grafo al Art\u00edculo 2.2.2.38.6.4 del Decreto 1074 de 2015, Decreto \u00danico Reglamentario del Sector Comercio, Industria y Turismo<\/li>\n\n\n\n<li><strong><a href=\"https:\/\/sice.oas.org\/SME_CH\/COL\/Decreto_489_2013_s.pdf\" target=\"_blank\" rel=\"noreferrer noopener\">Decreto n\u00famero 489 del 14 de marzo de 2013<\/a><\/strong>  <i class=\"far fa-file-pdf\"><\/i><br>Por el cual se reglamenta el otorgamiento de Garant\u00edas , ofreciendo un descuento en el valor de las comisiones, dirigidas a empresas creadas por j\u00f3venes menores de 28 a\u00f1os<\/li>\n\n\n\n<li><strong><a href=\"https:\/\/sice.oas.org\/SME_CH\/COL\/Decreto_0295_2013_s.pdf\" target=\"_blank\" rel=\"noreferrer noopener\">Decreto n\u00famero 0295 del 27 de febrero de 2013<\/a><\/strong>  <i class=\"far fa-file-pdf\"><\/i><br>Por el cual se adopta el Programa de San Andr\u00e9s Providencia y Santa Catalina<\/li>\n\n\n\n<li><strong><a href=\"https:\/\/sice.oas.org\/SME_CH\/COL\/Decreto_1510_2013_s.pdf\" target=\"_blank\" rel=\"noreferrer noopener\">Decreto 1510 de 2013<\/a><\/strong>\u00a0 <i class=\"far fa-file-pdf\"><\/i><br>Por el cual se reglamenta el sistema de compras y contrataci\u00f3n p\u00fablica<\/li>\n\n\n\n<li><strong><a href=\"https:\/\/sice.oas.org\/SME_CH\/COL\/Decreto_2706_2013_s.pdf\" target=\"_blank\" rel=\"noreferrer noopener\">Decreto No. 2706 del 27 de Diciembre de 2012<\/a><\/strong>  <i class=\"far fa-file-pdf\"><\/i><br>Por el cual se reglamenta la Ley 1314 de 2009 sobre el marco t\u00e9cnico normativo de informaci\u00f3n financiera para las microempresas<\/li>\n\n\n\n<li><strong><a href=\"https:\/\/sice.oas.org\/SME_CH\/COL\/Decreto_1446_de_2011_s.pdf\" target=\"_blank\" rel=\"noreferrer noopener\">Decreto 1446 de 2011<\/a><\/strong>\u00a0 <i class=\"far fa-file-pdf\"><\/i><br>Por el cual se modifica y se adiciona el Decreto 2685 de 1999<\/li>\n\n\n\n<li><strong><a href=\"https:\/\/sice.oas.org\/SME_CH\/COL\/Decreto_2555_2010_s.pdf\" target=\"_blank\" rel=\"noreferrer noopener\">Decreto 2555 de 2010<\/a><\/strong>\u00a0 <i class=\"far fa-file-pdf\"><\/i><br>Por el cual se recogen y reexpiden las normas en materia del sector financiero, asegurador y del mercado de valores y se dictan otras disposiciones<\/li>\n\n\n\n<li><strong><a href=\"https:\/\/sice.oas.org\/SME_CH\/COL\/Decreto_2685_1999_s.pdf\" target=\"_blank\" rel=\"noreferrer noopener\">Decreto 2685 de 1999<\/a><\/strong>  <i class=\"far fa-file-pdf\"><\/i><br>Por el cual se modifica la Legislaci\u00f3n Aduanera<\/li>\n<\/ul>\n<\/li>\n\n\n\n<li><strong>Circulares:<\/strong>&nbsp;\n<ul class=\"wp-block-list\">\n<li><strong><a href=\"https:\/\/sice.oas.org\/SME_CH\/COL\/Circ_018_2011_s.pdf\" target=\"_blank\" rel=\"noreferrer noopener\">Circular N\u00b0 018<\/a><\/strong>  <i class=\"far fa-file-pdf\"><\/i><br>Registro en l\u00ednea de usuarios ante la Ventanilla \u00danica de Comercio Exterior \u2013 VUCE-, 7 Junio de 2011<\/li>\n<\/ul>\n<\/li>\n<\/ul>\n\n\n\n<p><\/p>\n\n\n\n<h3 class=\"wp-block-heading\">Iniciativas nacionales para apoyar el sector MIPYME:<\/h3>\n\n\n\n<p><strong>Pol\u00edtica P\u00fablica apoyo Mipymes:<\/strong>&nbsp;<\/p>\n\n\n\n<ul class=\"wp-block-list\">\n<li><a rel=\"noreferrer noopener\" href=\"http:\/\/www.mipymes.gov.co\/loader.php?lServicio=Documentos&amp;lFuncion=verPdf&amp;id=84220&amp;name=CONPES_3866_2016.pdf&amp;prefijo=file\" target=\"_blank\"><strong>Pol\u00edtica de Desarrollo Productivo<\/strong><\/a> <i class=\"fas fa-up-right-from-square\"><\/i><br>La Pol\u00edtica de Desarrollo Productivo (PDP) fue aprobada en 2016 a trav\u00e9s del Conpes 3866 y constituye una hoja de ruta a largo plazo para aumentar la productividad y diversificar el aparato productivo. La implementaci\u00f3n de la Pol\u00edtica se tiene contemplada hasta el a\u00f1o 2025. M\u00e1s de 30 personas de diferentes entidades p\u00fablicas entre ellas, el DNP, los Ministerios de Agricultura, TIC\u00b4s, Trabajo, Educaci\u00f3n, y privadas como la Asociaci\u00f3n Nacional de Industriales en Colombia, el Consejo Privado de Competitividad y Confec\u00e1maras, entre otras, participaron en su construcci\u00f3n y cuentan con roles espec\u00edficos en su implementaci\u00f3n.&nbsp;<br><br>El objetivo general de la PDP es desarrollar instrumentos que apunten a resolver fallas de mercado, de gobierno o de articulaci\u00f3n a nivel de la unidad productora, de los factores de producci\u00f3n o del entorno competitivo, para aumentar la productividad y la diversificaci\u00f3n del aparato productivo colombiano hacia bienes y servicios m\u00e1s sofisticados.<\/li>\n<\/ul>\n\n\n\n<p><\/p>\n\n\n\n<p><strong>Emprendimiento e Innovaci\u00f3n<\/strong><\/p>\n\n\n\n<ul class=\"wp-block-list\">\n<li><strong><a rel=\"noreferrer noopener\" href=\"http:\/\/www.mipymes.gov.co\/publicaciones.php?id=2692\" target=\"_blank\">Premio Innova<\/a><\/strong> <i class=\"fas fa-up-right-from-square\"><\/i><br>El Premio INNOVA busca fortalecer la mentalidad y cultura de la innovaci\u00f3n empresarial, al reconocer a MIPYMEs que se destacan por sus esfuerzos innovadores. Se reconocen las categor\u00edas de: Producto, Servicio, Proceso, Comercial, Abierta y Social. Las empresas ganadoras reciben asistencia t\u00e9cnica, capacitaci\u00f3n especializada, apoyo para representar al pa\u00eds en eventos nacionales e internacionales de innovaci\u00f3n y\/o desarrollo tecnol\u00f3gico, participaci\u00f3n en misiones, entre otros.<\/li>\n\n\n\n<li><strong><a rel=\"noreferrer noopener\" href=\"https:\/\/aldeainnpulsa.com\/\" target=\"_blank\">Aldea<\/a><\/strong> <i class=\"fas fa-up-right-from-square\"><\/i><br>Programa de apoyo al emprendimiento y empresas innovadoras de iNNpulsa Colombia. Funciona como una comunidad en la que empresarios y emprendedores innovadores encuentran apoyo y asesor\u00eda de expertos, mentores, asesores de servicios especializados, inversionistas y entidades de cr\u00e9dito, para que alcancen el m\u00e1ximo potencial de sus empresas, superando sus obst\u00e1culos para crecer. Los beneficiarios reciben llaves de acceso a servicios especializados por $20 millones, $40 millones y\/o $60 millones. La convocatoria estar\u00e1 abierta hasta agotar recursos.<\/li>\n\n\n\n<li><strong><a rel=\"noreferrer noopener\" href=\"https:\/\/www.innpulsacolombia.com\/es\/oferta\/convocatoria-de-capital-semillla-en-el-marco-del-programa-aldea-ccs-17\" target=\"_blank\">Capital Semilla Aldea<\/a><\/strong> <i class=\"fas fa-up-right-from-square\"><\/i><br>Esta convocatoria tiene por objeto adjudicar recursos de cofinanciaci\u00f3n no reembolsables de capital semilla a personas jur\u00eddicas nacionales privadas para el desarrollo de una propuesta, que permita apalancar el crecimiento de la empresa o emprendimiento, previa superaci\u00f3n de los primeros tres (3) retos del Programa ALDEA. Estar\u00e1 abierta hasta agotar recursos.<\/li>\n\n\n\n<li><strong><a rel=\"noreferrer noopener\" href=\"https:\/\/www.innpulsacolombia.com\/es\/oferta\/invitacion-para-seleccionar-hasta-cuarenta-40-empresas-del-sector-manufacturero-para-recibir\" target=\"_blank\">Manufactura Avanzada<\/a><\/strong> <i class=\"fas fa-up-right-from-square\"><\/i><br>Invitaci\u00f3n para seleccionar hasta cuarenta (40) empresas del sector manufacturero, para recibir el servicio de diagn\u00f3stico y perfilaci\u00f3n de proyectos en manufactura avanzada y sus tecnolog\u00edas: Esta convocatoria busca la identificaci\u00f3n del nivel de uso y apropiaci\u00f3n de tecnolog\u00edas de manufactura avanzada en 40 empresas colombianas del sector manufacturero, con el fin de crear iniciativas que permitan incrementar las capacidades empresariales en estas tecnolog\u00edas, impactando positivamente en sus indicadores de negocio (innovaci\u00f3n, productividad, competitividad y rentabilidad). Estar\u00e1 abierta hasta el 31 de octubre de 2018.<\/li>\n<\/ul>\n\n\n\n<p><\/p>\n\n\n\n<p><strong>Consolidaci\u00f3n y Crecimiento de las MIPYMEs<\/strong><\/p>\n\n\n\n<ul class=\"wp-block-list\">\n<li><strong><a rel=\"noreferrer noopener\" href=\"http:\/\/www.mipymes.gov.co\/publicaciones\/9785\/centro_de_desarrollo_empresarial\" target=\"_blank\">Centros de Desarrollo Empresarial<\/a><\/strong> <i class=\"fas fa-up-right-from-square\"><\/i><br>Con los CDE, se busca impulsar el crecimiento empresarial en Colombia, a trav\u00e9s del mejoramiento de los niveles de productividad, innovaci\u00f3n, acceso a cr\u00e9dito, diversificaci\u00f3n de bienes y mercados, y llevando a la internacionalizaci\u00f3n del sector MIPYMEs del pa\u00eds.<\/li>\n\n\n\n<li><strong><a rel=\"noreferrer noopener\" href=\"http:\/\/www.mincit.gov.co\/servicio-al-ciudadano\/enlaces-de-interes\/micitio-centro-integrado-de-servicios\" target=\"_blank\">MiCITio (Centro Integrados de Servicios)<\/a><\/strong> <i class=\"fas fa-up-right-from-square\"><\/i><br>Son Centros de servicios ubicados en 9 Departamentos del pa\u00eds que fortalecen la presencia regional del Ministerio, permitiendo que los empresarios cuenten con informaci\u00f3n y asesor\u00eda directa sobre la oferta del sector y reciban orientaci\u00f3n frente a sus necesidades de fortalecimiento empresarial.<\/li>\n\n\n\n<li><strong><a rel=\"noreferrer noopener\" href=\"https:\/\/www.innpulsacolombia.com\/es\/oferta\/incremento-de-la-productividad-traves-de-la-innovacion\" target=\"_blank\">Mejoramiento Productivo<\/a><\/strong> <i class=\"fas fa-up-right-from-square\"><\/i><br>Se dise\u00f1an instrumentos y asignan recursos no reembolsables, a trav\u00e9s de iNNpulsa Colombia, a propuestas orientadas a incrementar la productividad en MIPYMEs a trav\u00e9s de la innovaci\u00f3n.<\/li>\n\n\n\n<li><strong><a rel=\"noreferrer noopener\" href=\"https:\/\/www.ptp.com.co\/ptp-servicios\/ptp-proyectos\/colombia-productiva\" target=\"_blank\">Colombia Productiva<\/a><\/strong> <i class=\"fas fa-up-right-from-square\"><\/i><br>A trav\u00e9s de asistencia t\u00e9cnica en servicios de extensi\u00f3n tecnol\u00f3gica como mejoramiento continuo de procesos, calidad, eficiencia energ\u00e9tica, gesti\u00f3n del talento humano y estrategias comerciales, se busca que empresas de los sectores Programa de Transformaci\u00f3n Productiva-PTP mejoren su productividad, calidad y capacidades para exportar.<\/li>\n<\/ul>\n\n\n\n<p><\/p>\n\n\n\n<p><strong>F\u00e1bricas de Productividad&nbsp;<\/strong><\/p>\n\n\n<ul>Programa que busca mejorar la productividad de la industria a trav\u00e9s de la consolidaci\u00f3n de centros de extensi\u00f3n a nivel regional que permitir\u00e1n la apropiaci\u00f3n de conocimientos y tecnolog\u00edas en las empresas.<\/ul>\n\n\n<ul class=\"wp-block-list\">\n<li><strong>Como parte del programa se han estipulado tres acciones:<\/strong> <ul> <li>Centros regionales de extensionismo tecnol\u00f3gico: Consolidar gestores de servicios de extensi\u00f3n tecnol\u00f3gica a nivel local. Se brinda asistencia t\u00e9cnica a las empresas para mejoras en productividad a trav\u00e9s de extensionistas.<\/li>   <li>Fortalecimiento de capacidades locales: Consolidaci\u00f3n de red de extensionistas \u2013expertos-a trav\u00e9s de programas de formaci\u00f3n (eficiencia tecnol\u00f3gica, mejoramiento continuo, calidad, innovaci\u00f3n, etc).<\/li>   <li>L\u00edneas de cr\u00e9dito de redescuento: Para el financiamiento de activos tecnol\u00f3gicos e implementaci\u00f3n de proyectos de mejora de alto costo.<\/li><\/ul><\/li>\n<\/ul>\n\n\n\n<p><\/p>\n\n\n<ul>Actualmente se est\u00e1 desarrollando un piloto en 40 empresas de 4 departamentos del pa\u00eds: Valle del Cauca, Antioquia, Santander y Atl\u00e1ntico. En alianza con 4 c\u00e1maras de comercio y Confec\u00e1maras. El lanzamiento oficial ser\u00e1 en diciembre.<\/ul>\n\n\n<ul class=\"wp-block-list\">\n<li><strong><a rel=\"noreferrer noopener\" href=\"https:\/\/www.ptp.com.co\/ptp-servicios\/ptp-proyectos\/ejes\/calidad-para-exportar\" target=\"_blank\">Calidad para exportar<\/a>  <i class=\"fas fa-up-right-from-square\"><\/i><br><\/strong>A trav\u00e9s de acompa\u00f1amiento y cofinanciaci\u00f3n, se busca que empresas de sectores PTP realicen proyectos de mejora de calidad y productividad para obtener certificaciones internacionales que son requeridas por los mercados a los que quieren acceder, principalmente aquellos con los que Colombia tiene acuerdos comerciales.<\/li>\n\n\n\n<li><strong><a rel=\"noreferrer noopener\" href=\"https:\/\/www.ptp.com.co\/ptp-servicios\/ptp-proyectos\/ejes\/eficiencia-energetica-para-mejorar-productividad\" target=\"_blank\">Eficiencia Energ\u00e9tica<\/a> <i class=\"fas fa-up-right-from-square\"><\/i><\/strong> <br>Con el proyecto se brinda asistencia t\u00e9cnica a empresas de sectores PTP para que optimicen el consumo de energ\u00eda (el\u00e9ctrica y\/o t\u00e9rmica), reduzcan costos y mejoren sus procesos de producci\u00f3n para aumentar su rentabilidad.<\/li>\n\n\n\n<li><strong><a href=\"https:\/\/www.ptp.com.co\/ptp-servicios\/ptp-proyectos\/ejes\/economia-circular-para-la-productividad\" target=\"_blank\" rel=\"noreferrer noopener\">Econom\u00eda circular para la productividad<\/a> <i class=\"fas fa-up-right-from-square\"><\/i><br><\/strong>Busca que empresas de los sectores de industrias para la construcci\u00f3n, pl\u00e1sticos y sistema moda en cinco departamentos mejoren su productividad y competitividad, por medio de herramientas de econom\u00eda circular y desarrollo sostenible. El objetivo es que realicen sus procesos productivos con una mayor eficiencia en el uso de los recursos, menores impactos sobre el entorno y mayor resiliencia ante el cambio clim\u00e1tico. El proyecto incluye la elaboraci\u00f3n de un manual de implementaci\u00f3n de herramientas de econom\u00eda circular en las empresas.<\/li>\n\n\n\n<li><strong>Proyectos sectoriales<br><\/strong>El PTP tiene varias iniciativas sectoriales orientadas a que las empresas mejores su productividad, sus procesos, su calidad y aumenten sus ventas. Los sectores donde se cuenta con proyectos son: Moda, Qu\u00edmica B\u00e1sica, Pl\u00e1stico y pinturas, Industrias para la construcci\u00f3n, industrias del movimiento, cosm\u00e9ticos y aseo, software y TI, BPO, KPO e ITO y Turismo.<\/li>\n\n\n\n<li><strong>Econom\u00eda circular para la productividad<br><\/strong>Realizaci\u00f3n de eventos comerciales como espacio de encuentro entre MIPYMEs colombianas proveedoras de bienes e insumos, con empresas que los demandan. Incluye tambi\u00e9n un componente de sensibilizaci\u00f3n permanente al ciudadano para que adquiera productos nacionales. Se busca crear nuevas oportunidades de negocio, dinamizar las econom\u00edas locales y preparar a las MIPYMEs participantes para acceder a nuevas plataformas comerciales.<br>Adicionalmente, a trav\u00e9s del Programa de Transformaci\u00f3n P, se desarrolla una plataforma tecnol\u00f3gica que busca resolver el desconocimiento que tiene el mercado sobre la oferta de insumos y bienes intermedios de proveedores nacionales, buscando mayor vinculaci\u00f3n de las MIPYMEs a cadenas de valor. <\/li>\n\n\n\n<li><strong><a rel=\"noreferrer noopener\" href=\"https:\/\/www.innpulsacolombia.com\/es\/oferta\/convocatoria-nacional-para-la-transformacion-de-unidades-de-desarrollo-empresarial-en-centros\" target=\"_blank\">Conectividad MIPYMEs<\/a> <i class=\"fas fa-up-right-from-square\"><\/i><br><\/strong>En alianza con el Ministerio de las Tecnolog\u00edas de la Informaci\u00f3n y las Comunicaciones (MinTIC), se trabaja para mejorar la conectividad y la utilizaci\u00f3n de aplicaciones TIC que las hagan m\u00e1s productivas e innovadoras. En l\u00ednea con lo anterior, se dise\u00f1\u00f3 la estrategia Centros TIC de Transformaci\u00f3n Digital, los cuales acompa\u00f1ar\u00e1n a las MIPYMEs en el proceso de implementaci\u00f3n de soluciones TIC, ofreciendo un diagn\u00f3stico, una ruta de trasformaci\u00f3n y soluciones tipo ERP y CRM.<\/li>\n<\/ul>\n\n\n\n<p><\/p>\n\n\n\n<p><strong>Formalizaci\u00f3n<\/strong><\/p>\n\n\n\n<ul class=\"wp-block-list\">\n<li><a rel=\"noreferrer noopener\" href=\"https:\/\/www.vue.gov.co\/\" target=\"_blank\"><strong>Ventanilla \u00danica Empresarial<\/strong><\/a> <i class=\"fas fa-up-right-from-square\"><\/i><br>Este proyecto se trabaja con el apoyo del IFC del Banco Mundial y en coordinaci\u00f3n con el Ministerio de Salud, Ministerio de Trabajo, Confec\u00e1maras y la C\u00e1mara de Comercio de Bogot\u00e1. Es una plataforma tecnol\u00f3gica que integra tr\u00e1mites mercantiles, tributarios y de seguridad social (inicialmente con las EPS) para la apertura de empresa y que ir\u00e1 integrando progresivamente otros tr\u00e1mites relacionados con la actividad empresarial. Permite mejorar los tiempos y facilitar el tr\u00e1mite de registro a los empresarios; as\u00ed como, mejorar los niveles de competitividad del pa\u00eds. Inicialmente tiene cobertura en Bogot\u00e1.<\/li>\n<\/ul>\n\n\n<ul>\n<li><b>Pol\u00edtica P\u00fablica de formalizaci\u00f3n<\/b><\/li>\n<\/ul>\n<p style=\"padding-left: 40px;\">El Ministerio de Comercio, Industria y Turismo, tiene dentro de sus ejes de trabajo, mejorar los niveles de formalizaci\u00f3n en el pa\u00eds. Aumentar los \u00edndices de formalidad de la econom\u00eda permite tambi\u00e9n mejorar las condiciones de vida de los trabajadores, ofrecer bienes y servicios de \u00f3ptima calidad, responsables con el medio ambiente y la salud.<\/p>\n<p style=\"padding-left: 40px;\">Por lo anterior, desde el Gobierno Nacional, con el liderazgo del DNP y el Ministerio de Comercio, Industria y Turismo, se est\u00e1 trabajando en la construcci\u00f3n de una pol\u00edtica p\u00fablica de formalizaci\u00f3n empresarial, entendiendo este fen\u00f3meno como un estado que va m\u00e1s all\u00e1 del registro y que tiene m\u00faltiples dimensiones, entre ellas la laboral.<\/p>\n<ul>\n<li><b>Programa de Desarrollo Empresarial, fomento de la Formalizaci\u00f3n Empresarial y el Mejoramiento Productivo<\/b><\/li>\n<\/ul>\n<p style=\"padding-left: 40px;\">El Ministerio de Comercio, Industria y Turismo en conjunto con Confec\u00e1maras, implementa estrategias de desarrollo empresarial, fomento de la Formalizaci\u00f3n empresarial y el mejoramiento productivo, en los municipios m\u00e1s afectados por el conflicto armado, en la jurisdicci\u00f3n de las C\u00e1maras de Comercio seleccionadas. Este programa finaliza en 2018.<\/p>\n\n\n<ul class=\"wp-block-list\">\n<li><strong><a rel=\"noreferrer noopener\" href=\"http:\/\/www.mipymes.gov.co\/publicaciones.php?id=3634\" target=\"_blank\">Acceso de MIPYMEs a la Contrataci\u00f3n P\u00fablica<\/a>  <i class=\"fas fa-up-right-from-square\"><\/i><br><\/strong>Hace referencia a la adquisici\u00f3n de bienes y servicios que el Estado realiza para su debido funcionamiento y para el cumplimiento de sus fines. Actualmente se est\u00e1 analizando la manera de mejorar el acceso de las MIPYMEs a las compras p\u00fablicas.<\/li>\n<\/ul>\n\n\n\n<p><\/p>\n\n\n\n<p><strong>Financiaci\u00f3n para el desarrollo empresarial&nbsp;<\/strong><\/p>\n\n\n\n<ul class=\"wp-block-list\">\n<li><strong><a rel=\"noreferrer noopener\" href=\"http:\/\/www.mipymes.gov.co\/publicaciones\/4888\/lineas_de_credito\" target=\"_blank\">L\u00edneas de cr\u00e9dito Banc\u00f3idex<\/a> <i class=\"fas fa-up-right-from-square\"><\/i><br><\/strong>El Gobierno ha dise\u00f1ado varios instrumentos financieros para el apoyo de las Micro, Peque\u00f1as y Medianas Empresas. Estas se ofrecen orientadas a atender las necesidades de los empresarios.<\/li>\n\n\n\n<li><a rel=\"noreferrer noopener\" href=\"https:\/\/www.fng.gov.co\/empresarios\/\u00bfc\u00f3mo-acceder-a-las-garant\u00edas-del-fng?\" target=\"_blank\"><strong>Garant\u00edas para el cr\u00e9dito<\/strong><\/a><strong>  <i class=\"fas fa-up-right-from-square\"><\/i><br><\/strong>El Fondo Nacional de Garant\u00edas S.A. es la entidad a trav\u00e9s de la cual el Gobierno Nacional busca facilitar el acceso al cr\u00e9dito para las micro, peque\u00f1as y medianas empresas, mediante el otorgamiento de garant\u00edas<\/li>\n<\/ul>\n\n\n\n<p><\/p>\n\n\n\n<p><strong>Internacionalizaci\u00f3n<\/strong><\/p>\n\n\n\n<ul class=\"wp-block-list\">\n<li><a rel=\"noreferrer noopener\" href=\"https:\/\/www.innpulsacolombia.com\/es\/oferta\/convocatoria-nacional-para-la-entrega-de-recursos-de-cofinanciacion-proyectos-que-tengan-0\" data-type=\"link\" data-id=\"https:\/\/www.innpulsacolombia.com\/es\/oferta\/convocatoria-nacional-para-la-entrega-de-recursos-de-cofinanciacion-proyectos-que-tengan-0\" target=\"_blank\"><strong>Alistamiento para Mercados Internacionales<\/strong><\/a> <i class=\"fas fa-up-right-from-square\"><\/i><br>Asignaci\u00f3n de recursos no reembolsables, a trav\u00e9s de convocatorias de iNNpulsa Colombia, para apoyar a las MIPYMEs para resolver las limitaciones o barreras que se presentan para ingresar a mercados internacionales. Se incluye la adecuaci\u00f3n de producto o mejoramiento de infraestructura, estrategias de promoci\u00f3n y comercializaci\u00f3n, asistencia t\u00e9cnica y certificaciones, entre otros.<\/li>\n\n\n\n<li><strong>Mentor Exportador<br><\/strong>Emplea la experiencia exportadora de empresas con alta trayectoria para vincular a sus clientes o proveedores en la din\u00e1mica del comercio Internacional con el fin de que estas exporten o crezcan en sus exportaciones.<\/li>\n\n\n\n<li><strong><a rel=\"noreferrer noopener\" href=\"http:\/\/www.colombiatrade.com.co\/3e\/#block-views-blog-block-recent-posts\" target=\"_blank\">Empresas de Excelencia Exportadora 3E<\/a> <i class=\"fas fa-up-right-from-square\"><\/i><br><\/strong>Intervenci\u00f3n estrat\u00e9gica a empresas interesadas en evaluar, mejorar e innovar en su modelo de negocio internacional que les permita dinamizar su ingreso a mercados externos.<\/li>\n\n\n\n<li><strong><a rel=\"noreferrer noopener\" href=\"http:\/\/comex.procolombia.co\/\" target=\"_blank\">Comex<\/a> <i class=\"fas fa-up-right-from-square\"><\/i><br><\/strong>El programa MIPYME Internacional en su tercera versi\u00f3n hizo la transici\u00f3n al nombre de Comex ProColombia; el programa ampl\u00eda sus servicios para incluir tambi\u00e9n a la cadena de industrias 4.0 y a las grandes empresas (Top) que necesiten fortalecer sus operaciones de comercio internacional. Los objetivos del programa son la creaci\u00f3n, dise\u00f1o y\/o adecuaci\u00f3n del \u00e1rea de comercio exterior, con el fin de facilitar que la empresa exporte de manera constante al tener al tener un asesor que realice un acompa\u00f1amiento especializado en diferentes temas de comercio exterior: Solicitud autodiagn\u00f3stico Operador Econ\u00f3mico Autorizado (OEA), Sistemas especiales (Plan Vallejo, Zonas Francas y Comercializadoras), control riguroso de las operaciones de comercio exterior para cumplir con las exigencias de los estatutos aduaneros, cambiarios y tributarios documentado el proceso de las operaciones internacionales.<\/li>\n\n\n\n<li><strong><a rel=\"noreferrer noopener\" href=\"http:\/\/www.procolombia.co\/asesoria-en-comercio-exterior\/programas-de-formacion-exportadora\" target=\"_blank\">Programas de formaci\u00f3n exportadora<\/a> <i class=\"fas fa-up-right-from-square\"><\/i><br><\/strong>ProColombia con el fin de contribuir a la generaci\u00f3n de cultura exportadora y fortalecer el tejido empresarial exportador ofrece diferentes seminarios contenidos en los Programas de Formaci\u00f3n Exportadora a empresarios de bienes y servicios. Algunos de los temas que se ofrecen son: Alianzas estrat\u00e9gicas; Cadena de abastecimiento; Certificados de origen; Contrataci\u00f3n internacional; Exportar seguro y confiable; Incoterms; Medios de pago r\u00e9gimen cambiario; y Tr\u00e1mites y documentos.<\/li>\n<\/ul>\n\n\n\n<p><\/p>\n\n\n\n<p><strong>Inclusi\u00f3n productiva<\/strong><\/p>\n\n\n\n<ul class=\"wp-block-list\">\n<li><strong><a rel=\"noreferrer noopener\" href=\"http:\/\/ecommerce.vivimospacificamente.com\/orders\/1414E381\" target=\"_blank\">Programa de Inclusi\u00f3n en los Mercados &#8211; Marca Social \u201cVivimos Pac\u00edficamente\u201d<\/a>  <i class=\"fas fa-up-right-from-square\"><\/i><br><\/strong>En el marco del programa se suman capacidades productivas de microempresarios que han sido v\u00edctimas del conflicto armado en torno a una actividad productiva en el sector textil-confecci\u00f3n, una cooperativa llamada Red-i y una marca comercial propia, denominada \u201cVivimos Pac\u00edficamente\u201d. Se busca que los beneficiarios produzcan productos atractivos de calidad y buen precio para competir en mercados diferentes a los que generalmente accede este tipo de poblaci\u00f3n. Para su implementaci\u00f3n se asignan recursos a trav\u00e9s del PTP.<\/li>\n\n\n\n<li><strong><a rel=\"noreferrer noopener\" href=\"http:\/\/www.mipymes.gov.co\/publicaciones\/32065\/proyecto_microfranquicias\" target=\"_blank\">Programa Nacional de MicroFranquicias<\/a>  <i class=\"fas fa-up-right-from-square\"><\/i><br><\/strong>El objetivo de las micro franquicias es brindar una alternativa de emprendimiento formal y de riesgo controlado, mediante la creaci\u00f3n de negocios validados y comprobados en el mercado para la poblaci\u00f3n v\u00edctima del conflicto armado. Para su implementaci\u00f3n se asignan recursos de cofinanciaci\u00f3n no reembolsable, a trav\u00e9s de INNpulsa Colombia.<\/li>\n\n\n\n<li><strong><a rel=\"noreferrer noopener\" href=\"http:\/\/www.mipymes.gov.co\/publicaciones\/32063\/fortalecimiento_de_comunidades_y_organizaciones_indigenas_productivas_y_empresariales_de_colombia\" target=\"_blank\">Programa de Fortalecimiento productivo y empresarial para grupos \u00e9tnicos en Colombia<\/a>  <i class=\"fas fa-up-right-from-square\"><\/i><br><\/strong>Implementaci\u00f3n de acciones para fortalecer pr\u00e1cticas productivas y comerciales de productos de pueblos ind\u00edgenas, grupos asociativos Afros y del pueblo ROM; buscando la apertura de mercados.<\/li>\n\n\n\n<li><strong><a rel=\"noreferrer noopener\" href=\"https:\/\/www.innpulsacolombia.com\/es\/oferta\/convocatoria-para-la-generacion-de-encadenamientos-productivos-con-procesos-asociativos-bajo\" target=\"_blank\">Programa de Comercializaci\u00f3n de la Agricultura Familiar<\/a> <i class=\"fas fa-up-right-from-square\"><\/i><br><\/strong>Busca la generaci\u00f3n de encadenamientos productivos entre las asociaciones de agricultores familiares v\u00edctimas del conflicto o grupos \u00e9tnicos, con empresas ancla. Esto permite que las asociaciones se fortalezcan y logren mejores acuerdos comerciales, avancen en sus procesos de transformaci\u00f3n y generaci\u00f3n de valor, y comercialicen directamente sus productos. Para su implementaci\u00f3n se asignan recursos de cofinanciaci\u00f3n no reembolsable, a trav\u00e9s de INNpulsa Colombia.<\/li>\n\n\n\n<li><strong>Piloto Red de proveedores Agr\u00edcolas y\/o Agroindustriales en las ZOMAC <br><\/strong>El objetivo es promover una red de asociaciones de peque\u00f1os productores agropecuarios y\/o agroindustriales de las ZOMAC para que se posicionen y visibilicen como una oferta de productos disponible y con la capacidad de atender la demanda de compras p\u00fablicas locales; as\u00ed como, de empresas privadas locales y regionales. En el marco de esta estrategia se promueven procesos de formalizaci\u00f3n y mejoramiento productivo en las cabeceras municipales de las ZOMAC, se acompa\u00f1a la gesti\u00f3n de acuerdos comerciales, el acceso a financiaci\u00f3n y se incentiva la conformaci\u00f3n de nuevas empresas para aprovechar el r\u00e9gimen especial de tributaci\u00f3n en estas zonas.<\/li>\n<\/ul>\n\n\n\n<p><\/p>\n","protected":false},"excerpt":{"rendered":"<p>Marco legal: Iniciativas nacionales para apoyar el sector MIPYME: Pol\u00edtica P\u00fablica apoyo Mipymes:&nbsp; Emprendimiento e Innovaci\u00f3n Consolidaci\u00f3n y Crecimiento de las MIPYMEs F\u00e1bricas de Productividad&nbsp; Programa que busca mejorar la productividad de la industria a trav\u00e9s de la consolidaci\u00f3n de centros de extensi\u00f3n a nivel regional que permitir\u00e1n la apropiaci\u00f3n de conocimientos y tecnolog\u00edas en [&hellip;]<\/p>\n","protected":false},"author":1,"featured_media":0,"comment_status":"closed","ping_status":"closed","sticky":false,"template":"","format":"standard","meta":{"iawp_total_views":32,"footnotes":""},"categories":[1],"tags":[98],"class_list":["post-1680","post","type-post","status-publish","format-standard","hentry","category-countries","tag-colombia"],"_links":{"self":[{"href":"https:\/\/msme-clearinghouse.com\/es\/wp-json\/wp\/v2\/posts\/1680","targetHints":{"allow":["GET"]}}],"collection":[{"href":"https:\/\/msme-clearinghouse.com\/es\/wp-json\/wp\/v2\/posts"}],"about":[{"href":"https:\/\/msme-clearinghouse.com\/es\/wp-json\/wp\/v2\/types\/post"}],"author":[{"embeddable":true,"href":"https:\/\/msme-clearinghouse.com\/es\/wp-json\/wp\/v2\/users\/1"}],"replies":[{"embeddable":true,"href":"https:\/\/msme-clearinghouse.com\/es\/wp-json\/wp\/v2\/comments?post=1680"}],"version-history":[{"count":57,"href":"https:\/\/msme-clearinghouse.com\/es\/wp-json\/wp\/v2\/posts\/1680\/revisions"}],"predecessor-version":[{"id":2850,"href":"https:\/\/msme-clearinghouse.com\/es\/wp-json\/wp\/v2\/posts\/1680\/revisions\/2850"}],"wp:attachment":[{"href":"https:\/\/msme-clearinghouse.com\/es\/wp-json\/wp\/v2\/media?parent=1680"}],"wp:term":[{"taxonomy":"category","embeddable":true,"href":"https:\/\/msme-clearinghouse.com\/es\/wp-json\/wp\/v2\/categories?post=1680"},{"taxonomy":"post_tag","embeddable":true,"href":"https:\/\/msme-clearinghouse.com\/es\/wp-json\/wp\/v2\/tags?post=1680"}],"curies":[{"name":"wp","href":"https:\/\/api.w.org\/{rel}","templated":true}]}}