{"id":1692,"date":"2023-07-24T20:07:59","date_gmt":"2023-07-24T20:07:59","guid":{"rendered":"https:\/\/msme-clearinghouse.com\/es\/?p=1692"},"modified":"2023-11-27T15:13:52","modified_gmt":"2023-11-27T19:13:52","slug":"guatemala","status":"publish","type":"post","link":"https:\/\/msme-clearinghouse.com\/es\/guatemala\/","title":{"rendered":"Guatemala"},"content":{"rendered":"\n<h3 class=\"wp-block-heading\">Marco legal:<\/h3>\n\n\n\n<ul class=\"wp-block-list\">\n<li><strong>Arancel del registro Mercantil<\/strong><br>(Acuerdos Gubernativos:)\n<ul class=\"wp-block-list\">\n<li><a href=\"https:\/\/sice.oas.org\/SME_CH\/GTM\/Acuerdo_Gubernativo_207_93_s.pdf\" target=\"_blank\" rel=\"noreferrer noopener\"><strong>No. 207-93<\/strong><\/a>  <i class=\"far fa-file-pdf\"><\/i> reformado por<\/li>\n\n\n\n<li><strong><a href=\"https:\/\/sice.oas.org\/SME_CH\/GTM\/Acuerdo_Gubernativo_08_2018_s.pdf\" target=\"_blank\" rel=\"noreferrer noopener\">No. 08-2018<\/a><\/strong>  <i class=\"far fa-file-pdf\"><\/i><\/li>\n<\/ul>\n<\/li>\n\n\n\n<li><strong>Constituci\u00f3n Politica de la Rep\u00fablica de Guatemala<\/strong>  <i class=\"far fa-file-pdf\"><\/i><br>(Art\u00edculos 2 y 119)<\/li>\n\n\n\n<li><strong>Ley del Organismo Ejecutivo y su Reglamento<\/strong>\n<ul class=\"wp-block-list\">\n<li><strong><a href=\"https:\/\/sice.oas.org\/SME_CH\/GTM\/GTM_Constitucion_s.pdf\" target=\"_blank\" rel=\"noreferrer noopener\">Acuerdo Gubernativo 240-98<\/a> <\/strong> <i class=\"far fa-file-pdf\"><\/i> y sus reformas<\/li>\n\n\n\n<li><strong><a href=\"https:\/\/sice.oas.org\/SME_CH\/GTM\/Decreto_114_1997_s.pdf\" target=\"_blank\" rel=\"noreferrer noopener\">Decreto 114-97, Art\u00edculo 32<\/a><\/strong>  <i class=\"far fa-file-pdf\"><\/i> )<\/li>\n<\/ul>\n<\/li>\n\n\n\n<li><strong>Reforma de Ley de Bancos y Grupos Financieros, en lo relativo al sistema de informaci\u00f3n de riesgos<\/strong> <br><strong><a href=\"https:\/\/sice.oas.org\/SME_CH\/GTM\/Iniciativa_5082_s.pdf\" target=\"_blank\" rel=\"noreferrer noopener\">(Iniciativa 5082)<\/a> <\/strong> <i class=\"far fa-file-pdf\"><\/i><\/li>\n\n\n\n<li><strong>Reformas a la Ley General de Cooperativas<\/strong> <br><strong><a href=\"https:\/\/sice.oas.org\/SME_CH\/GTM\/Decreto%2082_78_s.pdf\" target=\"_blank\" rel=\"noreferrer noopener\">(Decreto 82-78)<\/a><\/strong>  <i class=\"far fa-file-pdf\"><\/i><\/li>\n\n\n\n<li><strong>Creaci\u00f3n del Programa Nacional de Competitividad PRONACOM<\/strong><br>(Acuerdos Gubernativos:)\n<ul class=\"wp-block-list\">\n<li><strong><a href=\"https:\/\/sice.oas.org\/SME_CH\/GTM\/Acuerdo_Gubernativo_306_2004_s.pdf\" target=\"_blank\" rel=\"noreferrer noopener\">No. 306-2004<\/a><\/strong>  <i class=\"far fa-file-pdf\"><\/i> y sus reformas,<\/li>\n\n\n\n<li><strong><a href=\"https:\/\/sice.oas.org\/SME_CH\/GTM\/Acuerdo_Gubernativo_21_2008_s.pdf\" target=\"_blank\" rel=\"noreferrer noopener\">No. 21-2008<\/a><\/strong>  <i class=\"far fa-file-pdf\"><\/i><\/li>\n\n\n\n<li><strong><a href=\"https:\/\/sice.oas.org\/SME_CH\/GTM\/Acuerdo_Gubernativo_39_2016_s.pdf\" target=\"_blank\" rel=\"noreferrer noopener\">No.39-2016<\/a><\/strong>  <i class=\"far fa-file-pdf\"><\/i><\/li>\n<\/ul>\n<\/li>\n\n\n\n<li><strong>Ley del Sistema Nacional de Calidad<\/strong><br><strong><a href=\"https:\/\/sice.oas.org\/SME_CH\/GTM\/Decreto_78_2005_s.pdf\" target=\"_blank\" rel=\"noreferrer noopener\">(Decreto 78-2005)<\/a><\/strong>  <i class=\"far fa-file-pdf\"><\/i><\/li>\n\n\n\n<li><strong>Ley Marco para la Defensa y Protecci\u00f3n del Consumidor<\/strong>\u00a0<br><strong><a href=\"https:\/\/sice.oas.org\/SME_CH\/GTM\/Iniciativa_5082_s.pdf\" target=\"_blank\" rel=\"noreferrer noopener\">(Iniciativa 5082)<\/a><\/strong>  <i class=\"far fa-file-pdf\"><\/i><\/li>\n\n\n\n<li><strong>Ley para el fomento y desarrollo de la MIPYME<\/strong>\u00a0<br><strong><a href=\"https:\/\/sice.oas.org\/SME_CH\/GTM\/Iniciativa_5530_s.pdf\" target=\"_blank\" rel=\"noreferrer noopener\">(Iniciativa 5530)<\/a><\/strong>  <i class=\"far fa-file-pdf\"><\/i><\/li>\n\n\n\n<li><strong>Creaci\u00f3n del Consejo Nacional para el fortalecimiento de MIPYME y sus modificaciones<\/strong><br>(Acuerdos Gubernativos:)\n<ul class=\"wp-block-list\">\n<li>No. 213-87<\/li>\n\n\n\n<li><strong><a href=\"https:\/\/sice.oas.org\/SME_CH\/GTM\/Acuerdo_Gubernativo_253_94_s.pdf\" target=\"_blank\" rel=\"noreferrer noopener\">No. 253-94<\/a><\/strong>  <i class=\"far fa-file-pdf\"><\/i><\/li>\n\n\n\n<li>No. 673-97<\/li>\n\n\n\n<li><strong><a href=\"https:\/\/sice.oas.org\/SME_CH\/GTM\/Acuerdo_Gubernativo_178_2001_s.pdf\" target=\"_blank\" rel=\"noreferrer noopener\">No. 178-2001 <\/a><\/strong> <i class=\"far fa-file-pdf\"><\/i><\/li>\n<\/ul>\n<\/li>\n\n\n\n<li><strong>Reglamento para Otorgamiento de Cr\u00e9dito Directo a la Peque\u00f1a y Mediana Empresa<\/strong>&nbsp;<br>(Resoluci\u00f3n CN-R-10-2019)<\/li>\n\n\n\n<li><strong>Ley de Arrendamiento Financiero<\/strong>\u00a0<br><strong><a href=\"https:\/\/sice.oas.org\/SME_CH\/GTM\/Iniciativa_4896_Ley_Leasing_s.pdf\" target=\"_blank\" rel=\"noreferrer noopener\">(Iniciativa 4896)<\/a><\/strong>  <i class=\"far fa-file-pdf\"><\/i><\/li>\n\n\n\n<li><strong>Ley de Fortalecimiento al Emprendimiento<\/strong><br><strong><a href=\"https:\/\/sice.oas.org\/SME_CH\/GTM\/Decreto_20_2018_s.pdf\" target=\"_blank\" rel=\"noreferrer noopener\">(Decreto 20-2018)<\/a><\/strong>  <i class=\"far fa-file-pdf\"><\/i><\/li>\n\n\n\n<li><strong>Reglamento de la Ley de Fortalecimiento al Emprendimiento<\/strong><br><strong><a href=\"https:\/\/sice.oas.org\/SME_CH\/GTM\/Acuerdo_Gubernativo_049_2019_s.pdf\" target=\"_blank\" rel=\"noreferrer noopener\">(Acuerdo Gubernativo 49-2019)<\/a><\/strong>  <i class=\"far fa-file-pdf\"><\/i><\/li>\n\n\n\n<li><strong>Normativo para la conformaci\u00f3n de La Red Nacional de Emprendimiento<\/strong><br>(Acuerdo Ministerial 758-2019)<\/li>\n\n\n\n<li><strong>Ley De Entidades De Microfinanzas Y De Entes De Microfinanzas Sin Fines De Lucro<\/strong><br><strong><a href=\"https:\/\/sice.oas.org\/SME_CH\/GTM\/Decreto_25_2016_s.pdf\" target=\"_blank\" rel=\"noreferrer noopener\">(Decreto 25-2016)<\/a><\/strong>  <i class=\"far fa-file-pdf\"><\/i><\/li>\n\n\n\n<li><strong>Reglamento Que Establece Las Disposiciones Para El Funcionamiento Del Registro De Entes De Microfinanzas Sin Fines De Lucro, Requisitos Que Deben Cumplir Los Entes Para Su Registro, Cancelaci\u00f3n Y R\u00e9gimen Sancionatorio<\/strong><br><strong><a href=\"https:\/\/sice.oas.org\/SME_CH\/GTM\/Acuerdo_Ministerial_535_2019_s.pdf\" target=\"_blank\" rel=\"noreferrer noopener\">(Acuerdo Ministerial No. 535-2019)<\/a><\/strong>  <i class=\"far fa-file-pdf\"><\/i><\/li>\n\n\n\n<li><strong>Reglamento Org\u00e1nico Interno Ministerio de Economia<\/strong><br><strong><a href=\"https:\/\/sice.oas.org\/SME_CH\/GTM\/Acuerdo_Gubernativo_170_2015_s.pdf\" target=\"_blank\" rel=\"noreferrer noopener\">(Acuerdo Gubernativo 170- 2015)<\/a><\/strong>  <i class=\"far fa-file-pdf\"><\/i><\/li>\n\n\n\n<li><strong>Ley de Garantias Mobiliarias y sus Reformas<\/strong><br>(Decretos:)\n<ul class=\"wp-block-list\">\n<li><strong><a href=\"https:\/\/sice.oas.org\/SME_CH\/GTM\/Decreto_51_2007_s.pdf\" target=\"_blank\" rel=\"noreferrer noopener\">No. 51-2007<\/a><\/strong>  <i class=\"far fa-file-pdf\"><\/i><\/li>\n\n\n\n<li><strong><a href=\"https:\/\/sice.oas.org\/SME_CH\/GTM\/Decreto_46_2008_s.pdf\" target=\"_blank\" rel=\"noreferrer noopener\">No. 46-2008<\/a><\/strong>  <i class=\"far fa-file-pdf\"><\/i><\/li>\n\n\n\n<li><strong><a href=\"https:\/\/sice.oas.org\/SME_CH\/GTM\/Decreto_04_2018_s.pdf\" target=\"_blank\" rel=\"noreferrer noopener\">No. 04-2018<\/a><\/strong>  <i class=\"far fa-file-pdf\"><\/i><br>y su Reglamento Acuerdo Gubernativo 386-2008<\/li>\n<\/ul>\n<\/li>\n\n\n\n<li><a href=\"https:\/\/www.rgm.gob.gt\/\" target=\"_blank\" rel=\"noreferrer noopener\"><strong>Modificaci\u00f3n al Reglamento de Garantias Mobiliarias (incluyendo Ley de Factoraje)<\/strong><\/a> <i class=\"fas fa-up-right-from-square\"><\/i><br><strong><a href=\"https:\/\/sice.oas.org\/SME_CH\/GTM\/Decreto_51_2007_s.pdf\" target=\"_blank\" rel=\"noreferrer noopener\">(Decreto 51-2007)<\/a><\/strong>  <i class=\"far fa-file-pdf\"><\/i><\/li>\n\n\n\n<li><strong>Anteproyecto de Ley de Bur\u00f3s de Cr\u00e9dito<\/strong><\/li>\n<\/ul>\n\n\n\n<h3 class=\"wp-block-heading\">Pol\u00edticas:<\/h3>\n\n\n\n<ul class=\"wp-block-list\">\n<li><strong><a href=\"https:\/\/sice.oas.org\/SME_CH\/GTM\/PNED_2017_2032_s.pdf\" target=\"_blank\" rel=\"noreferrer noopener\">Pol\u00edtica Nacional de Empleo Digno<\/a><\/strong>  <i class=\"far fa-file-pdf\"><\/i>\n<ul class=\"wp-block-list\">\n<li>Instituciones beneficiadas con estrategias para la competitividad territorial.<\/li>\n\n\n\n<li>Instituciones beneficiadas con la implementaci\u00f3n de un sistema marco de productividad v competitividad para beneficio de sectores productivos<\/li>\n<\/ul>\n<\/li>\n\n\n\n<li><a rel=\"noreferrer noopener\" href=\"https:\/\/www.minfin.gob.gt\/index.php\/acuerdos-ministeriales\/2-uncategorised\/3091-plan-alianza-para-la-prosperidad-del-triangulo-norte-paptn\" target=\"_blank\"><strong>Plan de Alianza para la Prosperidad del Tri\u00e1ngulo Norte<\/strong><\/a> \n<ul class=\"wp-block-list\">\n<li>Apoyo a la dinamizaci\u00f3n del sector productivo, avanzar en la integraci\u00f3n econ\u00f3mica con base en instrumentos jur\u00eddicos del proceso de integraci\u00f3n econ\u00f3mica.<\/li>\n\n\n\n<li>Promover el di\u00e1logo p\u00fablico\/privado en la implementaci\u00f3n y monitoreo del Plan, crear las condiciones para propiciar el acceso al cr\u00e9dito de las micro, peque\u00f1as y medianas empresas.<\/li>\n<\/ul>\n<\/li>\n\n\n\n<li><a rel=\"noreferrer noopener\" href=\"http:\/\/www.inguat.gob.gt\/index.php\/gestion-turistica\/planes-y-politicas-de-desarrollo-turistico\/11-politicas-y-planes\/50-politica-nacional-para-el-desarrollo-turistico-sostenible-de-guatemala-2012-2022\" target=\"_blank\"><strong>Politica Nacional para el Desarrollo Tur\u00edstico Sostenible de Guatemala<\/strong><\/a>\n<ul class=\"wp-block-list\">\n<li>Instituciones beneficiadas con programas de productividad, innovaci\u00f3n y servicios de desarrollo empresarial.<\/li>\n\n\n\n<li>Instituciones beneficiadas con estrategias para la competitividad territorial.<\/li>\n\n\n\n<li>Instituciones beneficiadas con la implementaci\u00f3n de un sistema marco de productividad y competitividad para beneficio de sectores productivos.<\/li>\n\n\n\n<li>Instituciones asesoradas para la Atracci\u00f3n de Inversion Extranjera Directa al pa\u00eds.<\/li>\n<\/ul>\n<\/li>\n\n\n\n<li><strong><a href=\"https:\/\/sice.oas.org\/SME_CH\/GTM\/Politica_Convivencia_Eliminacion_Racismo_s.pdf\" target=\"_blank\" rel=\"noreferrer noopener\">Pol\u00edtica P\u00fablica para la Convivencia y la Eliminaci\u00f3n del Racismo y la Discriminaci\u00f3n Racial<\/a><\/strong>   <i class=\"far fa-file-pdf\"><\/i>\n<ul class=\"wp-block-list\">\n<li>Usuarios \/usuarias beneficiados con capacitaciones y asesorias en perspectiva de g\u00e9nero y pueblos indigenas.<\/li>\n\n\n\n<li>Personas individuales beneficiadas con servicios de registro de garantias mobiliarias.<\/li>\n\n\n\n<li>Personas capacitadas e informadas sabre pol\u00edtica y fomento de la cultura por la competencia.<\/li>\n\n\n\n<li>Micros, Peque\u00f1os y Medianos Empresarios beneficiados con asistencia tecnica en servicios de desarrollo empresarial.<\/li>\n\n\n\n<li>Mujeres empresarias capacitadas y con asistencia t\u00e9cnica en servicios de desarrollo empresarial.<\/li>\n\n\n\n<li>Artesanos capacitados en producci\u00f3n y comercializaci\u00f3n artesanal.<\/li>\n\n\n\n<li>Consumidores y usuarios capacitados sobre derechos y obligaciones.<\/li>\n\n\n\n<li>Consumidores y usuarios beneficiados con servicios de atenci\u00f3n y resoluci\u00f3n de quejas.<\/li>\n<\/ul>\n<\/li>\n\n\n\n<li><strong><a href=\"https:\/\/sice.oas.org\/SME_CH\/GTM\/Politica_Promocion_desarrollo_Mujeres_2008_2023_s.pdf\" target=\"_blank\" rel=\"noreferrer noopener\">Politica Nacional de Promoci\u00f3n y Desarrollo Integral de las Mujeres y Plan de Equidad de Oportunidades 2008- 2023<\/a><\/strong>   <i class=\"far fa-file-pdf\"><\/i>\n<ul class=\"wp-block-list\">\n<li>Usuarios \/usuarias beneficiados con capacitaciones y asesorias en perspectiva de g\u00e9nero y pueblos indigenas.<\/li>\n\n\n\n<li>Consumidores y usuarios beneficiados con servicios de atenci\u00f3n y resoluci\u00f3n de quejas.<\/li>\n\n\n\n<li>Consumidores y usuarios capacitados sabre derechos y obligaciones.<\/li>\n\n\n\n<li>Artesanos capacitados en producci\u00f3n y cornercializaci\u00f3n artesanal.<\/li>\n\n\n\n<li>Mujeres empresarias capacitadas y con asistencia t\u00e9cnica en servicios de desarrollo empresarial.<\/li>\n\n\n\n<li>Micros, Peque\u00f1os y Medianos Empresarios beneficiados con asistencia t\u00e9cnica en servicios de desarrollo empresarial.<\/li>\n\n\n\n<li>Personas capacitadas e informadas sobre pol\u00edtica y fomento de la cultura por la competencia.<\/li>\n\n\n\n<li>Personas individuales beneficiadas con servicios de registro de garantias mobiliaria.<\/li>\n<\/ul>\n<\/li>\n\n\n\n<li><strong>Politica de Seguridad Alimentaria y Nutricional<\/strong>\n<ul class=\"wp-block-list\">\n<li><strong><a href=\"https:\/\/sice.oas.org\/SME_CH\/GTM\/Ley_de_SAN_s.pdf\" target=\"_blank\" rel=\"noreferrer noopener\">Ley de SAN<\/a><\/strong>  <i class=\"far fa-file-pdf\"><\/i><\/li>\n\n\n\n<li><strong><a href=\"https:\/\/sice.oas.org\/SME_CH\/GTM\/Politica_de_SAN_s.pdf\" target=\"_blank\" rel=\"noreferrer noopener\">Pol\u00edtica de SAN<\/a><\/strong>  <i class=\"far fa-file-pdf\"><\/i><\/li>\n\n\n\n<li>Artesanos capacitados en producci\u00f3n y comercializaci\u00f3n artesanal<\/li>\n\n\n\n<li>Organizaciones de artesanos incorporados al sector formal.<\/li>\n<\/ul>\n<\/li>\n<\/ul>\n\n\n\n<p><\/p>\n\n\n\n<ul class=\"wp-block-list\">\n<li><strong><a href=\"https:\/\/conjuve.gob.gt\/?p=4945\" target=\"_blank\" rel=\"noreferrer noopener\">Pol\u00edtica Nacional de Juventud<\/a><\/strong> <i class=\"fas fa-up-right-from-square\"><\/i><br><strong><a href=\"https:\/\/sice.oas.org\/SME_CH\/GTM\/pnj_s.pdf\" target=\"_blank\" rel=\"noreferrer noopener\">Pol\u00edtica Nacional de Juventud 2012-2020<\/a><\/strong>  <i class=\"far fa-file-pdf\"><\/i>\n<ul class=\"wp-block-list\">\n<li>Micros, Peque\u00f1os y Medianos empresarios con servicios t\u00e9ecnicos y financieros para el fomento de proyectos emprendedores.<\/li>\n<\/ul>\n<\/li>\n\n\n\n<li><strong><a href=\"https:\/\/sice.oas.org\/SME_CH\/GTM\/Politica_Chixoy_s.pdf\" target=\"_blank\" rel=\"noreferrer noopener\">Pol\u00edtica de Reparaci\u00f3n a las Comunidades afectadas por la Construcci\u00f3n de la Hidroel\u00e9ctrica Chixoy<\/a><\/strong>  <i class=\"far fa-file-pdf\"><\/i>\n<ul class=\"wp-block-list\">\n<li>Artesanos capacitados en producci\u00f3n y comercializaci\u00f3n artesanal<\/li>\n\n\n\n<li>Organizaciones de artesanos incorporados al sector formal.<\/li>\n\n\n\n<li>Micros, Peque\u00f1os y Medianos Empresarios beneficiados con asistencia t\u00e9cnica en servicios de desarrollo empresarial.<\/li>\n\n\n\n<li>Micros, Peque\u00f1os y Medianos empresarios con servicios t\u00e9cnicos y financieros para el fomento de proyectos emprendedores.<\/li>\n<\/ul>\n<\/li>\n\n\n\n<li><strong>Politica Nacional del Emprendimiento &#8216;Guatemala Emprende&#8217;<\/strong><br><strong><a href=\"https:\/\/sice.oas.org\/SME_CH\/GTM\/Guatemala_Emprende_s.pdf\" target=\"_blank\" rel=\"noreferrer noopener\">Guatemala Emprende<\/a><\/strong>  <i class=\"far fa-file-pdf\"><\/i>\n<ul class=\"wp-block-list\">\n<li>Personas individuales y juridicas beneficiadas con servicios de registro de patentes comerciales y titulos de propiedad intelectual.<\/li>\n\n\n\n<li>Micros, peque\u00f1as y medianas empresas beneficiadas con servicios de asistencia t\u00e9cnica y financiera.<\/li>\n\n\n\n<li>Consumidores beneficiados con servicios de asistencia, protecci\u00f3n y educaci\u00f3n sobre sus derechos y obligaciones.<\/li>\n<\/ul>\n<\/li>\n<\/ul>\n\n\n\n<p><\/p>\n\n\n\n<h3 class=\"wp-block-heading\">Iniciativas nacionales para apoyar el sector MIPYME:<\/h3>\n\n\n\n<ul class=\"wp-block-list\">\n<li><a rel=\"noreferrer noopener\" href=\"https:\/\/www.mineco.gob.gt\/servicios-financieros\" target=\"_blank\"><strong>Unidad de Servicios Financieros<\/strong><\/a> <i class=\"fas fa-up-right-from-square\"><\/i><br>La Direcci\u00f3n de Servicios Financieros Empresariales tiene como objetivo aumentar la competitividad del sector MIPYME promoviendo el acceso a fuentes financiamiento por medio de Entidades de Servicios financieros que tienen cobertura en las \u00e1reas urbanas y rurales a nivel nacional. Los servicios que se prestan a la poblaci\u00f3n se dividen en: Operaciones de segundo piso y operaciones de primer piso.&nbsp;<br>\n<ul class=\"wp-block-list\">\n<li>Operaciones de Segundo Piso&nbsp;<br>Son financiamientos otorgados a Entidades de Servicios Financieros especializadas en el sector de las microfinanzas, con recurses del Fideicomiso \u00abFondo de Desarrollo de la Microempresa, Peque\u00f1a y Mediana Empresa\u00bb, constituido en el Banco de los Trabajadores en condiciones financieras competitivas, tales como: a) tasa de interes baja sobre saldos; b} garantfas no tradicionales, c) periodo de gracia para el pago de capital, entre otras.<\/li>\n\n\n\n<li>Operaciones de primer piso.&nbsp;<br>Son cr\u00e9ditos o prestamos que las entidades de servicios financieros otorgan al sector MIPYME, con recurses del fideicomiso \u00abFondo de Desarrollo de la Microempresa, Peque\u00f1a y Mediana Empresa\u00bb, que se dedican a las actividades de: Comercio, artesan\u00eda, industria, agroindustria y servicios; en condiciones financieras competitivas, para promover su crecimiento, contribuir a disminuir los niveles de pobreza, generar ingresos productivos y el mejorar la calidad de vida de la poblaci\u00f3n vinculada al sector MIPYME.<\/li>\n<\/ul>\n<\/li>\n\n\n\n<li><a rel=\"noreferrer noopener\" href=\"https:\/\/www.mineco.gob.gt\/servicios-de-desarrollo-empresarial\" target=\"_blank\"><strong>Unidad de Servicios de Desarrollo Empresarial<\/strong><\/a> <i class=\"fas fa-up-right-from-square\"><\/i><br>El Viceministerio de desarrollo de la microempresa, peque\u00f1a y mediana empresa como ente encargado de gestionar las pol\u00edticas y estrategias que faciliten el desarrollo competitive del sector MIPYME, a trav\u00e9s de la Direcci\u00f3n de Programa Nacional de la MIPYME, tiene la visi\u00f3n de coordinar el desarrollo competitivo de la micro, peque\u00f1a y mediana empresa contribuyendo al crecimiento y sostenibilidad de la Mipymes, de manera gradual y formal, favoreciendo la generaci\u00f3n de empleo y reduccion de la pobreza. Como misi\u00f3n facilitar el acceso a fuentes de financiamiento y servicios de desarrollo empresarial para aumentar la productividad y competitividad del sector MIPYME.&nbsp;<br><br>La unidad de Servicios de Desarrollo Empresarial, para cumplir con el objetivo de promover el crecimiento econ\u00f3mico sostenido, inclusivo y sostenible, el empleo pleno y productive y el trabajo decente para todos, lo realiza a trav\u00e9s de actividades orientadas a fortalecer las capacidades competitivas de los empresarios como: capacitaciones, transferencias de metodologias en emprendimiento, servicios que incentivan la asociatividad y la formalizaci\u00f3n, fortalecimiento de cadenas de valor y transformaci\u00f3n productiva, ferias y encuentros comerciales, vinculaci\u00f3n &#8211; alianzas; espacios de networking, coworking, entre otros.&nbsp;<br><br>Promueve la Dinamizaci\u00f3n Econ\u00f3mica Local, a trav\u00e9s de los asesores de dinamizaci\u00f3n econ\u00f3mica (delegados en sedes), ellos tienen la responsabilidad de atender las necesidades de apoyo para la MIPYME en el interior de la rep\u00fablica, implementar planes, programas y proyectos en apoyo al sector, mantener contacto con instituciones gubernamentales y no gubernamentales, organismos de cooperaci\u00f3n. Dentro de sus funciones est\u00e1n la participaci\u00f3n en mesas t\u00e9cnicas, articulaci\u00f3n estrat\u00e9gica, ferias y encuentros comerciales, asistencia t\u00e9cnica, capacitaciones grupales, entre otros. Promueven los servicios que brinda el Viceministerio de Desarrollo de la microempresa, peque\u00f1a y mediana empresa, en los diferentes departamentos del pa\u00eds.\n<ul class=\"wp-block-list\">\n<li><strong><a rel=\"noreferrer noopener\" href=\"https:\/\/www.mineco.gob.gt\/centros-de-emprendimiento\" target=\"_blank\">Emprendimiento<\/a><\/strong> <i class=\"fas fa-up-right-from-square\"><\/i><br>Hombre y mujeres guatemaltecos con visi\u00f3n emprendedora, cuyo objetivo sea crear emprendimiento con potencial din\u00e1mico e innovador que generen crecimiento econ\u00f3mico.<\/li>\n\n\n\n<li><strong>Dinamizaci\u00f3n Econ\u00f3mica Local<\/strong>&nbsp;<br>Empresa Mipyme individual o grupo, con al menos un a\u00f1o de operaci\u00f3n en el mercado.<\/li>\n\n\n\n<li><strong><a rel=\"noreferrer noopener\" href=\"https:\/\/www.mineco.gob.gt\/mipyme-proveedora-del-estado\" target=\"_blank\">Mipymes Proveedora del Estado<\/a><\/strong> <i class=\"fas fa-up-right-from-square\"><\/i><br>Empresarios interesados en venderle al estado y empresas interesadas en capacitarse en servicios de desarrollo empresarial.<\/li>\n\n\n\n<li><strong>PROMIPYMES<\/strong>&nbsp;<br><a rel=\"noreferrer noopener\" href=\"https:\/\/www.mineco.gob.gt\/promipyme\" target=\"_blank\">MINECO &#8211; PROMIPYME<\/a> <i class=\"fas fa-up-right-from-square\"><\/i><br><a rel=\"noreferrer noopener\" href=\"https:\/\/www.mineco.gob.gt\/desarrollo-de-la-mipyme\" target=\"_blank\">MINECO &#8211; Desarrollo de la MIPYME<\/a> <i class=\"fas fa-up-right-from-square\"><\/i><br>Empresas Mipyme individual o grupo con al menos un a\u00f1o de operaci\u00f3n en el mercado, con necesidad de fortalecimiento en servicias de desarrolla empresarial.<\/li>\n\n\n\n<li><strong><a rel=\"noreferrer noopener\" href=\"https:\/\/www.mineco.gob.gt\/ministerio-de-econom%C3%ADa-presenta-programa-de-desarrollo-local-mi-pueblo-mi-producto\" target=\"_blank\">Mi Puebo Mi Producto<\/a><\/strong> <i class=\"fas fa-up-right-from-square\"><\/i><br>Comites Mi Pueblo Mi Producto, formados por empresas MIPYMES interesadas en el desarrollo econ\u00f3mico local, basado en turismo como infraestructura sobre la cual se pramueve las bienes culturales tangibles e intangibles del terrltorio entre ellos: gastronomia, artesan\u00edas como experiencias vivenciales.<\/li>\n<\/ul>\n<\/li>\n\n\n\n<li><strong>Proyecto Mujer y Programa Tejiendo Alimentos<\/strong>&nbsp;&nbsp;<br><a rel=\"noreferrer noopener\" href=\"http:\/\/www.sosep.gob.gt\/?page_id=783#\" target=\"_blank\">Ciudad Mujer &#8211; SOSEP<\/a> <i class=\"fas fa-up-right-from-square\"><\/i><br><a rel=\"noreferrer noopener\" href=\"https:\/\/www.guatemala.gob.gt\/programa-tejiendo-alimentos-sigue-fortaleciendo-la-innovacion-y-productividad\/\" target=\"_blank\">MINECO &#8211; Programa Tejiendo Alimentos sigue fortaleciendo la innovaci\u00f3n y productividad<\/a> <i class=\"fas fa-up-right-from-square\"><\/i><br>Mujeres rurales indigenas y mestizas de comunidades de municipios con habilidades artesanales con altos indices de inseguridad y pobreza.<\/li>\n\n\n\n<li><strong>Programa de Apoyo a la Mejora de la Competitividad y Capacidad Comercial de Mipymes y Cooperativa<\/strong>&nbsp;<br><a rel=\"noreferrer noopener\" href=\"https:\/\/www.pronacom.org\/\" target=\"_blank\">PRONACOM<\/a> <i class=\"fas fa-up-right-from-square\"><\/i><br><a rel=\"noreferrer noopener\" href=\"https:\/\/programamipymesycooperativas.gob.gt\/\" target=\"_blank\">Programa Mipymes y Cooperativas<\/a> <i class=\"fas fa-up-right-from-square\"><\/i><br>Instituciones p\u00fablico (<a rel=\"noreferrer noopener\" href=\"https:\/\/www.mineco.gob.gt\/\" target=\"_blank\">MINECO<\/a>,&nbsp;<a rel=\"noreferrer noopener\" href=\"https:\/\/www.maga.gob.gt\/\" target=\"_blank\">MAGA<\/a>,&nbsp;<a rel=\"noreferrer noopener\" href=\"https:\/\/www.mspas.gob.gt\/\" target=\"_blank\">MSPAS<\/a>,&nbsp;<a rel=\"noreferrer noopener\" href=\"https:\/\/www.inacop.gob.gt\/\" target=\"_blank\">INACOP<\/a>&nbsp;Y&nbsp;<a rel=\"noreferrer noopener\" href=\"https:\/\/ingecop.gob.gt\/\" target=\"_blank\">INGECOP<\/a>) y privadas directamente a Mipymes y Cooperativas (<a rel=\"noreferrer noopener\" href=\"https:\/\/latin.weeffect.org\/\" target=\"_blank\">WE ,EFFECT<\/a>,&nbsp;<a rel=\"noreferrer noopener\" href=\"http:\/\/export.com.gt\/\" target=\"_blank\">AGEXPORT<\/a>,&nbsp;<a rel=\"noreferrer noopener\" href=\"https:\/\/acofop.org\/\" target=\"_blank\">ACOFOP<\/a>,&nbsp;<a rel=\"noreferrer noopener\" href=\"http:\/\/asocuch.com\/index.html\" target=\"_blank\">ASOCUCH<\/a>,&nbsp;<a rel=\"noreferrer noopener\" href=\"https:\/\/acodihue.com\/\" target=\"_blank\">ACODIHUE<\/a>,&nbsp;<a rel=\"noreferrer noopener\" href=\"https:\/\/www.fundap.com.gt\/\" target=\"_blank\">FUNDAP<\/a>&nbsp;y&nbsp;<a rel=\"noreferrer noopener\" href=\"https:\/\/www.confartigianatovicenza.it\/\" target=\"_blank\">Confartiginato Vicenza Associaziane<\/a>. <i class=\"fas fa-up-right-from-square\"><\/i><\/li>\n<\/ul>\n\n\n\n<p><\/p>\n","protected":false},"excerpt":{"rendered":"<p>Marco legal: Pol\u00edticas: Iniciativas nacionales para apoyar el sector MIPYME:<\/p>\n","protected":false},"author":1,"featured_media":0,"comment_status":"closed","ping_status":"closed","sticky":false,"template":"","format":"standard","meta":{"iawp_total_views":12,"footnotes":""},"categories":[1],"tags":[104],"class_list":["post-1692","post","type-post","status-publish","format-standard","hentry","category-countries","tag-guatemala"],"_links":{"self":[{"href":"https:\/\/msme-clearinghouse.com\/es\/wp-json\/wp\/v2\/posts\/1692","targetHints":{"allow":["GET"]}}],"collection":[{"href":"https:\/\/msme-clearinghouse.com\/es\/wp-json\/wp\/v2\/posts"}],"about":[{"href":"https:\/\/msme-clearinghouse.com\/es\/wp-json\/wp\/v2\/types\/post"}],"author":[{"embeddable":true,"href":"https:\/\/msme-clearinghouse.com\/es\/wp-json\/wp\/v2\/users\/1"}],"replies":[{"embeddable":true,"href":"https:\/\/msme-clearinghouse.com\/es\/wp-json\/wp\/v2\/comments?post=1692"}],"version-history":[{"count":14,"href":"https:\/\/msme-clearinghouse.com\/es\/wp-json\/wp\/v2\/posts\/1692\/revisions"}],"predecessor-version":[{"id":2857,"href":"https:\/\/msme-clearinghouse.com\/es\/wp-json\/wp\/v2\/posts\/1692\/revisions\/2857"}],"wp:attachment":[{"href":"https:\/\/msme-clearinghouse.com\/es\/wp-json\/wp\/v2\/media?parent=1692"}],"wp:term":[{"taxonomy":"category","embeddable":true,"href":"https:\/\/msme-clearinghouse.com\/es\/wp-json\/wp\/v2\/categories?post=1692"},{"taxonomy":"post_tag","embeddable":true,"href":"https:\/\/msme-clearinghouse.com\/es\/wp-json\/wp\/v2\/tags?post=1692"}],"curies":[{"name":"wp","href":"https:\/\/api.w.org\/{rel}","templated":true}]}}