{"id":1719,"date":"2023-07-24T20:12:57","date_gmt":"2023-07-24T20:12:57","guid":{"rendered":"https:\/\/msme-clearinghouse.com\/es\/?p=1719"},"modified":"2023-11-21T14:58:52","modified_gmt":"2023-11-21T18:58:52","slug":"uruguay","status":"publish","type":"post","link":"https:\/\/msme-clearinghouse.com\/es\/uruguay\/","title":{"rendered":"Uruguay"},"content":{"rendered":"\n<h3 class=\"wp-block-heading\">Marco legal:<\/h3>\n\n\n\n<ul class=\"wp-block-list\">\n<li><strong><a href=\"http:\/\/sice.oas.org\/SME_CH\/URY\/Ley_18362_Arts_43_44_s.pdf\" target=\"_blank\" rel=\"noreferrer noopener\">Decreto 504\/2007<\/a><\/strong> <i class=\"far fa-file-pdf\"><\/i><br>Establece los criterios de categorizaci\u00f3n para las micro, peque\u00f1as y medianas empresas, seg\u00fan personal ocupado e ingresos<\/li>\n\n\n\n<li><strong><a href=\"http:\/\/sice.oas.org\/SME_CH\/URY\/Ley_18362_Arts_43_44_s.pdf\" target=\"_blank\" rel=\"noreferrer noopener\">Ley 18.362, art\u00edculos 43 y 44<\/a><\/strong> <i class=\"far fa-file-pdf\"><\/i><br>Crea el Sub-programa de Compras P\u00fablicas para el Desarrollo de las micro, peque\u00f1as y medianas empresas<\/li>\n\n\n\n<li><strong><a href=\"http:\/\/sice.oas.org\/SME_CH\/URY\/Decreto_No_371_010_s.pdf\" target=\"_blank\" rel=\"noreferrer noopener\">Decretos 371\/2010<\/a> <i class=\"far fa-file-pdf\"><\/i><\/strong> <strong>y <a href=\"http:\/\/sice.oas.org\/SME_CH\/URY\/Decreto_No_164_013_s.pdf\" target=\"_blank\" rel=\"noreferrer noopener\">164\/2013*<\/a><\/strong> <i class=\"far fa-file-pdf\"><\/i><br>Reglamentan el sub-programa de compras p\u00fablicas para el desarrollo de las MIPYMEs as\u00ed como fija criterios sobre la calificaci\u00f3n nacional de bienes en uso del r\u00e9gimen previsto\u00a0<br>* <a href=\"http:\/\/sice.oas.org\/SME_CH\/URY\/nota_aclaratoria_sobre_empresas_relacionadas_s.pdf\" target=\"_blank\" rel=\"noreferrer noopener\">Nota aclaratoria sobre empresas relacionadas<\/a> <i class=\"far fa-file-pdf\"><\/i><\/li>\n\n\n\n<li><strong><a href=\"http:\/\/sice.oas.org\/SME_CH\/URY\/decreto_365_009_s.pdf\" target=\"_blank\" rel=\"noreferrer noopener\">Decreto 365\/009<\/a><\/strong> <i class=\"far fa-file-pdf\"><\/i><br>Regula el Monotributo<\/li>\n\n\n\n<li><strong><a href=\"http:\/\/sice.oas.org\/SME_CH\/URY\/reglamentacion_ley_17_581_s.pdf\" target=\"_blank\" rel=\"noreferrer noopener\">Decreto reglamentario de ley N\u00ba17.581<\/a><\/strong> <i class=\"far fa-file-pdf\"><\/i><br>Establece la creaci\u00f3n en la \u00f3rbita del Ministerio de Industria, Energ\u00eda y Miner\u00eda de 4 programas destinados a peque\u00f1as y medianas empresas<\/li>\n\n\n\n<li><strong><a href=\"http:\/\/sice.oas.org\/SME_CH\/URY\/decreto_dia_de_la_pyme_s.pdf\">Decreto D\u00eda d<\/a><a href=\"http:\/\/sice.oas.org\/SME_CH\/URY\/decreto_dia_de_la_pyme_s.pdf\" target=\"_blank\" rel=\"noreferrer noopener\">e<\/a><a href=\"http:\/\/sice.oas.org\/SME_CH\/URY\/decreto_dia_de_la_pyme_s.pdf\"> la Pyme<\/a><\/strong> <i class=\"far fa-file-pdf\"><\/i><br>Se declara D\u00eda Nacional de las Micro, Peque\u00f1as y Medianas Empresas, el d\u00eda 13 de agosto de cada a\u00f1o<\/li>\n\n\n\n<li><strong><a href=\"http:\/\/sice.oas.org\/SME_CH\/URY\/decreto_504_s.pdf\" target=\"_blank\" rel=\"noreferrer noopener\">Decreto 504<\/a><\/strong> <i class=\"far fa-file-pdf\"><\/i><br>Modifica la redacci\u00f3n del art\u00edculo 46 de la Ley 18.362, 6 de octubre de 2008, que modifica la redacci\u00f3n del art\u00edculo 136 de la Ley 18.046 de 24 de octubre de 2006. Categorizaci\u00f3n de micro, peque\u00f1as y medianas empresas. Categorizaci\u00f3n de micro, peque\u00f1as y medianas empresas.<\/li>\n\n\n\n<li><strong><a href=\"http:\/\/sice.oas.org\/SME_CH\/URY\/Decreto_No_294_000_s.pdf\" target=\"_blank\" rel=\"noreferrer noopener\">Decreto 294\/2000<\/a><\/strong> <i class=\"far fa-file-pdf\"><\/i><br>Reglamenta el Cap\u00edtulo V de la Ley N\u00ba 17.243 de 29 de junio de 2000, denominado Facilitaci\u00f3n del Cr\u00e9dito, art\u00edculos 16 y 17<\/li>\n\n\n\n<li><strong><a href=\"http:\/\/sice.oas.org\/SME_CH\/URY\/Decreto_No_54_992_s.pdf\" target=\"_blank\" rel=\"noreferrer noopener\">Decreto 54\/992<\/a><\/strong> <i class=\"far fa-file-pdf\"><\/i><br>Reglamenta la Ley 16.201<br>La Direcci\u00f3n Nacional de Artesan\u00edas, Peque\u00f1as y Medianas Empresas, Unidad Ejecutora del Ministerio de Industria, Energ\u00eda y Miner\u00eda, deber\u00e1 planificar, coordinar y realizar todas las actividades tendientes a la promoci\u00f3n y fomento del desarrollo de las artesan\u00edas y de las micro, peque\u00f1as y medianas empresas nacionales<\/li>\n\n\n\n<li><strong><a href=\"http:\/\/sice.oas.org\/SME_CH\/URY\/ley_no_18_568_s.pdf\" target=\"_blank\" rel=\"noreferrer noopener\">Ley 18.568<\/a><\/strong> <i class=\"far fa-file-pdf\"><\/i><br>Ley por la que se establece un r\u00e9gimen de aportaci\u00f3n gradual de determinados tributos para los contribuyentes de determinadas empresas que inicien actividades<\/li>\n\n\n\n<li><strong><a href=\"http:\/\/sice.oas.org\/SME_CH\/URY\/ley_no_16_201_s.pdf\" target=\"_blank\" rel=\"noreferrer noopener\">Ley N\u00ba 16.201<\/a><\/strong> <i class=\"far fa-file-pdf\"><\/i><br>Declara de inter\u00e9s nacional la promoci\u00f3n desarrollo y tecnificaci\u00f3n de las peque\u00f1as y medianas empresas<\/li>\n\n\n\n<li><strong><a href=\"http:\/\/sice.oas.org\/SME_CH\/URY\/ley_no_17_547_parques_industriales_s.pdf\" target=\"_blank\" rel=\"noreferrer noopener\">Ley N\u00ba 17.547<\/a><\/strong> <i class=\"far fa-file-pdf\"><\/i><br>Normativa para la instalaci\u00f3n de Parques Industriales<\/li>\n\n\n\n<li><strong><a href=\"http:\/\/sice.oas.org\/SME_CH\/URY\/ley_no_17_436_aportes_patronales_de_microempresas_s.pdf\" target=\"_blank\" rel=\"noreferrer noopener\">Ley N\u00ba 17.436<\/a><\/strong> <i class=\"far fa-file-pdf\"><\/i><br>Se promulg\u00f3 la Ley N\u00ba 17.436 por la que se establece un r\u00e9gimen gradual de pago del impuesto creado por el art\u00edculo 642 de la Ley N\u00ba 16.170 de 28 de diciembre de 1990, y de los aportes patronales al BPS para aquellos contribuyentes catalogados como microempresas<\/li>\n\n\n\n<li><strong><a href=\"http:\/\/sice.oas.org\/SME_CH\/URY\/ley_no_16_170_articulos_305_a_309_s.pdf\" target=\"_blank\" rel=\"noreferrer noopener\">Ley 16.170 &#8211; Art\u00edculos 305 a 309<\/a><\/strong> <i class=\"far fa-file-pdf\"><\/i><br>Ley de creaci\u00f3n de la Dinapyme<\/li>\n\n\n\n<li><strong><a rel=\"noreferrer noopener\" href=\"https:\/\/www.impo.com.uy\/bases\/leyes\/18362-2008\" target=\"_blank\">Ley 18.362 &#8211; arts. 43 y 44<\/a><\/strong>  <i class=\"fas fa-up-right-from-square\"><\/i><br>Sub-programa para Compras P\u00fablicas<\/li>\n\n\n\n<li><strong><a rel=\"noreferrer noopener\" href=\"https:\/\/www.impo.com.uy\/bases\/decretos\/371-2010\" target=\"_blank\">Decreto 371\/2010<\/a><\/strong>  <i class=\"fas fa-up-right-from-square\"><\/i><br>Reglamenta sub-programa de compras para MIPYMEs<\/li>\n\n\n\n<li><strong><a rel=\"noreferrer noopener\" href=\"https:\/\/www.impo.com.uy\/bases\/decretos\/164-2013\" target=\"_blank\">Decreto 164\/2013<\/a><\/strong>  <i class=\"fas fa-up-right-from-square\"><\/i><br>Fija criterios de calificaci\u00f3n nacional de bienes<\/li>\n<\/ul>\n\n\n\n<p><\/p>\n\n\n\n<h3 class=\"wp-block-heading\">Iniciativas nacionales para apoyar el sector MIPYME:<\/h3>\n\n\n\n<ul class=\"wp-block-list\">\n<li><strong><a rel=\"noreferrer noopener\" href=\"https:\/\/www.transformauruguay.gub.uy\/es\/\" target=\"_blank\">Buscador de Pol\u00edticas de Apoyo<\/a><\/strong>  <i class=\"fas fa-up-right-from-square\"><\/i><br>En el marco de un proceso de racionalizaci\u00f3n de la informaci\u00f3n y su divulgaci\u00f3n, el Sistema ha reunido los diversos instrumentos y programas de apoyo de los Ministerios e Instituciones integrantes del mismo, los cuales se encuentran disponibles a partir del Buscador de Pol\u00edticas de Apoyo. Este Buscador ser\u00e1 actualizado peri\u00f3dicamente por la Secretar\u00eda del Sistema. Presenta subsidios, instrumentos financieros, instrumentos de asistencia t\u00e9cnica y servicios t\u00e9cnicos pagos. No se incluyen incentivos fiscales en esta primera versi\u00f3n. El Buscador, en su inicio, le solicitar\u00e1 que complete la informaci\u00f3n sobre ciertos \u00edtems a los efectos de especificar la b\u00fasqueda para obtener mejores resultados. La informaci\u00f3n se resguarda al amparo de la Ley de protecci\u00f3n de datos personales N\u00ba 18331. En una primera etapa se incluyen los instrumentos ofrecidos por: MIEM, MGAP, ANII, ANDE, INEFOP, INIA, LATU, URUGUAY XXI, INACOOP.<\/li>\n\n\n\n<li><strong><a rel=\"noreferrer noopener\" href=\"https:\/\/tramites.gub.uy\/ampliados?id=1412\" target=\"_blank\">Certificado PYME<\/a><\/strong>  <i class=\"fas fa-up-right-from-square\"><\/i><br>Acredita la condici\u00f3n de Mipyme frente a cualquier instituci\u00f3n p\u00fablica o privada y es requisito para poder participar en todos los programas que se gestionan desde Dinapyme y otros organismos.<\/li>\n\n\n\n<li><strong><a rel=\"noreferrer noopener\" href=\"https:\/\/www.miem.gub.uy\/cooperativas\/incubacoop\" target=\"_blank\">Incubacoop<\/a><\/strong>  <i class=\"fas fa-up-right-from-square\"><\/i><br>Es un dispositivo institucional pensado para acompa\u00f1ar la creaci\u00f3n de nuevas experiencias cooperativas en campos estrat\u00e9gicos o de oportunidad, orientado a generar iniciativas en \u00e1reas intensivas en innovaci\u00f3n y conocimiento.<\/li>\n\n\n\n<li><strong><a rel=\"noreferrer noopener\" href=\"https:\/\/www.miem.gub.uy\/mipymes-y-emprendedores\/ferias-de-beneficios-para-empresas\" target=\"_blank\">Ferias de beneficios para empresas<\/a><\/strong>  <i class=\"fas fa-up-right-from-square\"><\/i><br>Una actividad para difundir las herramientas estatales disponibles para las empresas y emprendedores. Un espacio para articular e intercambiar, con el fin de fomentar el desarrollo y la competitividad de los diferentes sectores de actividad de cada localidad.<\/li>\n\n\n\n<li><strong><a rel=\"noreferrer noopener\" href=\"https:\/\/www.miem.gub.uy\/mipymes-y-emprendedores\/promocion-del-emprendimiento-c-emprendedor\" target=\"_blank\">Promoci\u00f3n del emprendimiento C-Emprendedor<\/a><\/strong>  <i class=\"fas fa-up-right-from-square\"><\/i><br>El programa promueve la creaci\u00f3n de empresas con potencial de crecimiento y de generaci\u00f3n de empleo, la actitud emprendedora en la sociedad y la vinculaci\u00f3n e intercambio entre emprendedores.<\/li>\n\n\n\n<li><strong><a rel=\"noreferrer noopener\" href=\"https:\/\/www.miem.gub.uy\/mipymes-y-emprendedores\/plataforma-integral-de-apoyo-al-desarrollo-empresarial-piade\" target=\"_blank\">Plataforma Integral de Apoyo al Desarrollo Empresarial (Piade)<\/a><\/strong>  <i class=\"fas fa-up-right-from-square\"><\/i><br>Promueve la empresarialidad, innovaci\u00f3n, profesionalizaci\u00f3n de la gesti\u00f3n y el uso de servicios t\u00e9cnicos. Facilita el acceso a los servicios de desarrollo que requieran las MIPYMEs para dar impulso a sus emprendimientos y contribuyendo con el co-financiamiento de los mismos.<\/li>\n\n\n\n<li><strong><a rel=\"noreferrer noopener\" href=\"https:\/\/www.miem.gub.uy\/mipymes-y-emprendedores\/pro-certificacion\" target=\"_blank\">Pro-Certificaci\u00f3n<\/a><\/strong>  <i class=\"fas fa-up-right-from-square\"><\/i><br>El programa busca promover la mejora de la competitividad de las micro, peque\u00f1as y medianas empresas (MIPYMEs) a trav\u00e9s de subsidios parciales a los costos de los procesos de implementaci\u00f3n, certificaci\u00f3n y\/o acreditaci\u00f3n de normas t\u00e9cnicas y mejora de la gesti\u00f3n.<\/li>\n\n\n\n<li><strong><a rel=\"noreferrer noopener\" href=\"https:\/\/www.miem.gub.uy\/mipymes-y-emprendedores\/programa-para-el-mejoramiento-de-la-gestion-de-las-compras-publicas\" target=\"_blank\">Programa para el mejoramiento de la gesti\u00f3n de las compras p\u00fablicas<\/a><\/strong>&nbsp; <i class=\"fas fa-up-right-from-square\"><\/i><br>El objetivo es implementar planes de mejora en las empresas mediante la aplicaci\u00f3n de programas de trabajo en las \u00e1reas de direcci\u00f3n (planificaci\u00f3n estrat\u00e9gica), log\u00edstica (compras, producci\u00f3n y distribuci\u00f3n) y calidad de producto.<\/li>\n\n\n\n<li><strong><a rel=\"noreferrer noopener\" href=\"https:\/\/www.miem.gub.uy\/mipymes-y-emprendedores\/programa-nacional-de-capacitacion\" target=\"_blank\">Programa Nacional de Capacitaci\u00f3n<\/a><\/strong>&nbsp; <i class=\"fas fa-up-right-from-square\"><\/i><br>Este programa del MIEM tiene como prop\u00f3sito contribuir a la mejora de la competitividad a trav\u00e9s de la profesionalizaci\u00f3n de la gesti\u00f3n empresarial. Est\u00e1 dirigido a empresarios y mandos medios, las actividades deber\u00e1n ser promovidas y coordinadas por instituciones gremiales, agencias de desarrollo e intendencias de todo el pa\u00eds, a quienes el programa otorga un subsidio para que las hagan efectivas.<\/li>\n\n\n\n<li><strong>Prodise\u00f1o<\/strong>&nbsp;<br>Es un programa que lleva adelante la Dinapyme en colaboraci\u00f3n con la C\u00e1mara de Dise\u00f1o de Uruguay (CDU). Tiene por objetivo promover a aumentar la competitividad de las MIPYMEs a trav\u00e9s de la incorporaci\u00f3n de dise\u00f1o en su negocio, mediante la participaci\u00f3n de dise\u00f1adores profesionales.<\/li>\n\n\n\n<li><strong>Estudio de mercado<\/strong>&nbsp;<br>El MIEM junto con la Universidad Cat\u00f3lica, a trav\u00e9s de la Licenciatura de Negocios Internacionales, se realiza por parte de los estudiantes, un perfil de mercado para un producto y destino de las MIPYMEs postulantes.<\/li>\n\n\n\n<li><strong>Talleres \u201cDiagnostica tu empresa\u201d<\/strong>&nbsp;<br>Su objetivo es que los participantes puedan realizar un diagn\u00f3stico de sus empresas y tengan la posibilidad de conseguir apoyo econ\u00f3mico para implementar las mejoras identificadas. En consecuencia, es un valioso recurso para conocer lo que est\u00e1 sucediendo en la empresa y encontrar soluciones.<\/li>\n\n\n\n<li><strong><a rel=\"noreferrer noopener\" href=\"https:\/\/www.miem.gub.uy\/industria\/fondo-industrial\" target=\"_blank\">Fondo Industrial del MIEM<\/a><\/strong>&nbsp; <i class=\"fas fa-up-right-from-square\"><\/i><br>El Fondo Industrial es un instrumento que otorga fondos no reembolsables a empresas que presenten proyectos de inversi\u00f3n que promuevan el agregado de valor. Su objetivo es diversificar y tecnificar la estructura productiva nacional.<\/li>\n\n\n\n<li><strong><a rel=\"noreferrer noopener\" href=\"https:\/\/www.miem.gub.uy\/industria\/proyecto-de-internacionalizacion-de-la-especializacion-productiva-piep\" target=\"_blank\">Proyecto de Internacionalizaci\u00f3n de la Especializaci\u00f3n Productiva (PIEP)<\/a><\/strong>&nbsp; <i class=\"fas fa-up-right-from-square\"><\/i><br>El Proyecto de Internacionalizaci\u00f3n de la Especializaci\u00f3n Productiva (PIEP) es un instrumento que promueve la incorporaci\u00f3n de tecnolog\u00edas innovadoras en las cadenas productivas para mejorar la competitividad del pa\u00eds.<\/li>\n\n\n\n<li><strong><a rel=\"noreferrer noopener\" href=\"http:\/\/www.exportafacil.com.uy\/\" target=\"_blank\">Exporta f\u00e1cil<\/a><\/strong>&nbsp; <i class=\"fas fa-up-right-from-square\"><\/i><br>Exporta F\u00e1cil es un servicio integral pensado especialmente para apoyar a los micro, peque\u00f1os y medianos empresarios a la hora de exportar. Es la forma m\u00e1s \u00e1gil y simple de llegar a los mercados internacionales reduciendo los costos.<\/li>\n\n\n\n<li><strong>Capacitaci\u00f3n sobre instrumentos p\u00fablicos disponibles para las MIPYMEs;<\/strong>&nbsp;<br>Capacitaci\u00f3n a funcionarios municipales y alcaldes participan de capacitaciones sobre instrumentos p\u00fablicos disponibles para las MIPYMEs.<\/li>\n\n\n\n<li><strong>Descuentos en registro de marcas y patentes para MIPYMEs<\/strong>&nbsp;<br>El art. 338 de la Ley N\u00b0 19.355 faculta al Ministerio de Industria, Energ\u00eda y Miner\u00eda (MIEM), a trav\u00e9s de la Direcci\u00f3n Nacional de la Propiedad Industrial (DNPI), a disminuir las tasas cobradas en los tr\u00e1mites relacionados con el registro de marcas y patentes. Se aplican descuentos de hasta el 90%. MIEM-DNPI, a trav\u00e9s de su nueva \u00c1rea de Atenci\u00f3n Personalizada, brinda asesoramiento en materia de marcas y patentes.<\/li>\n\n\n\n<li><strong>Mujeres empresarias 8M<\/strong>&nbsp;<br>Convocatoria del MIEM que otorga financiamiento no reembolsable de los proyectos seleccionados, cuyo objetivo busca promover el desarrollo productivo y la autonom\u00eda econ\u00f3mica basada en el g\u00e9nero.<\/li>\n\n\n\n<li><strong><a rel=\"noreferrer noopener\" href=\"https:\/\/www.miem.gub.uy\/mipymes-y-emprendedores\/promocion-del-emprendimiento-c-emprendedor\" target=\"_blank\">Promoci\u00f3n del emprendimiento C-emprendedor<\/a><\/strong>  <i class=\"fas fa-up-right-from-square\"><\/i><br>Los objetivos del programa del MIEM son: Promover una cultura emprendedora a nivel nacional, facilitar las condiciones para emprender, y fortalecer la capacidad de los emprendedores para crear y desarrollar empresas con potencial de crecimiento de generaci\u00f3n de empleo.&nbsp;<br><br>Se ofrece:\n<ul class=\"wp-block-list\">\n<li>Actividades para descubrirse como emprendedor y desarrollar las capacidades emprendedoras<\/li>\n\n\n\n<li>Herramientas para identificar y poner a prueba una idea de negocio<\/li>\n\n\n\n<li>Capacitaci\u00f3n y asesoramiento en la planificaci\u00f3n y puesta en marcha del emprendimiento<\/li>\n\n\n\n<li>Espacios de encuentro entre emprendedores y de intercambio sobre temas de inter\u00e9s<\/li>\n<\/ul>\n<\/li>\n\n\n\n<li><strong><a rel=\"noreferrer noopener\" href=\"https:\/\/uruguayemprendedor.uy\/\" target=\"_blank\">Uruguay Emprendedor<\/a><\/strong>&nbsp; <i class=\"fas fa-up-right-from-square\"><\/i><br>Es una plataforma de informaci\u00f3n y orientaci\u00f3n a emprendedores, tanto en forma presencial como en l\u00ednea. Brinda informaci\u00f3n sobre apoyos y herramientas disponibles en el pa\u00eds para fomentar el emprendimiento.&nbsp;<br><br>Est\u00e1 compuesta por un portal web y una red f\u00edsica de puntos de atenci\u00f3n distribuidos en todo el pa\u00eds. El portal facilita recursos en l\u00ednea, herramientas e informaci\u00f3n sobre las distintas iniciativas y programas que apoyan a emprendedores en Uruguay, vincul\u00e1ndolos con instituciones de apoyo.&nbsp;<br><br>Uruguay Emprendedor es una iniciativa interinstitucional impulsada por el MIEM, con el apoyo de la ANDE, la ANII y la Universidad de la Rep\u00fablica. Es un proyecto del Sistema Nacional de Transformaci\u00f3n Productiva y Competitividad e involucra a la red de instituciones p\u00fablicas y privadas que promueven el emprendimiento en el pa\u00eds.<\/li>\n\n\n\n<li><strong><a rel=\"noreferrer noopener\" href=\"http:\/\/www.inju.gub.uy\/103484\/espacio-germina\" target=\"_blank\">Espacio Germina<\/a><\/strong>&nbsp; <i class=\"fas fa-up-right-from-square\"><\/i><br>Programa para el fomento y apoyo al emprendimiento juvenil con el fin de proporcionar formaci\u00f3n, conocimientos pr\u00e1cticos y herramientas que impulsen la ejecuci\u00f3n de iniciativas creativas en el desarrollo personal, colectivo y comunitario del p\u00fablico joven.<\/li>\n\n\n\n<li><strong><a rel=\"noreferrer noopener\" href=\"http:\/\/www.emprenur.edu.uy\/una-red-de-apoyo-al-emprendedor\" target=\"_blank\">Emprenur<\/a><\/strong>&nbsp; <i class=\"fas fa-up-right-from-square\"><\/i><br>Es una Red Tem\u00e1tica de Emprendedurismo de la Universidad de la Rep\u00fablica. Tiene como misi\u00f3n fomentar y apoyar al emprendedurismo a trav\u00e9s de actividades de capacitaci\u00f3n y asistencia t\u00e9cnica brindadas por servicios de preincubaci\u00f3n e incubaci\u00f3n, permitiendo as\u00ed consolidar un equipo acad\u00e9mico especializado que genere conocimientos.<\/li>\n\n\n\n<li><strong>Concurso Capital Semilla para Emprendimientos Tur\u00edsticos<\/strong>&nbsp;<br>El concurso se realiza en el marco del convenio MINTUR -J\u00f3venes Emprendedores de CETP-UTU, e invita a presentar proyectos que promuevan la creaci\u00f3n y perfeccionamiento de nuevas empresas que propongan la comercializaci\u00f3n de productos o servicios en el sector tur\u00edstico en todo el territorio nacional.<\/li>\n\n\n\n<li><strong><a rel=\"noreferrer noopener\" href=\"http:\/\/www.innovaturismo.gub.uy\/\" target=\"_blank\">Innovaturismo<\/a><\/strong> <i class=\"fas fa-up-right-from-square\"><\/i><br>Es un fondo concursable creado en el marco del Acuerdo de Cooperaci\u00f3n firmado entre Ministerio de Turismo y Deporte (Minturd) y la ANII. El objetivo general es promover la cultura de innovaci\u00f3n fomentando la generaci\u00f3n de productos tur\u00edsticos que agreguen valor e impacten positivamente en las localidades donde se desarrollen. La iniciativa surge del inter\u00e9s de avanzar hacia una oferta tur\u00edstica innovadora y diversificada frente a una demanda cada vez m\u00e1s exigente y experimentada.&nbsp;<br><br>Algunas de las herramientas del fondo son:\n<ul class=\"wp-block-list\">\n<li>Llamado a concurso para la presentaci\u00f3n de proyectos innovadores en el sector turismo.<\/li>\n\n\n\n<li>Apoyo y financiaci\u00f3n de estudios o ensayos relevantes relacionados a la actividad tur\u00edstica.<\/li>\n\n\n\n<li>Apoyo y financiaci\u00f3n mediante becas para postgrados o maestr\u00edas.<\/li>\n\n\n\n<li>Apoyo y financiaci\u00f3n para el desarrollo en el \u00e1rea emprendedurismo y j\u00f3venes empresarios.<\/li>\n<\/ul>\n<\/li>\n\n\n\n<li><strong><a rel=\"noreferrer noopener\" href=\"https:\/\/www.ande.org.uy\/actividades-de-fomento\" target=\"_blank\">Actividades de fomento de la Agencia Nacional de Desarrollo (ANDE)<\/a><\/strong>  <i class=\"fas fa-up-right-from-square\"><\/i><br>Se financian actividades que promuevan la cultura emprendedora en el pa\u00eds, propuestas por organizaciones vinculadas a la promoci\u00f3n del emprendedurismo y realizadas en el marco de la Red de Apoyo a Futuros Empresarios (RAFE).&nbsp;<br><br>Las organizaciones podr\u00e1n presentar actividades focalizadas en etapas de sensibilizaci\u00f3n de la cultura emprendedora, de preincubaci\u00f3n, de dise\u00f1o de proyectos y gestaci\u00f3n de negocios.\n<ul class=\"wp-block-list\">\n<li><strong>Semilla ANDE<\/strong>&nbsp;<br>Es un aporte econ\u00f3mico no reembolsable para la puesta en marcha o fortalecimiento de emprendimientos que tengan valor diferencial, potencial de crecimiento y generaci\u00f3n de empleo. Los emprendimientos deben estar basados en productos, servicios, procesos y\/o formas de comercializaci\u00f3n que tengan valor diferencial, es decir que presenten caracter\u00edsticas y funcionalidades novedosas respecto a lo que existe en el mercado\/regi\u00f3n que pretenden atender. Adem\u00e1s, deben demostrar que poseen potencial de crecimiento econ\u00f3mico din\u00e1mico y la posibilidad de generar nuevos puestos de trabajo en un horizonte m\u00e1ximo de 24 meses.<\/li>\n\n\n\n<li><strong>Validaci\u00f3n de ideas<\/strong>&nbsp;<br>El objetivo de este instrumento, realizado en conjunto entre ANDE y la Agencia Nacional de Investigaci\u00f3n e Innovaci\u00f3n (ANII), es acompa\u00f1ar a los emprendedores en el proceso de validaci\u00f3n de una idea de negocio o de una validaci\u00f3n t\u00e9cnica. Se busca financiar proyectos que planteen la validaci\u00f3n de negocio o una prueba de concepto para validar t\u00e9cnicamente la soluci\u00f3n planteada y que generen un valor diferencial o innovaci\u00f3n en producto, servicio, proceso o forma de comercializaci\u00f3n, respecto al mercado que se pretende ingresar.<\/li>\n\n\n\n<li><strong>Semilla ANDE para incubadoras de empresas<\/strong>&nbsp;<br>Las incubadoras de empresas son instituciones que desarrollan una metodolog\u00eda intensiva en el acompa\u00f1amiento a emprendimientos en la fase de puesta en marcha. En 2018 se cre\u00f3 una nueva modalidad para acceder al instrumento Semilla ANDE, a trav\u00e9s de las incubadoras de empresas apoyadas por la ANII.<\/li>\n\n\n\n<li><strong><a rel=\"noreferrer noopener\" href=\"https:\/\/ande.org.uy\/financiamiento#prog-de-financiamiento-de-ande\" target=\"_blank\">Programa de financiamiento de la ANDE<\/a><\/strong>  <i class=\"fas fa-up-right-from-square\"><\/i><br>Act\u00faa ofreciendo financiamiento y apoyo t\u00e9cnico a instituciones que otorgan cr\u00e9dito directamente a las MIPYMEs. El objetivo es extender el financiamiento a MIPYMEs a trav\u00e9s de instituciones insertas en todo el territorio, propiciando el desarrollo econ\u00f3mico sustentable de las mismas y su entorno.<\/li>\n\n\n\n<li><strong><a rel=\"noreferrer noopener\" href=\"https:\/\/ande.org.uy\/financiamiento#paquete-de-fomento-a-las-microfinanzas\" target=\"_blank\">Paquete de fomento a las Microfinanzas<\/a><\/strong>  <i class=\"fas fa-up-right-from-square\"><\/i><br>Este instrumento de la ANDE promueve el acceso a financiamiento de las micro y peque\u00f1as empresas, fortaleciendo las capacidades de las instituciones destinadas a las Microfinanzas y potenciando v\u00edas para lograr un mayor alcance territorial de MIPYMEs atendidas.<\/li>\n\n\n\n<li><strong>Cr\u00e9dito Italiano<\/strong>&nbsp;<br>Surge de un acuerdo entre el Gobierno Italiano y el Gobierno Uruguayo. El objetivo del cr\u00e9dito es el apoyo a trav\u00e9s de financiamiento a las MIPYMEs y productores familiares para la adquisici\u00f3n de bienes de origen italiano o latinoamericano.<\/li>\n\n\n\n<li><strong><a rel=\"noreferrer noopener\" href=\"https:\/\/ande.org.uy\/financiamiento#sistema-nacional-de-garant%C3%ADas\" target=\"_blank\">Sistema Nacional de Garant\u00edas<\/a><\/strong>  <i class=\"fas fa-up-right-from-square\"><\/i><br>Facilita el acceso al financiamiento desarrollando y promoviendo instrumentos de garant\u00eda para MIPYMEs, mediante el Sistema Nacional de Garant\u00edas (SiGa)<\/li>\n\n\n\n<li><strong>Programa de Oportunidades Circulares<\/strong>&nbsp;<br>ANDE y BIOVALOR est\u00e1n coordinando acciones conjuntas para promover la generaci\u00f3n e implementaci\u00f3n de proyectos productivos sustentables, en el marco de la econom\u00eda circular a trav\u00e9s del Programa de Oportunidades Circulares.&nbsp;<br><br>El programa consiste en tres componentes: 5 eventos de inspiraci\u00f3n circular, validaci\u00f3n de ideas circulares e implementaci\u00f3n de proyectos circulares.<\/li>\n<\/ul>\n<\/li>\n\n\n\n<li><strong><a rel=\"noreferrer noopener\" href=\"http:\/\/www.inefop.org.uy\/home\" target=\"_blank\">Instrumentos del Instituto Nacional de Empleo y Formaci\u00f3n Profesional (INEFOP)<\/a><\/strong> <i class=\"fas fa-up-right-from-square\"><\/i><br>INEFOP ofrece apoyo a personas emprendedoras, micro y peque\u00f1as empresas y emprendimientos en proceso de formalizaci\u00f3n, apoyo integral para el desarrollo de ideas empresariales, la creaci\u00f3n y el fortalecimiento de empresas sostenibles econ\u00f3mica y socialmente. Se brinda a trav\u00e9s de capacitaciones grupales en Gesti\u00f3n Empresarial Integral y asistencias t\u00e9cnicas para el fortalecimiento de todos los aspectos del emprendimiento.&nbsp;<br><br>Tambi\u00e9n ofrece:\n<ul class=\"wp-block-list\">\n<li>Instrumentos de apoyo econ\u00f3mico a micro y peque\u00f1as empresas para la contrataci\u00f3n de consultor\u00edas o capacitaci\u00f3n de sus directores y trabajadores, que contribuyan a mejorar la competitividad mediante la calificaci\u00f3n permanente de sus recursos.<\/li>\n\n\n\n<li>Instrumentos que buscan profesionalizar la gesti\u00f3n de las medianas y grandes empresas, a trav\u00e9s de consultor\u00edas o actividades de capacitaci\u00f3n de su personal jer\u00e1rquico.<\/li>\n<\/ul>\n<\/li>\n\n\n\n<li><strong><a rel=\"noreferrer noopener\" href=\"https:\/\/www.uruguayxxi.gub.uy\/exportaciones\/proexport\/index.html\" target=\"_blank\">Proexport+<\/a><\/strong>&nbsp;<i class=\"fas fa-up-right-from-square\"><\/i><br>Es el nuevo programa gestionado por Uruguay XXI en el marco del Sistema Nacional de Transformaci\u00f3n Productiva y Competitividad Transforma Uruguay, financiado por la ANDE y el INEFOP, con el apoyo de la ANII y el MIEM.&nbsp;<br><br>Espec\u00edficamente dise\u00f1ado para MIPYMEs exportadoras o con potencial exportador, el programa concibe la internacionalizaci\u00f3n como proceso y acompa\u00f1a a las empresas en las distintas facetas del mismo.<\/li>\n\n\n\n<li><strong><a href=\"https:\/\/www.centros.uy\/\">Centros de Competitividad Empresarial (CCE)<\/a><\/strong>&nbsp;<i class=\"fas fa-up-right-from-square\"><\/i><br>Los CCE se enmarcan en el Primer Plan Nacional de Transformaci\u00f3n Productiva y Competitividad. Es un lugar donde las micro y peque\u00f1as empresas, emprendedores, productores familiares y cooperativas reciben asesor\u00eda t\u00e9cnica a trav\u00e9s de profesionales, para fortalecer sus capacidades y desarrollar su actividad empresarial.&nbsp;<br><br>Los centros apuntan a generar un plan de trabajo espec\u00edfico para cada uno de los usuarios. Una vez identificadas las necesidades de apoyo que presentan las empresas y emprendedores, se procura brindar las competencias necesarias a trav\u00e9s de asesor\u00edas t\u00e9cnicas y capacitaci\u00f3n. Se genera un proceso de acompa\u00f1amiento y seguimiento a largo plazo buscando fortalecer al cliente, haciendo que la empresa o emprendimiento resulte sostenible. Adem\u00e1s, se brinda orientaci\u00f3n y derivaci\u00f3n a programas de apoyo brindados por otras instituciones, servicios de derivaci\u00f3n y estudios econ\u00f3micos territoriales, entre otros.<\/li>\n\n\n\n<li><strong>Apoyo a certificaci\u00f3n y competitividad de MIPYMEs (programa de apoyo a empresas industriales)<\/strong>&nbsp;<br>Subsidio para la implementaci\u00f3n, certificaci\u00f3n y\/o acreditaci\u00f3n de sistemas de gesti\u00f3n bajo diversas normas t\u00e9cnicas (ISO 9000, BPM, ISO 22000, ISO 14001, etc.); y para la certificaci\u00f3n de productos bajo normas de UE, Mercosur u otras similares, para acceder a mercados externos. El subsidio puede cubrir tanto la asistencia t\u00e9cnica requerida como el costo de la certificaci\u00f3n misma. El porcentaje del costo total subsidiado y el monto m\u00e1ximo del subsidio (entre $150.000 y $300.000) var\u00edan de acuerdo al tama\u00f1o de la empresa.<\/li>\n\n\n\n<li><strong>Programa de Profesionalizaci\u00f3n de Emprendimientos (PROFE) MIEM-FONDES<\/strong>&nbsp;<br>Brinda asistencia t\u00e9cnica y capacitaci\u00f3n a empresas para la maduraci\u00f3n de un proyecto. Se les proporciona apoyo a nivel institucional para la articulaci\u00f3n con otras organizaciones estatales o privadas que sean agentes decisivos para la marcha del proyecto (intendencias, ministerios, agencias, etc.)<\/li>\n\n\n\n<li><strong>Proyecto N\u00b0 39 Red de Agentes de Desarrollo Empresarial<\/strong>&nbsp;<br>Generaci\u00f3n de capacidades en Departamentos que no cuenten con un Centro de Competitividad Empresarial, para apoyar a empresas del territorio en la identificaci\u00f3n de los instrumentos adecuados a sus necesidades y en el proceso de postulaci\u00f3n ante la entidad respectiva. Se trata de articular a nivel nacional y local, considerando los diferentes referentes territoriales y la institucionalidad para el desarrollo local existentes, para asegurar una visi\u00f3n integral de las empresas sobre la totalidad de la oferta de instrumentos disponible.<\/li>\n\n\n\n<li><strong>Proyecto N\u00b040 Programa Integral de Adecuaci\u00f3n Tecnol\u00f3gica para Pymes<\/strong>&nbsp;<br>Dise\u00f1o e implementaci\u00f3n de un programa de apoyo a la adecuaci\u00f3n tecnol\u00f3gica de peque\u00f1as y medianas empresas, incluidas las de la Econom\u00eda Social, a partir de la articulaci\u00f3n de varias instituciones de modo de ofrecer un apoyo integral al proceso de mejora de productividad, incluyendo: diagn\u00f3stico y plan de adecuaci\u00f3n tecnol\u00f3gica; asistencia t\u00e9cnica para la implementaci\u00f3n del plan; e instrumentos financieros para la renovaci\u00f3n de equipamiento (si corresponde).<\/li>\n\n\n\n<li><strong>Proyecto N\u00b0 41 Programa de Desarrollo de Proveedores: Sector P\u00fablico<\/strong>&nbsp;<br>Incorporar el subprograma de Empresas P\u00fablicas Tractoras al Programa de Desarrollo de Proveedores. Como primer paso se realizar\u00e1 un piloto con una Empresa P\u00fablica que permitir\u00e1 especificar el subprograma para su posterior extensi\u00f3n a otras empresas.<\/li>\n\n\n\n<li><strong>Proyecto N\u00b0 43 Sello Industrial<\/strong>&nbsp;<br>Establecimiento de un sello para productos de la industria nacional que certifique el car\u00e1cter y contenido nacional de los mismos. Es una modalidad de est\u00edmulo a la incorporaci\u00f3n de valor agregado nacional en tanto el sello estar\u00e1 asociado a acciones promocionales espec\u00edficas y otros beneficios que puedan instrumentarse. A diferencia de otras iniciativas implementadas en el pasado, no se trata de una campa\u00f1a particular sino de un instrumento con un horizonte de aplicaci\u00f3n sostenida en el tiempo.<\/li>\n\n\n\n<li><strong>Proyecto N\u00b0 44 Microfinanzas<\/strong>&nbsp;<br>An\u00e1lisis del estado de situaci\u00f3n actual en materia de Microfinanzas y evaluaci\u00f3n de opciones para potenciarlas, eventuales ajustes normativos y necesidad de nuevos instrumentos.<\/li>\n\n\n\n<li><strong>Proyecto N\u00b0 45 Consejo Consultivo de Desarrollo Empresarial<\/strong>&nbsp;<br>El Sistema Nacional de Transformaci\u00f3n Productiva y Competitividad (Transforma Uruguay), que tiene como objetivo promover el desarrollo econ\u00f3mico, productivo e innovador, est\u00e1 trabajando en m\u00e1s de 25 proyectos de apoyo a MIPYMEs en marco del Primer Plan Nacional de Transformaci\u00f3n Productiva y Competitividad. El objetivo de este proyecto es consolidar un sistema de fomento de MIPYMEs que articule a las instituciones p\u00fablicas entre s\u00ed y a \u00e9stas con las privadas, y revisar normar, programas e instrumentos.&nbsp;<br><br>A partir de la puesta en funcionamiento del Consejo Consultivo de Desarrollo Empresarial (CCDE) se pretende asegurar una visi\u00f3n integral y actualizada para la definici\u00f3n bien informada de pol\u00edticas, programas, instrumentos y otras intervenciones relevantes, por parte de las instituciones p\u00fablicas.<\/li>\n\n\n\n<li><strong>Proyecto N\u00b0 46 \u00cdndice de Pol\u00edticas P\u00fablicas Para MIPYMEs de Am\u00e9rica Latina y El Caribe (IPPALC)<\/strong>&nbsp;<br>Implementaci\u00f3n en Uruguay del \u00cdndice de Pol\u00edticas P\u00fablicas para MIPYMES de Am\u00e9rica Latina y el Caribe (OECD y SELA). Se trata de contar con una herramienta de apoyo al dise\u00f1o y monitoreo de pol\u00edticas p\u00fablicas orientadas a fomentar el desarrollo de MIPYMES, a trav\u00e9s de la comparaci\u00f3n de resultados entre pa\u00edses de la regi\u00f3n con relaci\u00f3n a un conjunto de buenas pr\u00e1cticas relevantes y aceptadas internacionalmente.<\/li>\n\n\n\n<li><strong>Proyecto N\u00b0 47 Registro \u00danico de Consultores de Programas de Apoyo A MIPYMEs<\/strong>&nbsp;<br>Dise\u00f1o e implementaci\u00f3n de un Registro \u00danico de Consultores (individuos e instituciones) para las distintas instituciones que ejecutan programas de apoyo a empresas (DINAPYME, ANDE, INEFOP, Uruguay XXI, INACOOP, LATU, etc.), con informaci\u00f3n b\u00e1sica relevante y evaluaci\u00f3n de desempe\u00f1o. Dada la utilizaci\u00f3n creciente de consultores externos a las instituciones ejecutoras en el marco de los programas referidos, el instrumento del registro de consultores tiene un potencial articulador sustantivo de las pol\u00edticas p\u00fablicas y aporta informaci\u00f3n relevante para su seguimiento y evaluaci\u00f3n.<\/li>\n\n\n\n<li><strong>Proyecto N\u00b0 50 Marco General para Emprendimientos<\/strong>&nbsp;<br>Revisi\u00f3n de normas, tr\u00e1mites y procedimientos relevantes para el desarrollo de emprendimientos con el objeto de identificar posibles alternativas para una mejor adaptaci\u00f3n a sus caracter\u00edsticas (con RAFE en el papel de Consejo Consultivo). Se buscar\u00e1 sistematizar el conjunto de normas, simplificar tr\u00e1mites y procedimientos, y se evaluar\u00e1 la pertinencia de contar con un marco legal espec\u00edfico para emprendimientos.<\/li>\n\n\n\n<li><strong>Apoyo a Certificaci\u00f3n y Competitividad de MIPYMEs (programa de Apoyo a Empresas Industriales)<\/strong>&nbsp;<br>Subsidio para la implementaci\u00f3n, certificaci\u00f3n y\/o acreditaci\u00f3n de sistemas de gesti\u00f3n bajo diversas normas t\u00e9cnicas (ISO 9000, BPM, ISO 22000, ISO 14001, etc.); y para la certificaci\u00f3n de productos bajo normas de UE, Mercosur u otras similares, para acceder a mercados externos. El subsidio puede cubrir tanto la asistencia t\u00e9cnica requerida como el costo de la certificaci\u00f3n misma. El porcentaje del costo total subsidiado y el monto m\u00e1ximo del subsidio (entre $150.000 y $300.000) var\u00edan de acuerdo al tama\u00f1o de la empresa.<\/li>\n<\/ul>\n\n\n\n<p><\/p>\n","protected":false},"excerpt":{"rendered":"<p>Marco legal: Iniciativas nacionales para apoyar el sector MIPYME:<\/p>\n","protected":false},"author":1,"featured_media":0,"comment_status":"closed","ping_status":"closed","sticky":false,"template":"","format":"standard","meta":{"iawp_total_views":37,"footnotes":""},"categories":[1],"tags":[95],"class_list":["post-1719","post","type-post","status-publish","format-standard","hentry","category-countries","tag-uruguay"],"_links":{"self":[{"href":"https:\/\/msme-clearinghouse.com\/es\/wp-json\/wp\/v2\/posts\/1719","targetHints":{"allow":["GET"]}}],"collection":[{"href":"https:\/\/msme-clearinghouse.com\/es\/wp-json\/wp\/v2\/posts"}],"about":[{"href":"https:\/\/msme-clearinghouse.com\/es\/wp-json\/wp\/v2\/types\/post"}],"author":[{"embeddable":true,"href":"https:\/\/msme-clearinghouse.com\/es\/wp-json\/wp\/v2\/users\/1"}],"replies":[{"embeddable":true,"href":"https:\/\/msme-clearinghouse.com\/es\/wp-json\/wp\/v2\/comments?post=1719"}],"version-history":[{"count":7,"href":"https:\/\/msme-clearinghouse.com\/es\/wp-json\/wp\/v2\/posts\/1719\/revisions"}],"predecessor-version":[{"id":2753,"href":"https:\/\/msme-clearinghouse.com\/es\/wp-json\/wp\/v2\/posts\/1719\/revisions\/2753"}],"wp:attachment":[{"href":"https:\/\/msme-clearinghouse.com\/es\/wp-json\/wp\/v2\/media?parent=1719"}],"wp:term":[{"taxonomy":"category","embeddable":true,"href":"https:\/\/msme-clearinghouse.com\/es\/wp-json\/wp\/v2\/categories?post=1719"},{"taxonomy":"post_tag","embeddable":true,"href":"https:\/\/msme-clearinghouse.com\/es\/wp-json\/wp\/v2\/tags?post=1719"}],"curies":[{"name":"wp","href":"https:\/\/api.w.org\/{rel}","templated":true}]}}