{"id":3260,"date":"2025-03-22T16:59:55","date_gmt":"2025-03-22T20:59:55","guid":{"rendered":"https:\/\/msme-clearinghouse.com\/es\/?p=3260"},"modified":"2025-03-25T09:16:54","modified_gmt":"2025-03-25T13:16:54","slug":"marzo-2025","status":"publish","type":"post","link":"https:\/\/msme-clearinghouse.com\/es\/marzo-2025\/","title":{"rendered":"Marzo 2025"},"content":{"rendered":"\n<h2 class=\"wp-block-heading\"><strong>OEA MIPYME &#8211; Bolet\u00edn Informativo sobre MIPYMEs: (Marzo de 2025):<\/strong><\/h2>\n\n\n\n<p>El Bolet\u00edn MIPYMEs de la OEA se dedica a las medidas anunciadas recientemente por los Estados miembros de la OEA para la recuperaci\u00f3n econ\u00f3mica de las micro, peque\u00f1as y medianas empresas (MIPYME). Las respuestas pol\u00edticas var\u00edan de un pa\u00eds a otro y son espec\u00edficas a las circunstancias econ\u00f3micas de cada Estado miembro. Dado que cada d\u00eda se producen nuevos desarrollos, este inventario no es exhaustivo.<\/p>\n\n\n\n<p><a href=\"#\"><strong>Pol\u00edticas de respuesta de los Pa\u00edses<\/strong><\/a><\/p>\n\n\n\n<div class=\"wp-block-getwid-accordion has-icon-left\" data-active-element=\"none\">\n<div class=\"wp-block-getwid-accordion__header-wrapper\"><span class=\"wp-block-getwid-accordion__header\"><a href=\"#\"><span class=\"wp-block-getwid-accordion__header-title\"><strong>Antigua y Barbuda<\/strong><\/span><span class=\"wp-block-getwid-accordion__icon is-active\"><i class=\"fas fa-plus\"><\/i><\/span><span class=\"wp-block-getwid-accordion__icon is-passive\"><i class=\"fas fa-minus\"><\/i><\/span><\/a><\/span><\/div><div class=\"wp-block-getwid-accordion__content-wrapper\"><div class=\"wp-block-getwid-accordion__content\">\n<p><a href=\"https:\/\/ab.gov.ag\/pdf\/Quikbooks_1.pdf\" target=\"_blank\" rel=\"noreferrer noopener\">Oportunidad de Capacitaci\u00f3n: Aprende a Usar el Software QuickBooks<\/a><\/p>\n\n\n\n<p>La Autoridad de Inversi\u00f3n de Antigua y Barbuda (ABIA) se complace en anunciar un pr\u00f3ximo curso de capacitaci\u00f3n dise\u00f1ado para empoderar a individuos y empresas en el uso de QuickBooks. Esta capacitaci\u00f3n integral sobre QuickBooks est\u00e1 abierta al p\u00fablico en general y tiene como objetivo proporcionar a los participantes los conocimientos y habilidades necesarios para utilizar QuickBooks de manera eficaz en la gesti\u00f3n de sus finanzas empresariales o personales.<\/p>\n<\/div><\/div>\n\n\n\n<div class=\"wp-block-getwid-accordion__header-wrapper\"><span class=\"wp-block-getwid-accordion__header\"><a href=\"#\"><span class=\"wp-block-getwid-accordion__header-title\"><strong>Brasil<\/strong><\/span><span class=\"wp-block-getwid-accordion__icon is-active\"><i class=\"fas fa-plus\"><\/i><\/span><span class=\"wp-block-getwid-accordion__icon is-passive\"><i class=\"fas fa-minus\"><\/i><\/span><\/a><\/span><\/div><div class=\"wp-block-getwid-accordion__content-wrapper\"><div class=\"wp-block-getwid-accordion__content\">\n<p><a href=\"https:\/\/agenciasebrae.com.br\/dados\/confira-os-grandes-numeros-dos-pequenos-negocios-no-brasil\/\" target=\"_blank\" rel=\"noreferrer noopener\">Consulta las grandes cifras de los peque\u00f1os negocios en Brasil<\/a><\/p>\n\n\n\n<p>Los peque\u00f1os negocios representan el 97% del total de las empresas en el pa\u00eds y son responsables del 26,5% del Producto Interno Bruto (PIB) nacional. Esta y otras informaciones fueron recopiladas por Sebrae, con el apoyo de la Receita Federal.<\/p>\n\n\n\n<p><a href=\"https:\/\/agenciasebrae.com.br\/inovacao-e-tecnologia\/atencao-empreendedor-nao-perca-venda-e-disponibilize-o-pix-por-aproximacao\/\" target=\"_blank\" rel=\"noreferrer noopener\">\u00a1Atenci\u00f3n, emprendedor!<\/a><\/p>\n\n\n\n<p>No pierdas ventas y ofrece el pago por aproximaci\u00f3n con Pix<\/p>\n\n\n\n<p>Pix, el m\u00e9todo de pago preferido por los peque\u00f1os negocios para recibir pagos por productos y servicios, tendr\u00e1 una nueva funcionalidad. A partir del viernes 28 de febrero, las instituciones financieras deber\u00e1n ofrecer la opci\u00f3n de pago por aproximaci\u00f3n, seg\u00fan la regulaci\u00f3n del Banco Central. Con esto, los clientes podr\u00e1n pagar sus cuentas simplemente acercando su celular al lector de tarjetas de las empresas, de la misma manera que con las tarjetas de cr\u00e9dito y d\u00e9bito.<\/p>\n\n\n\n<p><a href=\"https:\/\/agenciasebrae.com.br\/economia-e-politica\/pequenos-negocios-do-setor-de-turismo-aguardam-numero-recorde-de-visitantes-estrangeiros-no-carnaval\/\" target=\"_blank\" rel=\"noreferrer noopener\">Peque\u00f1os negocios del sector tur\u00edstico esperan un n\u00famero r\u00e9cord de visitantes extranjeros en Carnaval<\/a><\/p>\n\n\n\n<p>El Carnaval es un motivo de celebraci\u00f3n para el turismo brasile\u00f1o y una oportunidad especial de negocio para las peque\u00f1as empresas de este sector. Un estudio de Embratur se\u00f1ala que alrededor de 287,000 turistas extranjeros llegar\u00e1n a Brasil durante este per\u00edodo festivo. Esto representa un aumento del 6% en comparaci\u00f3n con 2024, cuando 228,870 turistas visitaron Brasil.<\/p>\n\n\n\n<p><a href=\"https:\/\/agenciasebrae.com.br\/economia-e-politica\/governo-prepara-linhas-de-credito-para-favorecer-pequenos-negocios\/\" target=\"_blank\" rel=\"noreferrer noopener\">El gobierno prepara l\u00edneas de cr\u00e9dito para favorecer a los peque\u00f1os negocios<\/a><\/p>\n\n\n\n<p>Los peque\u00f1os negocios est\u00e1n en el centro del modelo de crecimiento econ\u00f3mico y de la pol\u00edtica de desarrollo del pa\u00eds. Responsables de m\u00e1s del 26.5% del Producto Interno Bruto (PIB), el sector contar\u00e1 en 2025 con mejores condiciones y un entorno m\u00e1s favorable para su expansi\u00f3n. Esto se debe a que el gobierno federal est\u00e1 preparando tres l\u00edneas de cr\u00e9dito para favorecer a los peque\u00f1os y medianos emprendedores.<\/p>\n<\/div><\/div>\n\n\n\n<div class=\"wp-block-getwid-accordion__header-wrapper\"><span class=\"wp-block-getwid-accordion__header\"><a href=\"#\"><span class=\"wp-block-getwid-accordion__header-title\"><strong>Canad\u00e1<\/strong><\/span><span class=\"wp-block-getwid-accordion__icon is-active\"><i class=\"fas fa-plus\"><\/i><\/span><span class=\"wp-block-getwid-accordion__icon is-passive\"><i class=\"fas fa-minus\"><\/i><\/span><\/a><\/span><\/div><div class=\"wp-block-getwid-accordion__content-wrapper\"><div class=\"wp-block-getwid-accordion__content\">\n<p><a href=\"https:\/\/www.canada.ca\/en\/innovation-science-economic-development\/news\/2025\/03\/federal-governments-women-entrepreneurship-strategy-has-helped-over-400000-women-entrepreneurs-start-and-grow-their-businesses.html\" target=\"_blank\" rel=\"noreferrer noopener\">La Estrategia de Emprendimiento Femenino del Gobierno Federal ha ayudado a m\u00e1s de 400,000 mujeres emprendedoras a iniciar y hacer crecer sus negocios<\/a><\/p>\n\n\n\n<p>La Estrategia de Emprendimiento Femenino (WES) se lanz\u00f3 en 2018 para ayudar a eliminar las barreras sist\u00e9micas que enfrentan las mujeres emprendedoras y promover el empoderamiento econ\u00f3mico de las mujeres. WES representa casi 7,000 millones de d\u00f3lares en inversiones y compromisos de 20 departamentos, agencias y corporaciones federales enfocados en fortalecer el ecosistema de emprendimiento femenino.<\/p>\n\n\n\n<p><a href=\"https:\/\/www.canada.ca\/en\/atlantic-canada-opportunities\/news\/2025\/02\/empowering-entrepreneurship-and-fueling-local-business-growth-in-prince-edward-island.html\" target=\"_blank\" rel=\"noreferrer noopener\">Empoderando el emprendimiento y fomentando el crecimiento empresarial local en la Isla del Pr\u00edncipe Eduardo<\/a><\/p>\n\n\n\n<p>Las Corporaciones de Desarrollo Empresarial Comunitario apoyan el desarrollo de peque\u00f1as empresas mediante financiamiento personalizado, mentor\u00eda y programas de capacitaci\u00f3n. El Gobierno de Canad\u00e1 se enorgullece de apoyar el crecimiento y desarrollo de peque\u00f1as y medianas empresas (PYMES) en \u00e1reas rurales y costeras de la Isla del Pr\u00edncipe Eduardo.<\/p>\n\n\n\n<p>Este financiamiento permitir\u00e1 que las CBDC ofrezcan asistencia financiera esencial, capacitaci\u00f3n especializada, orientaci\u00f3n experta e iniciativas locales personalizadas a las empresas rurales, organizaciones y comunidades que apoyan.<\/p>\n<\/div><\/div>\n\n\n\n<div class=\"wp-block-getwid-accordion__header-wrapper\"><span class=\"wp-block-getwid-accordion__header\"><a href=\"#\"><span class=\"wp-block-getwid-accordion__header-title\"><strong>Chile<\/strong><\/span><span class=\"wp-block-getwid-accordion__icon is-active\"><i class=\"fas fa-plus\"><\/i><\/span><span class=\"wp-block-getwid-accordion__icon is-passive\"><i class=\"fas fa-minus\"><\/i><\/span><\/a><\/span><\/div><div class=\"wp-block-getwid-accordion__content-wrapper\"><div class=\"wp-block-getwid-accordion__content\">\n<p><a href=\"https:\/\/www.sercotec.cl\/mas-de-400-almacenes-de-barrio-podran-dar-un-salto-digital-con-fondo-concursable-de-sercotec\/\" target=\"_blank\" rel=\"noreferrer noopener\">M\u00e1s de 400 almacenes de barrio podr\u00e1n dar un salto digital con fondo concursable de Sercotec<\/a><\/p>\n\n\n\n<p>El Servicio de Cooperaci\u00f3n T\u00e9cnica (Sercotec) anunci\u00f3 la apertura de la primera convocatoria nacional del a\u00f1o a sus fondos de fomento. Se trata del programa Digitaliza tu Almac\u00e9n, que destinar\u00e1 $1.598 millones para impulsar la transformaci\u00f3n tecnol\u00f3gica de los negocios de barrio.<\/p>\n\n\n\n<p>La iniciativa otorga financiamiento no reembolsable para la realizaci\u00f3n de inversiones que contribuyan al aumento de la competitividad de los almacenes del pa\u00eds mediante la incorporaci\u00f3n de herramientas digitales, fortaleciendo su crecimiento y su modernizaci\u00f3n.<\/p>\n<\/div><\/div>\n\n\n\n<div class=\"wp-block-getwid-accordion__header-wrapper\"><span class=\"wp-block-getwid-accordion__header\"><a href=\"#\"><span class=\"wp-block-getwid-accordion__header-title\"><strong>Colombia<\/strong><\/span><span class=\"wp-block-getwid-accordion__icon is-active\"><i class=\"fas fa-plus\"><\/i><\/span><span class=\"wp-block-getwid-accordion__icon is-passive\"><i class=\"fas fa-minus\"><\/i><\/span><\/a><\/span><\/div><div class=\"wp-block-getwid-accordion__content-wrapper\"><div class=\"wp-block-getwid-accordion__content\">\n<p><a href=\"https:\/\/www.mincit.gov.co\/prensa\/noticias\/industria\/semana-nacional-del-emprendimiento-femenino-2025\" target=\"_blank\" rel=\"noreferrer noopener\">Mincomercio inaugur\u00f3 la Semana Nacional del Emprendimiento Femenino, destacando el rol de las MIPYMES lideradas por mujeres<\/a><\/p>\n\n\n\n<p>El Ministerio de Comercio, Industria y Turismo inaugur\u00f3, este lunes, la primera edici\u00f3n de la Semana Nacional del Emprendimiento Femenino que busca resaltar y fomentar las micro, peque\u00f1as y medianas empresas lideradas por mujeres, en un encuentro denominado \u201cMujeres con Prop\u00f3sito y Visi\u00f3n: Emprendimiento con Impacto\u201d, en el que se expusieron casos de \u00e9xito y se brindaron testimonios de reconocidas empresarias y emprendedoras del pa\u00eds.<\/p>\n\n\n\n<p><a href=\"https:\/\/www.mincit.gov.co\/prensa\/noticias\/turismo\/mipymes-turismo-tendran-apoyo-para-mejorar-en-2025\" target=\"_blank\" rel=\"noreferrer noopener\">MIPYMES de turismo de ocho departamentos recibir\u00e1n apoyo para mejorar su sostenibilidad ambiental y atraer m\u00e1s viajeros<\/a><\/p>\n\n\n\n<p>Las beneficiarias recibir\u00e1n asistencia t\u00e9cnica e incentivos para reducir costos de operaci\u00f3n, optimizar el consumo de energ\u00eda y agua, y gestionar eficientemente el manejo de residuos, as\u00ed como las emisiones de gases de efecto invernadero.<\/p>\n<\/div><\/div>\n\n\n\n<div class=\"wp-block-getwid-accordion__header-wrapper\"><span class=\"wp-block-getwid-accordion__header\"><a href=\"#\"><span class=\"wp-block-getwid-accordion__header-title\"><strong>Costa Rica<\/strong><\/span><span class=\"wp-block-getwid-accordion__icon is-active\"><i class=\"fas fa-plus\"><\/i><\/span><span class=\"wp-block-getwid-accordion__icon is-passive\"><i class=\"fas fa-minus\"><\/i><\/span><\/a><\/span><\/div><div class=\"wp-block-getwid-accordion__content-wrapper\"><div class=\"wp-block-getwid-accordion__content\">\n<p><a href=\"https:\/\/www.meic.go.cr\/meic-ofrecera-charla-gratuita-potencie-su-pyme-en-el-sector-estatal\/\" target=\"_blank\" rel=\"noreferrer noopener\">MEIC ofreci\u00f3 charla gratuita, \u00abPotencie su Pyme en el Sector Estatal<\/a><\/p>\n\n\n\n<p>El Ministerio de Econom\u00eda, Industria y Comercio (MEIC), en la celebraci\u00f3n del D\u00eda de la Empresa Privada y la Persona Empresaria, que se conmemora cada 23 de febrero, invito a los emprendedores y micro, peque\u00f1as y medianas empresas (mipymes), a una charla gratuita, \u00abPotencie su Pyme en el Sector Estatal<\/p>\n<\/div><\/div>\n\n\n\n<div class=\"wp-block-getwid-accordion__header-wrapper\"><span class=\"wp-block-getwid-accordion__header\"><a href=\"#\"><span class=\"wp-block-getwid-accordion__header-title\"><strong>Ecuador<\/strong><\/span><span class=\"wp-block-getwid-accordion__icon is-active\"><i class=\"fas fa-plus\"><\/i><\/span><span class=\"wp-block-getwid-accordion__icon is-passive\"><i class=\"fas fa-minus\"><\/i><\/span><\/a><\/span><\/div><div class=\"wp-block-getwid-accordion__content-wrapper\"><div class=\"wp-block-getwid-accordion__content\">\n<p><a href=\"https:\/\/www.produccion.gob.ec\/napo-impulsa-su-desarrollo-con-el-evento-pymes-ecuador-y-la-inauguracion-del-centro-de-desarrollo-economico-local\/\" target=\"_blank\" rel=\"noreferrer noopener\">Napo impulsa su desarrollo con el evento PYMES Ecuador y la inauguraci\u00f3n del Centro de Desarrollo Econ\u00f3mico Local<\/a><\/p>\n\n\n\n<p>El evento congreg\u00f3 a 150 emprendedores de la provincia para generar oportunidades comerciales y fomentar el crecimiento econ\u00f3mico de la zona. El evento recibi\u00f3 a m\u00e1s de 2.000 asistentes, quienes pudieron conocer innovadoras propuestas de negocios, ofertas acad\u00e9micas y participaron en diversas actividades.<\/p>\n<\/div><\/div>\n\n\n\n<div class=\"wp-block-getwid-accordion__header-wrapper\"><span class=\"wp-block-getwid-accordion__header\"><a href=\"#\"><span class=\"wp-block-getwid-accordion__header-title\"><strong>El Salvador<\/strong><\/span><span class=\"wp-block-getwid-accordion__icon is-active\"><i class=\"fas fa-plus\"><\/i><\/span><span class=\"wp-block-getwid-accordion__icon is-passive\"><i class=\"fas fa-minus\"><\/i><\/span><\/a><\/span><\/div><div class=\"wp-block-getwid-accordion__content-wrapper\"><div class=\"wp-block-getwid-accordion__content\">\n<p><a href=\"https:\/\/www.bcie.org\/novedades\/noticias\/articulo\/con-la-iniciativa-mipymes-verdes-premiamos-3-emprendimientos-salvadorenos-por-sus-destacadas-practicas-ecoamigables\" target=\"_blank\" rel=\"noreferrer noopener\">Con la Iniciativa MIPYMES Verdes premiamos 3 emprendimientos salvadore\u00f1os por sus destacadas pr\u00e1cticas ecoamigables<\/a><\/p>\n\n\n\n<p>El Programa ECOEMPRENDE, organizado por el Fondo Solidario para la Familia Microempresaria (FOSOFAMILIA) y dirigido a emprendedores salvadore\u00f1os, brind\u00f3 conocimientos y herramientas para integrar pr\u00e1cticas sostenibles en sus negocios, lo que contribuir\u00e1 a reducir su impacto ambiental y mejorar la rentabilidad a largo plazo.<\/p>\n<\/div><\/div>\n\n\n\n<div class=\"wp-block-getwid-accordion__header-wrapper\"><span class=\"wp-block-getwid-accordion__header\"><a href=\"#\"><span class=\"wp-block-getwid-accordion__header-title\"><strong>Estados Unidos de Am\u00e9rica<\/strong><\/span><span class=\"wp-block-getwid-accordion__icon is-active\"><i class=\"fas fa-plus\"><\/i><\/span><span class=\"wp-block-getwid-accordion__icon is-passive\"><i class=\"fas fa-minus\"><\/i><\/span><\/a><\/span><\/div><div class=\"wp-block-getwid-accordion__content-wrapper\"><div class=\"wp-block-getwid-accordion__content\">\n<p><a href=\"https:\/\/www.sba.gov\/article\/2025\/03\/17\/sba-announces-2025-national-small-business-week-program-specialty-award-winners\" target=\"_blank\" rel=\"noreferrer noopener\">La SBA anuncia el programa de la Semana Nacional de Peque\u00f1as Empresas 2025 y los ganadores de los premios especiales<\/a><\/p>\n\n\n\n<p>La Administraci\u00f3n de Peque\u00f1as Empresas de EE. UU. (SBA) anunci\u00f3 el programa nacional y los ganadores de los premios especiales para la Semana Nacional de Peque\u00f1as Empresas de la SBA 2025, que se celebrar\u00e1 del 4 al 10 de mayo de 2025. Estos premios reconocen a las empresas y socios de recursos por sus esfuerzos en contrataci\u00f3n p\u00fablica y recuperaci\u00f3n ante desastres, as\u00ed como premios individuales para exportador, compa\u00f1\u00eda de inversi\u00f3n en peque\u00f1as empresas y agente de fianza del a\u00f1o.<\/p>\n\n\n\n<p><a href=\"https:\/\/www.sba.gov\/article\/2025\/03\/10\/sba-announces-made-america-manufacturing-initiative\" target=\"_blank\" rel=\"noreferrer noopener\">La SBA anuncia la Iniciativa de Fabricaci\u00f3n Hecha en Am\u00e9rica<\/a><\/p>\n\n\n\n<p>El esfuerzo reducir\u00e1 $100 mil millones en regulaciones, expandir\u00e1 el acceso a capital y crear\u00e1 infraestructura dedicada para apoyar el auge de la clase trabajadora. La Administraci\u00f3n de Peque\u00f1as Empresas de EE. UU. (SBA) anunci\u00f3 su nueva Iniciativa de Fabricaci\u00f3n Hecha en Am\u00e9rica para restaurar el dominio econ\u00f3mico de EE. UU. y la seguridad nacional empoderando a los peque\u00f1os fabricantes.<\/p>\n<\/div><\/div>\n\n\n\n<div class=\"wp-block-getwid-accordion__header-wrapper\"><span class=\"wp-block-getwid-accordion__header\"><a href=\"#\"><span class=\"wp-block-getwid-accordion__header-title\"><strong>Guatemala<\/strong><\/span><span class=\"wp-block-getwid-accordion__icon is-active\"><i class=\"fas fa-plus\"><\/i><\/span><span class=\"wp-block-getwid-accordion__icon is-passive\"><i class=\"fas fa-minus\"><\/i><\/span><\/a><\/span><\/div><div class=\"wp-block-getwid-accordion__content-wrapper\"><div class=\"wp-block-getwid-accordion__content\">\n<p><a href=\"https:\/\/www.mineco.gob.gt\/mineco-presenta-la-politica-para-el-desarrollo-de-la-microempresa-pequena-y-mediana-empresa-2024-2032\" target=\"_blank\" rel=\"noreferrer noopener\">MINECO presenta la Pol\u00edtica para el Desarrollo de la Microempresa, Peque\u00f1a y Mediana Empresa 2024-2032<\/a><\/p>\n\n\n\n<p>El Ministerio de Econom\u00eda, en el marco de la presentaci\u00f3n de la Pol\u00edtica para el Desarrollo de las MIPYMES de Guatemala 2024-2032, da a conocer la actualizaci\u00f3n de esta importante iniciativa, que se convierte en un marco estrat\u00e9gico dise\u00f1ado para promover el crecimiento sostenido, la competitividad y la innovaci\u00f3n de las micro, peque\u00f1as y medianas empresas, un sector clave para la econom\u00eda nacional. Uno de sus objetivos es fortalecer la capacidad productiva y los servicios destinados a las MIPYMES para aumentar su eficiencia y productividad. Incentivar la formalizaci\u00f3n de las micro y peque\u00f1as empresas, para integrarlas plenamente en la econom\u00eda formal. De igual forma, mejorar su acceso a financiamiento y servicios de desarrollo empresarial, implementando programas de formaci\u00f3n y capacitaci\u00f3n continua para empresarios y emprendedores.<\/p>\n\n\n\n<p><a href=\"https:\/\/www.mineco.gob.gt\/viceministra-de-desarrollo-de-la-mipyme-participa-en-reunion-con-cenpromype-para-fortalecer-nuevo-modelo-de-atencion-a-las-mipymes\" target=\"_blank\" rel=\"noreferrer noopener\">Viceministra de Desarrollo de la MIPYME participa en reuni\u00f3n con CENPROMYPE para fortalecer nuevo modelo de atenci\u00f3n a las MIPYMES<\/a><\/p>\n\n\n\n<p>El modelo Small Business Development Center (SBDC), conocido en la regi\u00f3n SICA como Centros de Atenci\u00f3n a la MIPYME (CAM), es un esquema especializado dise\u00f1ado para brindar atenci\u00f3n integral a las micro, peque\u00f1as y medianas empresas (MIPYMES). Promueve la colaboraci\u00f3n estrat\u00e9gica entre los sectores p\u00fablico, privado y acad\u00e9mico, una tem\u00e1tica priorizada desde 2010 por el Consejo Directivo de CENPROMYPE.<\/p>\n\n\n\n<p><a href=\"https:\/\/www.bcie.org\/novedades\/noticias\/articulo\/bcie-fortalece-el-ecosistema-empresarial-femenino-en-guatemala-con-us65-millones-en-financiamiento\" target=\"_blank\" rel=\"noreferrer noopener\">BCIE fortalece el ecosistema empresarial femenino en Guatemala con US$6.5 millones en financiamiento<\/a><\/p>\n\n\n\n<p>Conscientes de que brindar m\u00e1s oportunidades financieras a mujeres empresarias es apostar por un desarrollo m\u00e1s inclusivo y sostenible, en el 2024 el Banco Centroamericano de Integraci\u00f3n Econ\u00f3mica a trav\u00e9s de Financiera Consolidada S.A. (COFINSA) \u2014 parte de Corporaci\u00f3n Multi Inversiones \u2014, destin\u00f3 $6.5 millones en cr\u00e9ditos beneficiando a 22 medianas empresas donde la participaci\u00f3n mayoritaria es femenina.<\/p>\n<\/div><\/div>\n\n\n\n<div class=\"wp-block-getwid-accordion__header-wrapper\"><span class=\"wp-block-getwid-accordion__header\"><a href=\"#\"><span class=\"wp-block-getwid-accordion__header-title\"><strong>Jamaica<\/strong><\/span><span class=\"wp-block-getwid-accordion__icon is-active\"><i class=\"fas fa-plus\"><\/i><\/span><span class=\"wp-block-getwid-accordion__icon is-passive\"><i class=\"fas fa-minus\"><\/i><\/span><\/a><\/span><\/div><div class=\"wp-block-getwid-accordion__content-wrapper\"><div class=\"wp-block-getwid-accordion__content\">\n<p><a href=\"https:\/\/jis.gov.jm\/ten-entities-win-industry-ministrys-small-business-pitch-competition\/\" target=\"_blank\" rel=\"noreferrer noopener\">Diez entidades ganan el Concurso de Pitch para Peque\u00f1as Empresas del Ministerio de Industria<\/a><\/p>\n\n\n\n<p>Diez empresas destacadas han ganado el Concurso de Pitch para Peque\u00f1as Empresas del Ministerio de Industria, Inversi\u00f3n y Comercio (MIIC). Esto sigue a una impresionante presentaci\u00f3n en la Feria de Negocios de las MiPymes (micro, peque\u00f1as y medianas empresas). De las 20 empresas que participaron en el concurso, 10 fueron seleccionadas como ganadoras, con las cinco mejores recibiendo una subvenci\u00f3n en efectivo de $400,000 cada una, para apoyar sus emprendimientos.<\/p>\n\n\n\n<p><a href=\"https:\/\/jis.gov.jm\/positive-economic-impact-from-msme-business-roadshow\/\" target=\"_blank\" rel=\"noreferrer noopener\">Impacto econ\u00f3mico positivo de la Feria de Negocios de las MiPymes<\/a><\/p>\n\n\n\n<p>Los microempresarios han recibido asistencia en subvenciones y apoyo al desarrollo empresarial de la DBJ, la Corporaci\u00f3n de Desarrollo Empresarial de Jamaica (JBDC) y la Corporaci\u00f3n de Promoci\u00f3n de Jamaica (JAMPRO). Adem\u00e1s, las MiPymes tambi\u00e9n se han beneficiado de v\u00ednculos de red y oportunidades de acceso al mercado facilitadas a trav\u00e9s de los eventos.<\/p>\n\n\n\n<p><a href=\"https:\/\/jis.gov.jm\/msmes-urged-to-prioritise-exports\/\" target=\"_blank\" rel=\"noreferrer noopener\">Se insta a las MiPymes a priorizar las exportaciones<\/a><\/p>\n\n\n\n<p>El gobierno reitera su llamado a que las micro, peque\u00f1as y medianas empresas (MiPymes) hagan de las exportaciones una prioridad en su estrategia empresarial. Las MiPymes deben exportar bienes y servicios a mercados internacionales para lograr el \u00e9xito empresarial, mientras contribuyen simult\u00e1neamente al desarrollo nacional.<\/p>\n\n\n\n<p><a href=\"https:\/\/jis.gov.jm\/mastercard-partners-with-ncb-to-support-unbanked-msmes\/\" target=\"_blank\" rel=\"noreferrer noopener\">Mastercard se asocia con NCB para apoyar a las MiPymes no bancarizadas<\/a><\/p>\n\n\n\n<p>Mastercard se est\u00e1 asociando con el National Commercial Bank (NCB) para apoyar a las micro, peque\u00f1as y medianas empresas (MiPymes) no bancarizadas en toda la isla. El objetivo es proporcionar a los comerciantes no bancarizados acceso a plataformas de pago seguras y confiables, permiti\u00e9ndoles participar completamente en la econom\u00eda digital y expandir su base de clientes, incluyendo a visitantes internacionales.<\/p>\n<\/div><\/div>\n\n\n\n<div class=\"wp-block-getwid-accordion__header-wrapper\"><span class=\"wp-block-getwid-accordion__header\"><a href=\"#\"><span class=\"wp-block-getwid-accordion__header-title\"><strong>Paraguay<\/strong><\/span><span class=\"wp-block-getwid-accordion__icon is-active\"><i class=\"fas fa-plus\"><\/i><\/span><span class=\"wp-block-getwid-accordion__icon is-passive\"><i class=\"fas fa-minus\"><\/i><\/span><\/a><\/span><\/div><div class=\"wp-block-getwid-accordion__content-wrapper\"><div class=\"wp-block-getwid-accordion__content\">\n<p><a href=\"https:\/\/www.mic.gov.py\/el-mic-presenta-nueva-estrategia-para-los-centros-de-desarrollo-empresarial\/\" target=\"_blank\" rel=\"noreferrer noopener\">El MIC presenta nueva estrategia para los Centros de Desarrollo Empresarial<\/a><\/p>\n\n\n\n<p>La iniciativa busca unificar la metodolog\u00eda, administraci\u00f3n y denominaci\u00f3n de los Centros SBDC y CAE, consolid\u00e1ndolos bajo la Red de \u00abCentros de Desarrollo Empresarial \u2013 CENTROS. Con este nuevo modelo, la cobertura de estos espacios se multiplica por siete, pasando de tres a 21 Centros a nivel nacional. Esta reestructuraci\u00f3n permitir\u00e1 una gesti\u00f3n m\u00e1s eficiente y eficaz, facilitando la atenci\u00f3n de un mayor n\u00famero de micro, peque\u00f1as y medianas empresas (MIPYMES) y emprendedores.<\/p>\n\n\n\n<p><a href=\"https:\/\/www.mic.gov.py\/8m-mas-de-2-000-mujeres-fueron-asesoradas-a-traves-de-los-centros-de-desarrollo-empresarial\/\" target=\"_blank\" rel=\"noreferrer noopener\">M\u00e1s de 2.000 mujeres fueron asesoradas a trav\u00e9s de los Centros de Desarrollo Empresarial<\/a><\/p>\n\n\n\n<p>En el marco del D\u00eda Internacional de la Mujer, los Centros de Desarrollo Empresarial impulsan el empoderamiento econ\u00f3mico de las mujeres, con un 66% de participaci\u00f3n femenina entre los 3.335 clientes atendidos desde su inicio, el 11 de septiembre de 2023, hasta la fecha.<\/p>\n\n\n\n<p><a href=\"https:\/\/www.mic.gov.py\/presentan-resultados-y-plan-para-fortalecer-las-ruedas-de-negocio-de-mipymes-y-pequenos-productores\/\" target=\"_blank\" rel=\"noreferrer noopener\">Presentan resultados y plan para fortalecer las Ruedas de Negocio de MIPYMES y peque\u00f1os productores<\/a><\/p>\n\n\n\n<p>El gobierno present\u00f3 los avances y la planificaci\u00f3n de las Ruedas de Negocio del Programa Hambre Cero en las Escuelas. Esta iniciativa, liderada por el Gobierno de Paraguay promueve la inclusi\u00f3n de las micro, peque\u00f1as y medianas empresas y productores de la Agricultura Familiar de todo el pa\u00eds en la cadena de valor del programa de alimentaci\u00f3n escolar.<\/p>\n<\/div><\/div>\n\n\n\n<div class=\"wp-block-getwid-accordion__header-wrapper\"><span class=\"wp-block-getwid-accordion__header\"><a href=\"#\"><span class=\"wp-block-getwid-accordion__header-title\"><strong>Per\u00fa<\/strong><\/span><span class=\"wp-block-getwid-accordion__icon is-active\"><i class=\"fas fa-plus\"><\/i><\/span><span class=\"wp-block-getwid-accordion__icon is-passive\"><i class=\"fas fa-minus\"><\/i><\/span><\/a><\/span><\/div><div class=\"wp-block-getwid-accordion__content-wrapper\"><div class=\"wp-block-getwid-accordion__content\">\n<p><a href=\"https:\/\/www.gob.pe\/institucion\/produce\/noticias\/1122391-produce-empresas-lideradas-por-mujeres-generan-mas-de-2-millones-de-empleos-en-peru\" target=\"_blank\" rel=\"noreferrer noopener\">PRODUCE: Empresas lideradas por mujeres generan m\u00e1s de 2 millones de empleos en Per\u00fa<\/a><\/p>\n\n\n\n<p>En el marco del D\u00eda Internacional de la Mujer, conmemorado cada 8 de marzo, el Ministerio de la Producci\u00f3n (PRODUCE) reafirma su compromiso de promover la igualdad de oportunidades. En este sentido, inform\u00f3 que m\u00e1s de 2 millones de empleos en el pa\u00eds son generados por empresas lideradas por mujeres.<\/p>\n\n\n\n<p><a href=\"https:\/\/www.gob.pe\/institucion\/produce\/noticias\/1120583-produce-un-paso-hacia-el-desarrollo-sostenible-de-las-mype-cofide-presenta-app-con-innovadora-solucion-tecnologica-para-las-mype\" target=\"_blank\" rel=\"noreferrer noopener\">PRODUCE: Un paso hacia el desarrollo sostenible de las MYPE: COFIDE presenta app con innovadora soluci\u00f3n tecnol\u00f3gica para las MYPE<\/a><\/p>\n\n\n\n<p>El Viceministerio de MYPE e Industria, particip\u00f3 en la presentaci\u00f3n de una innovadora soluci\u00f3n tecnol\u00f3gica dise\u00f1ada para cerrar las brechas de conocimiento y mejorar la gesti\u00f3n empresarial. Esta herramienta digital tiene como objetivo impulsar el desarrollo sostenible del pa\u00eds, facilitando el acceso a recursos y oportunidades tanto para personas como para empresas.<\/p>\n\n\n\n<p><a href=\"https:\/\/www.gob.pe\/institucion\/produce\/noticias\/1118046-produce-gamarra-viste-al-peru-y-al-mundo-moda-innovacion-y-crecimiento-para-las-mype\" target=\"_blank\" rel=\"noreferrer noopener\">PRODUCE: Gamarra Viste al Per\u00fa y al Mundo: Moda, Innovaci\u00f3n y Crecimiento para las MYPE<\/a><\/p>\n\n\n\n<p>En el II Desfile de Moda \u00abGamarra Viste al Per\u00fa y al Mundo\u00bb, un evento que reuni\u00f3 a m\u00e1s de 30 MYPE del sector textil para exhibir su creatividad y calidad, con gran potencial para conquistar mercados internacionales.<\/p>\n\n\n\n<p><a href=\"https:\/\/www.gob.pe\/institucion\/produce\/noticias\/1116470-produce-y-claro-peru-promueven-digitalizacion-de-las-mype-a-nivel-nacional\" target=\"_blank\" rel=\"noreferrer noopener\">PRODUCE y CLARO PER\u00da promueven digitalizaci\u00f3n de las mype a nivel nacional<\/a><\/p>\n\n\n\n<p>El Ministerio de la Producci\u00f3n (PRODUCE), a trav\u00e9s del Programa Nacional Tu Empresa, reactiv\u00f3 su convenio interinstitucional con la empresa CLARO PER\u00da mediante una adenda, con el fin de ofrecer nuevos beneficios a las micro y peque\u00f1as empresas (mype) de todo el pa\u00eds, y as\u00ed fortalecer su capacidad de gesti\u00f3n empresarial. CLARO PER\u00da junto a PRODUCE acercar\u00e1n a las mype al uso del Internet, telefon\u00eda, herramientas digitales y capacitaciones especializadas, entre otros. Estos recursos ser\u00e1n clave para el funcionamiento de sus negocios.<\/p>\n<\/div><\/div>\n\n\n\n<div class=\"wp-block-getwid-accordion__header-wrapper\"><span class=\"wp-block-getwid-accordion__header\"><a href=\"#\"><span class=\"wp-block-getwid-accordion__header-title\"><strong>Rep\u00fablica Dominicana<\/strong><\/span><span class=\"wp-block-getwid-accordion__icon is-active\"><i class=\"fas fa-plus\"><\/i><\/span><span class=\"wp-block-getwid-accordion__icon is-passive\"><i class=\"fas fa-minus\"><\/i><\/span><\/a><\/span><\/div><div class=\"wp-block-getwid-accordion__content-wrapper\"><div class=\"wp-block-getwid-accordion__content\">\n<p><a href=\"https:\/\/micm.gob.do\/micm-realiza-la-primera-edicion-de-las-rondas-de-negocios-y-empresas-comerciales-en-santo-domingo-este\/\" target=\"_blank\" rel=\"noreferrer noopener\">MICM realiza la primera edici\u00f3n de las Rondas de Negocios y empresas comerciales en Santo Domingo<\/a><\/p>\n\n\n\n<p>El Ministerio de Industria, Comercio y Mipymes (MICM), realiz\u00f3 la primera edici\u00f3n de las Ruedas de Negocios en Santo Domingo Este, donde participaron m\u00e1s de 40 micro, peque\u00f1as y medianas empresas, las cuales tuvieron la oportunidad de presentar sus productos a diez grandes empresas comerciales.<\/p>\n\n\n\n<p>El objetivo de esta Rueda de Negocios es facilitar la conexi\u00f3n entre las MIPYMES y las empresas comerciales, creando as\u00ed alianzas estrat\u00e9gicas para su crecimiento y desarrollo.<\/p>\n<\/div><\/div>\n\n\n\n<div class=\"wp-block-getwid-accordion__header-wrapper\"><span class=\"wp-block-getwid-accordion__header\"><a href=\"#\"><span class=\"wp-block-getwid-accordion__header-title\"><strong>San Vicente y las Granadinas<\/strong><\/span><span class=\"wp-block-getwid-accordion__icon is-active\"><i class=\"fas fa-plus\"><\/i><\/span><span class=\"wp-block-getwid-accordion__icon is-passive\"><i class=\"fas fa-minus\"><\/i><\/span><\/a><\/span><\/div><div class=\"wp-block-getwid-accordion__content-wrapper\"><div class=\"wp-block-getwid-accordion__content\">\n<p><a href=\"https:\/\/www.gov.vc\/images\/pdf_documents\/UNDP_Launches_Small_Grants_Programme.pdf\" target=\"_blank\" rel=\"noreferrer noopener\">Ministerio de Agricultura y PNUD lanzan el Programa de Peque\u00f1as Subvenciones para apoyar a empresas agr\u00edcolas y pesqueras<\/a><\/p>\n\n\n\n<p>El programa tiene como objetivo apoyar a las microempresas que mejoran la biodiversidad en los sectores agr\u00edcola, pesquero y de industrias basadas en la naturaleza. El programa ofrece un total de USD $160,500, con subvenciones individuales de hasta ECD $135,000 disponibles para peque\u00f1os agricultores, operadores de negocios agr\u00edcolas y pescadores. La iniciativa busca promover pr\u00e1cticas agr\u00edcolas resilientes y adaptadas al clima, fomentar los v\u00ednculos comerciales y alentar asociaciones del sector privado para el crecimiento empresarial sostenible.<\/p>\n<\/div><\/div>\n\n\n\n<div class=\"wp-block-getwid-accordion__header-wrapper\"><span class=\"wp-block-getwid-accordion__header\"><a href=\"#\"><span class=\"wp-block-getwid-accordion__header-title\"><strong>Uruguay<\/strong><\/span><span class=\"wp-block-getwid-accordion__icon is-active\"><i class=\"fas fa-plus\"><\/i><\/span><span class=\"wp-block-getwid-accordion__icon is-passive\"><i class=\"fas fa-minus\"><\/i><\/span><\/a><\/span><\/div><div class=\"wp-block-getwid-accordion__content-wrapper\"><div class=\"wp-block-getwid-accordion__content\">\n<p><a href=\"https:\/\/www.gub.uy\/ministerio-industria-energia-mineria\/comunicacion\/noticias\/incubacoop-abre-su-octavo-llamado-para-incubar-emprendimientos-cooperativos\" target=\"_blank\" rel=\"noreferrer noopener\">Incubacoop abre su octavo llamado para incubar emprendimientos cooperativos innovadores<\/a><\/p>\n\n\n\n<p>Invitamos a equipos con proyectos innovadores que desean convertirse en cooperativas, as\u00ed como a cooperativas ya formalizadas que buscan explorar nuevas unidades de negocio y proyectos intercooperativos. En 2025, Incubacoop apoyar\u00e1 a los grupos seleccionados, en un plazo m\u00e1ximo de entre 12 y 16 meses, con acompa\u00f1amiento y capacitaci\u00f3n durante las etapas de incubaci\u00f3n definidas como Sensibilizaci\u00f3n, Pre-Incubaci\u00f3n, Incubaci\u00f3n y Egreso.<\/p>\n\n\n\n<p><a href=\"https:\/\/www.gub.uy\/ministerio-industria-energia-mineria\/comunicacion\/noticias\/continuan-postulaciones-para-curso-introductorio-comercio-electronico\" target=\"_blank\" rel=\"noreferrer noopener\">Contin\u00faan las postulaciones para Curso Introductorio de Comercio Electr\u00f3nico y Econom\u00eda Digital para MIPYMES 2025<\/a><\/p>\n\n\n\n<p>MIEM-Dinatel, junto al Instituto Nacional de Empleo y Formaci\u00f3n Profesional (INEFOP), abrieron postulaciones a una nueva edici\u00f3n del curso introductorio de comercio electr\u00f3nico y econom\u00eda digital. Est\u00e1 dirigido a micro, peque\u00f1as o medianas empresas (MIPYMES) y a hasta un trabajador adicional que est\u00e9n dando los primero pasos en la digitalizaci\u00f3n comercial de su negocio; pueden participar sus titulares y hasta un trabajador adicional. Se prorroga el per\u00edodo de postulaciones hasta el 17 de marzo. Comienza la semana del 24 de marzo.<\/p>\n<\/div><\/div>\n<\/div>\n\n\n\n<p><\/p>\n","protected":false},"excerpt":{"rendered":"<p>OEA MIPYME &#8211; Bolet\u00edn Informativo sobre MIPYMEs: (Marzo de 2025): El Bolet\u00edn MIPYMEs de la OEA se dedica a las medidas anunciadas recientemente por los Estados miembros de la OEA para la recuperaci\u00f3n econ\u00f3mica de las micro, peque\u00f1as y medianas empresas (MIPYME). Las respuestas pol\u00edticas var\u00edan de un pa\u00eds a otro y son espec\u00edficas a [&hellip;]<\/p>\n","protected":false},"author":2,"featured_media":0,"comment_status":"closed","ping_status":"closed","sticky":false,"template":"","format":"standard","meta":{"iawp_total_views":7,"footnotes":""},"categories":[24],"tags":[],"class_list":["post-3260","post","type-post","status-publish","format-standard","hentry","category-newsletters"],"_links":{"self":[{"href":"https:\/\/msme-clearinghouse.com\/es\/wp-json\/wp\/v2\/posts\/3260","targetHints":{"allow":["GET"]}}],"collection":[{"href":"https:\/\/msme-clearinghouse.com\/es\/wp-json\/wp\/v2\/posts"}],"about":[{"href":"https:\/\/msme-clearinghouse.com\/es\/wp-json\/wp\/v2\/types\/post"}],"author":[{"embeddable":true,"href":"https:\/\/msme-clearinghouse.com\/es\/wp-json\/wp\/v2\/users\/2"}],"replies":[{"embeddable":true,"href":"https:\/\/msme-clearinghouse.com\/es\/wp-json\/wp\/v2\/comments?post=3260"}],"version-history":[{"count":11,"href":"https:\/\/msme-clearinghouse.com\/es\/wp-json\/wp\/v2\/posts\/3260\/revisions"}],"predecessor-version":[{"id":3271,"href":"https:\/\/msme-clearinghouse.com\/es\/wp-json\/wp\/v2\/posts\/3260\/revisions\/3271"}],"wp:attachment":[{"href":"https:\/\/msme-clearinghouse.com\/es\/wp-json\/wp\/v2\/media?parent=3260"}],"wp:term":[{"taxonomy":"category","embeddable":true,"href":"https:\/\/msme-clearinghouse.com\/es\/wp-json\/wp\/v2\/categories?post=3260"},{"taxonomy":"post_tag","embeddable":true,"href":"https:\/\/msme-clearinghouse.com\/es\/wp-json\/wp\/v2\/tags?post=3260"}],"curies":[{"name":"wp","href":"https:\/\/api.w.org\/{rel}","templated":true}]}}