{"id":3276,"date":"2025-04-24T16:58:16","date_gmt":"2025-04-24T20:58:16","guid":{"rendered":"https:\/\/msme-clearinghouse.com\/es\/?p=3276"},"modified":"2025-04-28T14:53:00","modified_gmt":"2025-04-28T18:53:00","slug":"abril-2025","status":"publish","type":"post","link":"https:\/\/msme-clearinghouse.com\/es\/abril-2025\/","title":{"rendered":"Abril 2025"},"content":{"rendered":"\n<h2 class=\"wp-block-heading\"><strong>OEA MIPYME &#8211; Bolet\u00edn Informativo sobre MIPYMEs: (Abril de 2025):<\/strong><\/h2>\n\n\n\n<p>El Bolet\u00edn MIPYMEs de la OEA se dedica a las medidas anunciadas recientemente por los Estados miembros de la OEA para la recuperaci\u00f3n econ\u00f3mica de las micro, peque\u00f1as y medianas empresas (MIPYME). Las respuestas pol\u00edticas var\u00edan de un pa\u00eds a otro y son espec\u00edficas a las circunstancias econ\u00f3micas de cada Estado miembro. Dado que cada d\u00eda se producen nuevos desarrollos, este inventario no es exhaustivo.<\/p>\n\n\n\n<p><a href=\"#\"><strong>Pol\u00edticas de respuesta de los Pa\u00edses<\/strong><\/a><\/p>\n\n\n\n<div class=\"wp-block-getwid-accordion has-icon-left\" data-active-element=\"none\">\n<div class=\"wp-block-getwid-accordion__header-wrapper\"><span class=\"wp-block-getwid-accordion__header\"><a href=\"#\"><span class=\"wp-block-getwid-accordion__header-title\"><strong>Argentina<\/strong><\/span><span class=\"wp-block-getwid-accordion__icon is-active\"><i class=\"fas fa-plus\"><\/i><\/span><span class=\"wp-block-getwid-accordion__icon is-passive\"><i class=\"fas fa-minus\"><\/i><\/span><\/a><\/span><\/div><div class=\"wp-block-getwid-accordion__content-wrapper\"><div class=\"wp-block-getwid-accordion__content\">\n<p><a href=\"https:\/\/www.argentina.gob.ar\/noticias\/tres-de-febrero-inauguro-el-punto-pyme-y-emprendedor-un-espacio-que-brinda-soluciones\" target=\"_blank\" rel=\"noreferrer noopener\"><em>Tres de Febrero<\/em> inaugur\u00f3 el Punto PyME y Emprendedor, un espacio que brinda soluciones \u00e1giles a consultas y tr\u00e1mites con la Naci\u00f3n.<\/a><\/p>\n\n\n\n<p>Se apoya en el Centro de Ayuda PyME, un canal de atenci\u00f3n que asiste en la gesti\u00f3n de tr\u00e1mites ante distintas \u00e1reas y organismos descentralizados del Estado. Adem\u00e1s, contribuir\u00e1 a identificar necesidades del ecosistema productivo local, facilitando un entorno m\u00e1s propicio para el desarrollo econ\u00f3mico territorial.<\/p>\n\n\n\n<p><a href=\"https:\/\/www.argentina.gob.ar\/noticias\/se-actualizan-los-parametros-para-la-inscripcion-de-las-empresas-en-el-registro-de-empresas\" target=\"_blank\" rel=\"noreferrer noopener\">Se actualizan los par\u00e1metros para la inscripci\u00f3n de las empresas en el Registro de Empresas MiPyME<\/a><\/p>\n\n\n\n<p>El Gobierno Nacional actualiz\u00f3 los par\u00e1metros de acceso al Registro de micro, peque\u00f1as y medianas empresas e incorpor\u00f3 un c\u00f3digo QR en el Certificado MiPyME para optimizar su verificaci\u00f3n en tiempo real.<\/p>\n\n\n\n<p><a href=\"https:\/\/www.argentina.gob.ar\/noticias\/el-gobierno-nacional-dispone-medidas-para-fortalecer-el-sistema-sgr\" target=\"_blank\" rel=\"noreferrer noopener\">El Gobierno Nacional dispone medidas para fortalecer el Sistema SGR<\/a><\/p>\n\n\n\n<p>La Secretar\u00eda de la Peque\u00f1a y Mediana Empresa, Emprendedores y Econom\u00eda del Conocimiento del Ministerio de Econom\u00eda de la Naci\u00f3n dispuso, mediante la Resoluci\u00f3n 56\/2025, una serie de medidas orientadas a optimizar el funcionamiento del Sistema de Sociedades de Garant\u00eda Rec\u00edproca (SGR).<\/p>\n<\/div><\/div>\n\n\n\n<div class=\"wp-block-getwid-accordion__header-wrapper\"><span class=\"wp-block-getwid-accordion__header\"><a href=\"#\"><span class=\"wp-block-getwid-accordion__header-title\"><strong>Bolivia<\/strong><\/span><span class=\"wp-block-getwid-accordion__icon is-active\"><i class=\"fas fa-plus\"><\/i><\/span><span class=\"wp-block-getwid-accordion__icon is-passive\"><i class=\"fas fa-minus\"><\/i><\/span><\/a><\/span><\/div><div class=\"wp-block-getwid-accordion__content-wrapper\"><div class=\"wp-block-getwid-accordion__content\">\n<p><a href=\"https:\/\/produccion.gob.bo\/?p=25520\" target=\"_blank\" rel=\"noreferrer noopener\">Son 29 supermercados, tiendas y comercios privados que se suman a la iniciativa \u00abConsume lo Nuestro\u201d<\/a><\/p>\n\n\n\n<p>A partir del mi\u00e9rcoles 29\u00a0 de abril supermercados, tiendas y comercios privados del pa\u00eds vender\u00e1n con la aplicaci\u00f3n Consume lo Nuestro con la finalidad de potenciar y fomentar la demanda de productos con el sello \u201cHecho en Bolivia\u201d, as\u00ed tambi\u00e9n los puntos de entrega del subsidio habilitar\u00e1n espacios especiales para promover art\u00edculos de producci\u00f3n nacional. El presidente, se\u00f1alo que \u201cEsta alianza p\u00fablico-privada abre nuevas oportunidades de comercializaci\u00f3n para microempresas, artesanos y empresas p\u00fablicas, generando un impacto positivo en la econom\u00eda nacional y apoyando a nuestros productores\u201d.<\/p>\n\n\n\n<p><a href=\"https:\/\/produccion.gob.bo\/?p=25498\" target=\"_blank\" rel=\"noreferrer noopener\">Presidente inicia la entrega de m\u00e1quinas y equipos a mujeres emprendedoras de seis municipios del pa\u00eds<\/a><\/p>\n\n\n\n<p>El presidente, junto al Ministro de Desarrollo Productivo y Econom\u00eda Plural, inici\u00f3 la entrega de 157 m\u00e1quinas y equipos a mujeres productoras de seis municipios del pa\u00eds, en el marco del \u201cProyecto de Fortalecimiento de Unidades Productivas Lideradas por Mujeres con Enfoque de G\u00e9nero en Bolivia\u201d.<\/p>\n\n\n\n<p><a href=\"https:\/\/produccion.gob.bo\/?p=25456\" target=\"_blank\" rel=\"noreferrer noopener\">Desde este mi\u00e9rcoles, productores y empresarios recibir\u00e1n a diario el pago de sus ventas con el aplicativo m\u00f3vil \u00abConsume Lo Nuestro\u00bb<\/a><\/p>\n\n\n\n<p>Con el objetivo de fortalecer la producci\u00f3n nacional y apoyar a los productores bolivianos, el Ministro de Desarrollo Productivo y Econom\u00eda Plural, inform\u00f3 que a partir de este mi\u00e9rcoles, los pagos a los productores y empresarios que realizan sus ventas a trav\u00e9s del aplicativo m\u00f3vil \u201cConsume Lo Nuestro\u201d ser\u00e1n diarios.<\/p>\n<\/div><\/div>\n\n\n\n<div class=\"wp-block-getwid-accordion__header-wrapper\"><span class=\"wp-block-getwid-accordion__header\"><a href=\"#\"><span class=\"wp-block-getwid-accordion__header-title\"><strong>Brasil<\/strong><\/span><span class=\"wp-block-getwid-accordion__icon is-active\"><i class=\"fas fa-plus\"><\/i><\/span><span class=\"wp-block-getwid-accordion__icon is-passive\"><i class=\"fas fa-minus\"><\/i><\/span><\/a><\/span><\/div><div class=\"wp-block-getwid-accordion__content-wrapper\"><div class=\"wp-block-getwid-accordion__content\">\n<p><a href=\"https:\/\/agenciasebrae.com.br\/economia-e-politica\/acordo-vai-impulsionar-participacao-de-pequenos-negocios-no-comercio-com-o-chile\/\" target=\"_blank\" rel=\"noreferrer noopener\">Acuerdo impulsar\u00e1 participaci\u00f3n de peque\u00f1as empresas en comercio con Chile<\/a><\/p>\n\n\n\n<p>Brasil y Chile est\u00e1n fortaleciendo su asociaci\u00f3n en comercio exterior para beneficiar e impulsar a las peque\u00f1as empresas de ambos pa\u00edses. Para tal efecto, un Memor\u00e1ndum de Entendimiento fue firmado el martes 22 de abril por el presidente del Sebrae y el Servicio de Cooperaci\u00f3n T\u00e9cnica (Sercotec).<\/p>\n\n\n\n<p>Actualmente, Brasil es el tercer mayor proveedor de Chile, con una participaci\u00f3n de mercado del 11%. Al mismo tiempo, Chile es el sexto principal destino de las exportaciones brasile\u00f1as, seg\u00fan datos del Ministerio de Desarrollo, Industria, Comercio y Servicios (MDIC). El acuerdo firmado este martes supone un hito significativo tras m\u00e1s de dos d\u00e9cadas de relaci\u00f3n entre las entidades.<\/p>\n\n\n\n<p><a href=\"https:\/\/agenciasebrae.com.br\/economia-e-politica\/formalizacao-e-credito-garantem-negocios-mais-lucrativos\/\" target=\"_blank\" rel=\"noreferrer noopener\">Formalizaci\u00f3n y garant\u00eda de cr\u00e9dito para negocios m\u00e1s rentables<\/a><\/p>\n\n\n\n<p>El aumento de los ingresos es ahora un 25% mayor, seg\u00fan una encuesta del Sebrae. En total, en 2025, el sector prest\u00f3 m\u00e1s de R$ 1,2 mil millones a 155 mil clientes. Los empresarios informales buscan cada vez m\u00e1s opciones para invertir en el crecimiento de sus peque\u00f1os negocios. As\u00ed lo se\u00f1ala una encuesta de la Asociaci\u00f3n Brasile\u00f1a de Operadores de Microcr\u00e9dito y Microfinanzas (Abcred), que muestra que el 65% de los 155 mil clientes de las instituciones microfinancieras est\u00e1n trabajando en la informalidad. S\u00f3lo a principios de este a\u00f1o, se liberaron R$ 1,22 mil millones en financiamiento.<\/p>\n<\/div><\/div>\n\n\n\n<div class=\"wp-block-getwid-accordion__header-wrapper\"><span class=\"wp-block-getwid-accordion__header\"><a href=\"#\"><span class=\"wp-block-getwid-accordion__header-title\"><strong>Chile<\/strong><\/span><span class=\"wp-block-getwid-accordion__icon is-active\"><i class=\"fas fa-plus\"><\/i><\/span><span class=\"wp-block-getwid-accordion__icon is-passive\"><i class=\"fas fa-minus\"><\/i><\/span><\/a><\/span><\/div><div class=\"wp-block-getwid-accordion__content-wrapper\"><div class=\"wp-block-getwid-accordion__content\">\n<p><a href=\"https:\/\/www.sercotec.cl\/5-millones-entregara-sercotec-a-micro-y-pequenas-empresas-y-cooperativas\/\" target=\"_blank\" rel=\"noreferrer noopener\">SERCOTEC entregar\u00e1 $5 millones a micro y peque\u00f1as empresas y cooperativas<\/a><\/p>\n\n\n\n<p>El programa Crece abri\u00f3 su convocatoria anual, que otorga financiamiento y asistencia t\u00e9cnica para realizar inversiones que impulsen el desarrollo de las PYMES del pa\u00eds. Se puede postular hasta el 30 de abril en <a href=\"http:\/\/www.sercotec.cl\" target=\"_blank\" rel=\"noreferrer noopener\">www.sercotec.cl<\/a>. En el marco de la Semana del Emprendimiento, el Servicio de Cooperaci\u00f3n T\u00e9cnica, Sercotec, dependiente del Ministerio de Econom\u00eda, Fomento y Turismo, anunci\u00f3 la apertura de postulaciones al fondo Crece, iniciativa que busca impulsar el desarrollo de las micro y peque\u00f1as empresas y cooperativas en el pa\u00eds.<\/p>\n\n\n\n<p><a href=\"https:\/\/www.sercotec.cl\/sercotec-lanza-fondo-para-que-mujeres-creen-empresas-en-rubros-con-mayor-presencia-de-hombres\/\" target=\"_blank\" rel=\"noreferrer noopener\">Sercotec lanza fondo para que mujeres creen empresas en rubros con mayor presencia de hombres<\/a><\/p>\n\n\n\n<p>El programa Capital Pioneras abri\u00f3 por primera vez una convocatoria nacional, destinando m\u00e1s de $1.500 millones para entregar financiamiento y apoyo t\u00e9cnico a emprendedoras que busquen iniciar negocios en \u00e1reas como la construcci\u00f3n, miner\u00eda, y reparaci\u00f3n de veh\u00edculos, entre otros. Se puede postular hasta el 15 de abril.<\/p>\n\n\n\n<p><a href=\"https:\/\/www.sercotec.cl\/sercotec-junto-a-la-universidad-de-chile-abren-cupos-gratuitos-para-cursos-de-gestion-empresarial\/\" target=\"_blank\" rel=\"noreferrer noopener\">Sercotec junto a la Universidad de Chile abren cupos gratuitos para cursos de gesti\u00f3n empresarial<\/a><\/p>\n\n\n\n<p>La iniciativa de capacitaci\u00f3n en variadas tem\u00e1ticas busca contribuir al fortalecimiento de las PYMES en el pa\u00eds. El primer curso abordar\u00e1 la digitalizaci\u00f3n para vender y las inscripciones cierran este jueves 27 de marzo.<\/p>\n\n\n\n<p>Con el objetivo de fortalecer el desarrollo de las micro y peque\u00f1as empresas del pa\u00eds, el Servicio de Cooperaci\u00f3n t\u00e9cnica (Sercotec) ha anunciado la apertura de cursos gratuitos orientados a PYMEs que profundizan en tem\u00e1ticas claves para la gesti\u00f3n empresarial. La iniciativa, implementada en conjunto con el Instituto de Estudios Internacionales de la Universidad de Chile (IEI), busca transmitir conocimientos en \u00e1reas como inteligencia artificial, gesti\u00f3n de costos, digitalizaci\u00f3n, sustentabilidad y administraci\u00f3n del tiempo.<\/p>\n\n\n\n<p><a href=\"https:\/\/www.sercotec.cl\/sercotec-abre-fondo-que-promueve-la-creacion-y-formalizacion-de-pymes-en-el-pais\/\" target=\"_blank\" rel=\"noreferrer noopener\">Sercotec abre fondo que promueve la creaci\u00f3n y formalizaci\u00f3n de pymes en el pa\u00eds<\/a><\/p>\n\n\n\n<p>\u201cCapital Semilla Emprende\u201d, iniciativa que otorga subsidios y acompa\u00f1amiento para llevar a cabo una idea de negocio de manera formal, con capacidad de crecimiento y permanencia en el tiempo. Con miras a fomentar el desarrollo de micro y peque\u00f1as empresas formales en Chile, el Servicio de Cooperaci\u00f3n T\u00e9cnica, Sercotec, anunci\u00f3 la apertura de su programa Capital Semilla Emprende, fondo concursable que apoya a que emprendedores y emprendedoras puedan concretar sus ideas de negocio.<\/p>\n<\/div><\/div>\n\n\n\n<div class=\"wp-block-getwid-accordion__header-wrapper\"><span class=\"wp-block-getwid-accordion__header\"><a href=\"#\"><span class=\"wp-block-getwid-accordion__header-title\"><strong>Colombia<\/strong><\/span><span class=\"wp-block-getwid-accordion__icon is-active\"><i class=\"fas fa-plus\"><\/i><\/span><span class=\"wp-block-getwid-accordion__icon is-passive\"><i class=\"fas fa-minus\"><\/i><\/span><\/a><\/span><\/div><div class=\"wp-block-getwid-accordion__content-wrapper\"><div class=\"wp-block-getwid-accordion__content\">\n<p><a href=\"https:\/\/www.mincit.gov.co\/prensa\/noticias\/industria\/empresas-ganadoras-ranking-pago-plazos-justos-2024\" target=\"_blank\" rel=\"noreferrer noopener\">El Ministerio de Comercio, Industria y Turismo entreg\u00f3 los reconocimientos a las empresas ganadoras en el Ranking de Pago en Plazos Justos para los a\u00f1os 2023 y 2024.<\/a><\/p>\n\n\n\n<p>Estas compa\u00f1\u00edas demostraron su compromiso con el pago oportuno a sus proveedores, cumpliendo con plazos inferiores a 45 d\u00edas y fomentando el crecimiento de las MIPYMEs que les proveen bienes y servicios, al brindarles mayor liquidez y un mejor flujo de caja.<\/p>\n<\/div><\/div>\n\n\n\n<div class=\"wp-block-getwid-accordion__header-wrapper\"><span class=\"wp-block-getwid-accordion__header\"><a href=\"#\"><span class=\"wp-block-getwid-accordion__header-title\"><strong>Costa Rica<\/strong><\/span><span class=\"wp-block-getwid-accordion__icon is-active\"><i class=\"fas fa-plus\"><\/i><\/span><span class=\"wp-block-getwid-accordion__icon is-passive\"><i class=\"fas fa-minus\"><\/i><\/span><\/a><\/span><\/div><div class=\"wp-block-getwid-accordion__content-wrapper\"><div class=\"wp-block-getwid-accordion__content\">\n<p><a href=\"https:\/\/www.meic.go.cr\/recomendaciones-clave-para-iniciar-o-fomentar-su-emprendimiento\/\" target=\"_blank\" rel=\"noreferrer noopener\">Recomendaciones clave para iniciar o fomentar su emprendimiento<\/a><\/p>\n\n\n\n<p>En conmemoraci\u00f3n del D\u00eda Mundial del Emprendimiento, que se celebra el pr\u00f3ximo 16 de abril, hemos preparado un video con recomendaciones para quienes desean iniciar o fortalecer su camino en el mundo del emprendimiento.<\/p>\n\n\n\n<p><a href=\"https:\/\/www.meic.go.cr\/viene-la-expopyme-oficial-2025-organizada-por-el-meic\/\" target=\"_blank\" rel=\"noreferrer noopener\">Viene la EXPOPYME Oficial 2025 organizada por el MEIC<\/a><\/p>\n\n\n\n<p>El Ministerio de Econom\u00eda, Industria y Comercio (MEIC), anuncia la apertura de la convocatoria de la EXPOPYME Oficial 2025, dirigida a emprendedores y micro, peque\u00f1as y medianas empresas (MIPYMES) registradas ante el MEIC. Este evento, que se ha consolidado como la expo oficial de PYMES y emprendedores en Costa Rica, es un espacio clave para la visibilizaci\u00f3n, comercializaci\u00f3n y fortalecimiento de los negocios costarricenses, que ofrecer\u00e1 a las empresas seleccionadas, un stand gratuito para su participaci\u00f3n.<\/p>\n<\/div><\/div>\n\n\n\n<div class=\"wp-block-getwid-accordion__header-wrapper\"><span class=\"wp-block-getwid-accordion__header\"><a href=\"#\"><span class=\"wp-block-getwid-accordion__header-title\"><strong>Ecuador<\/strong><\/span><span class=\"wp-block-getwid-accordion__icon is-active\"><i class=\"fas fa-plus\"><\/i><\/span><span class=\"wp-block-getwid-accordion__icon is-passive\"><i class=\"fas fa-minus\"><\/i><\/span><\/a><\/span><\/div><div class=\"wp-block-getwid-accordion__content-wrapper\"><div class=\"wp-block-getwid-accordion__content\">\n<p><a href=\"https:\/\/www.produccion.gob.ec\/credito-busca-transformar-las-remesas-de-los-migrantes-en-negocios-familiares\/\" target=\"_blank\" rel=\"noreferrer noopener\">Cr\u00e9dito busca transformar las remesas de los migrantes en negocios familiares<\/a><\/p>\n\n\n\n<p>EL Instituto de Promoci\u00f3n del Ecuador \u2013 PROECUADOR, adscrito al Ministerio de Producci\u00f3n, Comercio Exterior, Inversiones y Pesca (MPCEIP) y BanEcuador B.P., suscribieron un convenio marco de cooperaci\u00f3n interinstitucional con el cual se apoya a los ecuatorianos que viven en el exterior para convertir sus remesas en negocios. El Producto Remesas Productivo permite acceder a cr\u00e9ditos desde USD 500 hasta los USD 20.000 para ser destinado a emprendimientos locales con potencial exportador. Entre los principales acuerdos de este convenio se impulsa el servicio de remesas, con una alianza con Western Uni\u00f3n que permite a las personas cobrar sus remesas en la red de oficinas del banco.<\/p>\n\n\n\n<p><a href=\"https:\/\/www.produccion.gob.ec\/el-gobierno-nacional-impulsa-creditos-productivos-en-el-tercer-gabinete-sectorial-realizado-en-los-rios\/\" target=\"_blank\" rel=\"noreferrer noopener\">El Gobierno Nacional impulsa cr\u00e9ditos productivos en el tercer Gabinete Sectorial realizado en Los R\u00edos<\/a><\/p>\n\n\n\n<p>El Ministerio de Producci\u00f3n, Comercio Exterior, Inversiones y Pesca lider\u00f3 un espacio de articulaci\u00f3n, coordinaci\u00f3n y armonizaci\u00f3n de pol\u00edticas p\u00fablicas junto con representantes de diversas carteras de Estado, para fortalecer el tejido productivo, promover la competitividad nacional y generar empleo. Entre los principales acuerdos alcanzados se destacan cr\u00e9ditos productivos para peque\u00f1os productores agropecuarios.<\/p>\n<\/div><\/div>\n\n\n\n<div class=\"wp-block-getwid-accordion__header-wrapper\"><span class=\"wp-block-getwid-accordion__header\"><a href=\"#\"><span class=\"wp-block-getwid-accordion__header-title\"><strong>El Salvador<\/strong><\/span><span class=\"wp-block-getwid-accordion__icon is-active\"><i class=\"fas fa-plus\"><\/i><\/span><span class=\"wp-block-getwid-accordion__icon is-passive\"><i class=\"fas fa-minus\"><\/i><\/span><\/a><\/span><\/div><div class=\"wp-block-getwid-accordion__content-wrapper\"><div class=\"wp-block-getwid-accordion__content\">\n<p><a href=\"https:\/\/www.conamype.gob.sv\/blog\/2025\/04\/10\/conamype-y-fantel-clausuran-diplomado-especializado-en-industrializacion-para-la-mype\/\" target=\"_blank\" rel=\"noreferrer noopener\">CONAMYPE y FANTEL clausuran Diplomado Especializado en Industrializaci\u00f3n para la MYPE<\/a><\/p>\n\n\n\n<p>Durante la jornada, un total de 46 micro y peque\u00f1as empresas culminaron con \u00e9xito este proceso de formaci\u00f3n empresarial, representando sectores productivos como alimentos, metalmec\u00e1nica, textil y confecci\u00f3n, cosm\u00e9tica, servicios, entre otros. El diplomado tuvo como prop\u00f3sito principal fortalecer las capacidades industriales de las micro y peque\u00f1as empresas, brind\u00e1ndoles herramientas t\u00e9cnicas y metodol\u00f3gicas para mejorar sus procesos productivos, incrementar su eficiencia operativa y elevar su competitividad en el mercado.<\/p>\n\n\n\n<p><a href=\"https:\/\/www.conamype.gob.sv\/blog\/2025\/04\/10\/conamype-fantel-e-impacthub-impulsan-rueda-de-negocios-entre-mype-del-cluster-smoda-y-empresarios-colombianos\/\" target=\"_blank\" rel=\"noreferrer noopener\">CONAMYPE, FANTEL e ImpactHub impulsan rueda de negocios entre MYPE del Cl\u00faster SMODA y empresarios colombianos<\/a><\/p>\n\n\n\n<p>Se llev\u00f3 a cabo la Rueda de Negocios \u201cConexi\u00f3n Global: Misi\u00f3n El Salvador\u201d. El evento tuvo como objetivo fortalecer los v\u00ednculos comerciales entre empresas salvadore\u00f1as y colombianas del sector textil, confecci\u00f3n y moda. La jornada reuni\u00f3 a 10 micro y peque\u00f1as empresas salvadore\u00f1as del Cl\u00faster Oficial de Moda y Hogar SMODA, quienes participaron en una din\u00e1mica interactiva con 10 PYMES colombianas. El formato del encuentro fue dise\u00f1ado para fomentar oportunidades de negocio, intercambio de conocimientos y conexiones estrat\u00e9gicas entre ambas delegaciones.<\/p>\n<\/div><\/div>\n\n\n\n<div class=\"wp-block-getwid-accordion__header-wrapper\"><span class=\"wp-block-getwid-accordion__header\"><a href=\"#\"><span class=\"wp-block-getwid-accordion__header-title\"><strong>Estados Unidos de Am\u00e9rica<\/strong><\/span><span class=\"wp-block-getwid-accordion__icon is-active\"><i class=\"fas fa-plus\"><\/i><\/span><span class=\"wp-block-getwid-accordion__icon is-passive\"><i class=\"fas fa-minus\"><\/i><\/span><\/a><\/span><\/div><div class=\"wp-block-getwid-accordion__content-wrapper\"><div class=\"wp-block-getwid-accordion__content\">\n<p><a href=\"https:\/\/www.sba.gov\/article\/2025\/03\/19\/sba-sets-dates-free-national-small-business-week-virtual-summit\" target=\"_blank\" rel=\"noreferrer noopener\">La SBA fija las fechas de la Cumbre Virtual Gratuita de la Semana Nacional de la Peque\u00f1a Empresa<\/a><\/p>\n\n\n\n<p>La Administraci\u00f3n de Peque\u00f1as Empresas (SBA) de EE. UU. y SCORE, mentores de las peque\u00f1as empresas estadounidenses y socio de recursos de la SBA, fijaron las fechas de la Cumbre Virtual de la Semana Nacional de la Peque\u00f1a Empresa 2025. El evento en l\u00ednea gratuito de dos d\u00edas se llevar\u00e1 a cabo el 6 y el 7 de mayo, de 10:00 a. m. a 6:00 p. m., hora del este, y es necesario registrarse (<a href=\"https:\/\/vevents.virtualtradeshowhosting.com\/event\/NSBWVirtualSummit\/2025\/register?mcc=SBALandingWebPage\" target=\"_blank\" rel=\"noreferrer noopener\">https:\/\/vevents.virtualtradeshowhosting.com\/event\/NSBWVirtualSummit\/2025\/register?mcc=SBALandingWebPage<\/a>).\u00a0 La cumbre virtual incluir\u00e1 talleres educativos impartidos por copatrocinadores, acceso a recursos federales y oportunidades de networking y mentor\u00eda. Los participantes podr\u00e1n aprender sobre una amplia gama de temas, como manufactura, marketing digital, ciberseguridad e inteligencia artificial, criptomonedas y recursos para negocios en l\u00ednea.<\/p>\n<\/div><\/div>\n\n\n\n<div class=\"wp-block-getwid-accordion__header-wrapper\"><span class=\"wp-block-getwid-accordion__header\"><a href=\"#\"><span class=\"wp-block-getwid-accordion__header-title\"><strong>Guatemala<\/strong><\/span><span class=\"wp-block-getwid-accordion__icon is-active\"><i class=\"fas fa-plus\"><\/i><\/span><span class=\"wp-block-getwid-accordion__icon is-passive\"><i class=\"fas fa-minus\"><\/i><\/span><\/a><\/span><\/div><div class=\"wp-block-getwid-accordion__content-wrapper\"><div class=\"wp-block-getwid-accordion__content\">\n<p><a href=\"https:\/\/www.mineco.gob.gt\/mineco-fortalece-capacidades-en-el-taller-estrategias-comerciales-de-ventas-al-estado\" target=\"_blank\" rel=\"noreferrer noopener\">Mineco fortalece capacidades en el taller \u201cEstrategias comerciales de ventas al Estado\u201d<\/a><\/p>\n\n\n\n<p>El Viceministerio de Desarrollo de la MIPYME por medio de Servicios de Desarrollo Empresarial realiz\u00f3 el taller de \u201cEstrategias comerciales de ventas al Estado\u201d, aport\u00f3 a los empresarios participantes una serie de conocimientos sobre c\u00f3mo se llevan a cabo las adquisiciones p\u00fablicas por parte de las unidades compradoras de Gobierno; esto con el fin de crear una estrategia comercial adecuada para el abordaje de este mercado.<\/p>\n\n\n\n<p><a href=\"https:\/\/www.mineco.gob.gt\/ministerio-de-economia-impulsa-el-acceso-al-credito-con-el-primer-taller-sobre-garantias-mobiliarias\" target=\"_blank\" rel=\"noreferrer noopener\">Ministerio de Econom\u00eda impulsa el acceso al cr\u00e9dito con el Primer Taller sobre Garant\u00edas Mobiliarias<\/a><\/p>\n\n\n\n<p>El Ministerio de Econom\u00eda, a trav\u00e9s del Viceministerio de Asuntos Registrales y el Registro de Garant\u00edas Mobiliarias (RGM), marca un nuevo hito en su compromiso con el desarrollo econ\u00f3mico del pa\u00eds al inaugurar el Primer Taller sobre Garant\u00edas Mobiliarias. La actividad, que cuenta con la participaci\u00f3n de usuarios del Registro, cooperativas, MiPymes, financieras, bancos y emprendedores, tiene como objetivo intercambiar experiencias y promover acciones que fortalezcan el acceso al cr\u00e9dito e inclusi\u00f3n financiera para micros, peque\u00f1as y medianas empresas.<\/p>\n<\/div><\/div>\n\n\n\n<div class=\"wp-block-getwid-accordion__header-wrapper\"><span class=\"wp-block-getwid-accordion__header\"><a href=\"#\"><span class=\"wp-block-getwid-accordion__header-title\"><strong>Jamaica<\/strong><\/span><span class=\"wp-block-getwid-accordion__icon is-active\"><i class=\"fas fa-plus\"><\/i><\/span><span class=\"wp-block-getwid-accordion__icon is-passive\"><i class=\"fas fa-minus\"><\/i><\/span><\/a><\/span><\/div><div class=\"wp-block-getwid-accordion__content-wrapper\"><div class=\"wp-block-getwid-accordion__content\">\n<p><a href=\"https:\/\/opm.gov.jm\/news\/prime-minister-holness-announces-bold-improvements-to-reduce-bureaucracy-and-fast-track-economic-growth\/\" target=\"_blank\" rel=\"noreferrer noopener\">El Primer Ministro anuncia mejoras significativas para reducir la burocracia y acelerar el crecimiento econ\u00f3mico.<\/a><\/p>\n\n\n\n<p>En una medida decisiva para acelerar la transformaci\u00f3n econ\u00f3mica de Jamaica, el Primer Ministro anunci\u00f3 reformas radicales destinadas a agilizar los procesos de la burocracia p\u00fablica y eliminar las ineficiencias burocr\u00e1ticas que frenan el crecimiento.<\/p>\n<\/div><\/div>\n\n\n\n<div class=\"wp-block-getwid-accordion__header-wrapper\"><span class=\"wp-block-getwid-accordion__header\"><a href=\"#\"><span class=\"wp-block-getwid-accordion__header-title\"><strong>Paraguay<\/strong><\/span><span class=\"wp-block-getwid-accordion__icon is-active\"><i class=\"fas fa-plus\"><\/i><\/span><span class=\"wp-block-getwid-accordion__icon is-passive\"><i class=\"fas fa-minus\"><\/i><\/span><\/a><\/span><\/div><div class=\"wp-block-getwid-accordion__content-wrapper\"><div class=\"wp-block-getwid-accordion__content\">\n<p><a href=\"https:\/\/www.mic.gov.py\/analizan-desafios-para-la-formalizacion-y-competitividad-de-las-mipymes\/\" target=\"_blank\" rel=\"noreferrer noopener\">Analizan desaf\u00edos para la formalizaci\u00f3n y competitividad de las Mipymes<\/a><\/p>\n\n\n\n<p>Los viceministros del MIC, de Comercio y Servicios y Mipymes, mantuvieron una reuni\u00f3n de trabajo con el presidente de la Asociaci\u00f3n de Comerciantes e Importadores del Paraguay (ASIMCOPAR), donde conversaron sobre los grandes desaf\u00edos para el sector, la formalizaci\u00f3n y competitividad de las Micro, Peque\u00f1as y Medianas Empresas. La reuni\u00f3n gir\u00f3 en torno a ejes tem\u00e1ticos espec\u00edficos como la facilitaci\u00f3n del comercio en Paraguay, digitalizaci\u00f3n de Mipymes, bancarizaci\u00f3n y tarjetas de cr\u00e9dito, as\u00ed como el comercio internacional.<\/p>\n\n\n\n<p><a href=\"https:\/\/www.mic.gov.py\/mision-del-inti-de-argentina-para-fortalecer-productividad-de-las-mipymes-de-alto-parana-e-itapua\/\" target=\"_blank\" rel=\"noreferrer noopener\">Misi\u00f3n del INTI de Argentina para fortalecer productividad de las Mipymes de Alto Paran\u00e1 e Itap\u00faa<\/a><\/p>\n\n\n\n<p>Una delegaci\u00f3n t\u00e9cnica del Instituto Nacional de Tecnolog\u00eda Industria (INTI) de Argentina visit\u00f3 nuestro pa\u00eds en el marco del proyecto \u201cAsesoramiento para el fortalecimiento del sistema de apoyo a Pymes y emprendedores a trav\u00e9s de los Servicios de Desarrollo Empresarial (SDE) ejecutado por el MIC\u201d, e implementado a trav\u00e9s de la Direcci\u00f3n General de Desarrollo Regional y la Direcci\u00f3n General de Capacitaci\u00f3n y Asistencia T\u00e9cnica de los viceministerios de Industria y Mipymes.<\/p>\n<\/div><\/div>\n\n\n\n<div class=\"wp-block-getwid-accordion__header-wrapper\"><span class=\"wp-block-getwid-accordion__header\"><a href=\"#\"><span class=\"wp-block-getwid-accordion__header-title\"><strong>M\u00e9xico<\/strong><\/span><span class=\"wp-block-getwid-accordion__icon is-active\"><i class=\"fas fa-plus\"><\/i><\/span><span class=\"wp-block-getwid-accordion__icon is-passive\"><i class=\"fas fa-minus\"><\/i><\/span><\/a><\/span><\/div><div class=\"wp-block-getwid-accordion__content-wrapper\"><div class=\"wp-block-getwid-accordion__content\">\n<p><a href=\"https:\/\/www.gob.mx\/se\/prensa\/expertas-en-la-economia-digital-impulsa-la-transformacion-tecnologica-para-cerrar-el-mes-de-la-mujer-2025?idiom=es\" target=\"_blank\" rel=\"noreferrer noopener\">\u00abExpertas en la econom\u00eda digital\u00bb impulsa la transformaci\u00f3n tecnol\u00f3gica para cerrar el Mes de la Mujer 2025<\/a><\/p>\n\n\n\n<p>Dado que actualmente en M\u00e9xico el 67.5 por ciento de las organizaciones identifican la ciberseguridad y la protecci\u00f3n de datos como su principal riesgo, reflejando la creciente complejidad de las amenazas cibern\u00e9ticas, el evento incluy\u00f3 la ponencia \u00abCiberseguridad en la econom\u00eda digital\u00bb.<\/p>\n\n\n\n<p><a href=\"https:\/\/www.gob.mx\/se\/prensa\/relanzan-en-guanajuato-la-campana-nacional-hecho-en-mexico-y-reconocen-a-empresas?idiom=es\" target=\"_blank\" rel=\"noreferrer noopener\">Relanzan en Guanajuato la campa\u00f1a nacional Hecho en M\u00e9xico y reconocen a empresas<\/a><\/p>\n\n\n\n<p>Durante el acto, realizado en el municipio de Celaya, se destac\u00f3 que M\u00e9xico vive una nueva era de la econom\u00eda mundial, en la que el pa\u00eds ha logrado posicionarse con el mejor trato preferencial entre 185 naciones, gracias a su estrategia comercial dentro del T-MEC, que mantiene aranceles del 0% para sectores clave como el agroalimentario, calzado y textil. \u201cEl distintivo Hecho en M\u00e9xico no es solo un logotipo, es una declaraci\u00f3n de identidad, una plataforma que une al productor del campo con el consumidor de la ciudad, a la peque\u00f1a empresa con el gran comercio, a los sue\u00f1os individuales con un proyecto colectivo de naci\u00f3n\u201d.<\/p>\n<\/div><\/div>\n\n\n\n<div class=\"wp-block-getwid-accordion__header-wrapper\"><span class=\"wp-block-getwid-accordion__header\"><a href=\"#\"><span class=\"wp-block-getwid-accordion__header-title\"><strong>Per\u00fa<\/strong><\/span><span class=\"wp-block-getwid-accordion__icon is-active\"><i class=\"fas fa-plus\"><\/i><\/span><span class=\"wp-block-getwid-accordion__icon is-passive\"><i class=\"fas fa-minus\"><\/i><\/span><\/a><\/span><\/div><div class=\"wp-block-getwid-accordion__content-wrapper\"><div class=\"wp-block-getwid-accordion__content\">\n<p><a href=\"https:\/\/www.gob.pe\/institucion\/produce\/noticias\/1147330-produce-formaliza-mas-de-22-000-negocios-y-abre-mas-puntos-de-atencion-a-nivel-nacional\" target=\"_blank\" rel=\"noreferrer noopener\">PRODUCE formaliza m\u00e1s de 22 000 negocios y abre m\u00e1s puntos de atenci\u00f3n a nivel nacional<\/a><\/p>\n\n\n\n<p>El Ministerio de la Producci\u00f3n (PRODUCE), a trav\u00e9s del Programa Tu Empresa, ha formalizado hasta la fecha un total de 22 428 unidades econ\u00f3micas-mype a nivel nacional, lo que ha generado un ahorro econ\u00f3mico de S\/ 4.6 millones para los emprendedores. Este resultado ha sido posible gracias al asesoramiento gratuito que se brinda en los Centros de Desarrollo Empresarial (CDE), espacios ubicados en diversas regiones del pa\u00eds, donde los emprendedores reciben acompa\u00f1amiento durante todo el proceso de formalizaci\u00f3n.<\/p>\n\n\n\n<p><a href=\"https:\/\/www.gob.pe\/institucion\/produce\/noticias\/1138349-produce-impulsa-la-simplificacion-y-la-digitalizacion-de-tramites-para-facilitar-la-apertura-de-negocios-e-impulsar-inversiones-en-peru\" target=\"_blank\" rel=\"noreferrer noopener\">PRODUCE impulsa la simplificaci\u00f3n y la digitalizaci\u00f3n de tr\u00e1mites para facilitar la apertura de negocios e impulsar inversiones en Per\u00fa<\/a><\/p>\n\n\n\n<p>En el marco de la Segunda Misi\u00f3n de Investigaci\u00f3n de la Organizaci\u00f3n para la Cooperaci\u00f3n y el Desarrollo Econ\u00f3mico (OCDE), el Ministerio de la Producci\u00f3n (PRODUCE) lider\u00f3 la reuni\u00f3n de trabajo: Abrir un Negocio en el Per\u00fa. Esta actividad marca un hito hacia la implementaci\u00f3n de la Ventanilla \u00danica Digital (VUD), que es una iniciativa clave para la simplificaci\u00f3n y digitalizaci\u00f3n de los tr\u00e1mites de las actividades productivas en el pa\u00eds. El viceministro de MYPE e Industria, resalt\u00f3 la importancia de esta iniciativa para fortalecer el ecosistema emprendedor peruano.<\/p>\n\n\n\n<p><a href=\"https:\/\/www.gob.pe\/institucion\/produce\/noticias\/1137305-produce-lanza-produce-mas-el-canal-digital-que-facilita-el-crecimiento-de-emprendedores\" target=\"_blank\" rel=\"noreferrer noopener\">PRODUCE lanza \u201cProduce M\u00e1s\u201d, el canal digital que facilita el crecimiento de emprendedores<\/a><\/p>\n\n\n\n<p>En el marco de la Sesi\u00f3n de Entrenamiento Digital (SED) MYPE Callao, el Ministro de la Producci\u00f3n, Sergio Gonz\u00e1lez, present\u00f3 \u201cProduce M\u00e1s\u201d, un nuevo canal digital dise\u00f1ado para impulsar la creaci\u00f3n, crecimiento y consolidaci\u00f3n de emprendedores de la micro y peque\u00f1a empresa (MYPE) en diversos sectores productivos, incluyendo pesca y acuicultura.<\/p>\n<\/div><\/div>\n\n\n\n<div class=\"wp-block-getwid-accordion__header-wrapper\"><span class=\"wp-block-getwid-accordion__header\"><a href=\"#\"><span class=\"wp-block-getwid-accordion__header-title\"><strong>Rep\u00fablica Dominicana<\/strong><\/span><span class=\"wp-block-getwid-accordion__icon is-active\"><i class=\"fas fa-plus\"><\/i><\/span><span class=\"wp-block-getwid-accordion__icon is-passive\"><i class=\"fas fa-minus\"><\/i><\/span><\/a><\/span><\/div><div class=\"wp-block-getwid-accordion__content-wrapper\"><div class=\"wp-block-getwid-accordion__content\">\n<p><a href=\"https:\/\/micm.gob.do\/micm-y-pnud-capacitan-consultores-para-fortalecer-mipymes-en-el-pais\/\" target=\"_blank\" rel=\"noreferrer noopener\">MICM y PNUD capacitan consultores para fortalecer MIPYMES en el pa\u00eds<\/a><\/p>\n\n\n\n<p>El Ministerio de Industria Comercio y MIPYMEs y el Programa de las Naciones Unidas para el Desarrollo (PNUD), en Rep\u00fablica Dominicana, realizaron el curso de formaci\u00f3n de personas consultoras de negocios en la metodolog\u00eda \u201cEn Marcha\u201d. Esta metodolog\u00eda se enfoca en asesorar a emprendedores, micro y peque\u00f1os empresarios\/as para fortalecer sus capacidades, fomentando su competitividad y sostenibilidad en el mercado a trav\u00e9s de la innovaci\u00f3n en modelos de negocio y la mejora de su imagen comercial.<\/p>\n<\/div><\/div>\n\n\n\n<div class=\"wp-block-getwid-accordion__header-wrapper\"><span class=\"wp-block-getwid-accordion__header\"><a href=\"#\"><span class=\"wp-block-getwid-accordion__header-title\"><strong>Santa Luc\u00eda<\/strong><\/span><span class=\"wp-block-getwid-accordion__icon is-active\"><i class=\"fas fa-plus\"><\/i><\/span><span class=\"wp-block-getwid-accordion__icon is-passive\"><i class=\"fas fa-minus\"><\/i><\/span><\/a><\/span><\/div><div class=\"wp-block-getwid-accordion__content-wrapper\"><div class=\"wp-block-getwid-accordion__content\">\n<p><a href=\"https:\/\/www.govt.lc\/news\/thirty-three-complete-yea-accounting-software-integration-training-programme\" target=\"_blank\" rel=\"noreferrer noopener\">Treinta y tres participantes completaron el Programa de Formaci\u00f3n en Integraci\u00f3n de Software Contable de YEA<\/a><\/p>\n\n\n\n<p>Treinta y tres participantes completaron el Programa de Formaci\u00f3n en Integraci\u00f3n de Software Contable de Contabilidad II, organizado por la Agencia de Econom\u00eda Juvenil (YEA). El programa de formaci\u00f3n se imparti\u00f3 bajo el lema \u00abConstruyendo Confianza Financiera: El Poder de una Contabilidad Precisa\u00bb. El curso integral de cinco semanas abarc\u00f3 los fundamentos del software contable, desde la configuraci\u00f3n inicial hasta las funciones avanzadas y la resoluci\u00f3n de problemas. El curso fue dise\u00f1ado para usuarios principiantes e intermedios que desean gestionar eficazmente los registros financieros de su organizaci\u00f3n.<\/p>\n<\/div><\/div>\n\n\n\n<div class=\"wp-block-getwid-accordion__header-wrapper\"><span class=\"wp-block-getwid-accordion__header\"><a href=\"#\"><span class=\"wp-block-getwid-accordion__header-title\"><strong>Trinidad y Tobago<\/strong><\/span><span class=\"wp-block-getwid-accordion__icon is-active\"><i class=\"fas fa-plus\"><\/i><\/span><span class=\"wp-block-getwid-accordion__icon is-passive\"><i class=\"fas fa-minus\"><\/i><\/span><\/a><\/span><\/div><div class=\"wp-block-getwid-accordion__content-wrapper\"><div class=\"wp-block-getwid-accordion__content\">\n<p><a href=\"https:\/\/www.finance.gov.tt\/wp-content\/uploads\/2025\/04\/Media-Release-Operationalization-of-SME-Forex-Window-by-the-Export-Import-Bank-of-Trinidad-and-Tobago.pdf\" target=\"_blank\" rel=\"noreferrer noopener\">Puesta en funcionamiento de la Ventanilla de Divisas para PYMES por parte del Banco de Exportaci\u00f3n e Importaci\u00f3n de Trinidad y Tobago<\/a><\/p>\n\n\n\n<p>El Ministerio de Finanzas informa sobre el lanzamiento de la Ventanilla de Divisas para PYMES como proyecto piloto a trav\u00e9s del Banco de Exportaci\u00f3n e Importaci\u00f3n de Trinidad y Tobago. Este proyecto ampliar\u00e1 los programas de divisas vigentes por este Gobierno y est\u00e1 espec\u00edficamente dirigido a apoyar el crecimiento y la actividad econ\u00f3mica de las peque\u00f1as y medianas empresas (PYME). Actualmente, esta nueva ventanilla de divisas estar\u00e1 disponible para los clientes de Republic Bank Limited (RBL) y First Citizens Bank Limited (FCB) y podr\u00e1 ser utilizada por PYME de todos los sectores, incluyendo comercio minorista y servicios. Las empresas elegibles podr\u00e1n acceder a hasta US$50.000 mensuales para cubrir gastos comerciales internacionales, lo que se espera que mejore el acceso a divisas para muchas empresas a corto plazo.<\/p>\n<\/div><\/div>\n\n\n\n<div class=\"wp-block-getwid-accordion__header-wrapper\"><span class=\"wp-block-getwid-accordion__header\"><a href=\"#\"><span class=\"wp-block-getwid-accordion__header-title\"><strong>Uruguay<\/strong><\/span><span class=\"wp-block-getwid-accordion__icon is-active\"><i class=\"fas fa-plus\"><\/i><\/span><span class=\"wp-block-getwid-accordion__icon is-passive\"><i class=\"fas fa-minus\"><\/i><\/span><\/a><\/span><\/div><div class=\"wp-block-getwid-accordion__content-wrapper\"><div class=\"wp-block-getwid-accordion__content\">\n<p><a href=\"https:\/\/www.gub.uy\/ministerio-industria-energia-mineria\/comunicacion\/noticias\/miem-inicia-recorrida-interior-foco-desarrollo-productivo-descentralizacion\" target=\"_blank\" rel=\"noreferrer noopener\">MIEM inicia recorrida por el interior con foco en el desarrollo productivo y la descentralizaci\u00f3n<\/a><\/p>\n\n\n\n<p>El gobierno realiz\u00f3 una serie de encuentros en Rocha con actores del ecosistema productivo, acad\u00e9mico y comercial, para delinear una agenda de trabajo conjunta. El MIEM apuesta por el fortalecimiento territorial, el impulso a las MIPYMES, la inserci\u00f3n laboral de j\u00f3venes profesionales y el cierre de brechas tecnol\u00f3gicas en el pa\u00eds.<\/p>\n\n\n\n<p><a href=\"https:\/\/www.gub.uy\/ministerio-industria-energia-mineria\/comunicacion\/noticias\/dnpi-participo-sesion-inaugural-del-curso-propiedad-intelectual-para-mujeres\" target=\"_blank\" rel=\"noreferrer noopener\">DNPI particip\u00f3 de la sesi\u00f3n inaugural del Curso de Propiedad Intelectual para Mujeres Emprendedoras de Am\u00e9rica Latina<\/a><\/p>\n\n\n\n<p>Uruguay participa, junto a Honduras, Nicaragua y Panam\u00e1, de esta iniciativa de OMPI que busca desarrollar y potenciar a las mujeres emprendedoras de Am\u00e9rica Latina para fortalecer su participaci\u00f3n en el ecosistema de la propiedad intelectual. Promueve la creaci\u00f3n de valor a trav\u00e9s de la gesti\u00f3n de los activos intangibles y busca facilitar el acceso a redes de pares y potenciar los v\u00ednculos asociativos.<\/p>\n<\/div><\/div>\n<\/div>\n\n\n\n<p><\/p>\n","protected":false},"excerpt":{"rendered":"<p>OEA MIPYME &#8211; Bolet\u00edn Informativo sobre MIPYMEs: (Abril de 2025): El Bolet\u00edn MIPYMEs de la OEA se dedica a las medidas anunciadas recientemente por los Estados miembros de la OEA para la recuperaci\u00f3n econ\u00f3mica de las micro, peque\u00f1as y medianas empresas (MIPYME). Las respuestas pol\u00edticas var\u00edan de un pa\u00eds a otro y son espec\u00edficas a [&hellip;]<\/p>\n","protected":false},"author":2,"featured_media":0,"comment_status":"closed","ping_status":"closed","sticky":false,"template":"","format":"standard","meta":{"iawp_total_views":14,"footnotes":""},"categories":[24],"tags":[],"class_list":["post-3276","post","type-post","status-publish","format-standard","hentry","category-newsletters"],"_links":{"self":[{"href":"https:\/\/msme-clearinghouse.com\/es\/wp-json\/wp\/v2\/posts\/3276","targetHints":{"allow":["GET"]}}],"collection":[{"href":"https:\/\/msme-clearinghouse.com\/es\/wp-json\/wp\/v2\/posts"}],"about":[{"href":"https:\/\/msme-clearinghouse.com\/es\/wp-json\/wp\/v2\/types\/post"}],"author":[{"embeddable":true,"href":"https:\/\/msme-clearinghouse.com\/es\/wp-json\/wp\/v2\/users\/2"}],"replies":[{"embeddable":true,"href":"https:\/\/msme-clearinghouse.com\/es\/wp-json\/wp\/v2\/comments?post=3276"}],"version-history":[{"count":7,"href":"https:\/\/msme-clearinghouse.com\/es\/wp-json\/wp\/v2\/posts\/3276\/revisions"}],"predecessor-version":[{"id":3288,"href":"https:\/\/msme-clearinghouse.com\/es\/wp-json\/wp\/v2\/posts\/3276\/revisions\/3288"}],"wp:attachment":[{"href":"https:\/\/msme-clearinghouse.com\/es\/wp-json\/wp\/v2\/media?parent=3276"}],"wp:term":[{"taxonomy":"category","embeddable":true,"href":"https:\/\/msme-clearinghouse.com\/es\/wp-json\/wp\/v2\/categories?post=3276"},{"taxonomy":"post_tag","embeddable":true,"href":"https:\/\/msme-clearinghouse.com\/es\/wp-json\/wp\/v2\/tags?post=3276"}],"curies":[{"name":"wp","href":"https:\/\/api.w.org\/{rel}","templated":true}]}}