{"id":3291,"date":"2025-05-24T17:03:16","date_gmt":"2025-05-24T21:03:16","guid":{"rendered":"https:\/\/msme-clearinghouse.com\/es\/?p=3291"},"modified":"2025-05-27T13:39:34","modified_gmt":"2025-05-27T17:39:34","slug":"mayo-2025","status":"publish","type":"post","link":"https:\/\/msme-clearinghouse.com\/es\/mayo-2025\/","title":{"rendered":"Mayo 2025"},"content":{"rendered":"\n<h2 class=\"wp-block-heading &quot;wp-block-heading&quot;\"><strong>OEA MIPYME &#8211; Bolet\u00edn Informativo sobre MIPYMEs: (Mayo de 2025):<\/strong><\/h2>\n\n\n\n<p>El Bolet\u00edn MIPYMEs de la OEA se dedica a las medidas anunciadas recientemente por los Estados miembros de la OEA para la recuperaci\u00f3n econ\u00f3mica de las micro, peque\u00f1as y medianas empresas (MIPYME). Las respuestas pol\u00edticas var\u00edan de un pa\u00eds a otro y son espec\u00edficas a las circunstancias econ\u00f3micas de cada Estado miembro. Dado que cada d\u00eda se producen nuevos desarrollos, este inventario no es exhaustivo.<\/p>\n\n\n\n<p class=\"has-luminous-vivid-orange-color has-text-color has-link-color wp-elements-f2e902a6ac395f8fb6dcfb1a56a60226\"><strong>Centro de Informaci\u00f3n para MIPYMES de la OEA<\/strong><\/p>\n\n\n\n<p><strong>Programa Formativo \u00abTodo en Finanzas para MIYPMES\u00bb<\/strong><\/p>\n\n\n\n<p>\u00a1CONVOCATORIA ABIERTA!&nbsp; CIERRE: 15 DE JUNIO 2025 PROGRAMA DE FORMACION GRATUITA Dirigido a empresarias de Guatemala, El Salvador y Honduras. Aplica a nuestro programa y recibe formaci\u00f3n, acompa\u00f1amiento y asesor\u00eda t\u00e9cnica gratuita en gesti\u00f3n financiera para mipymes. 3 meses &#8211; 9 m\u00f3dulos 100 % virtual Plataforma Zoom y Moodle Requisitos:&nbsp; Ser mujer empresaria con un negocio de m\u00ednimo 1 a\u00f1o de funcionamiento. Tener acceso a internet y a un dispositivo electr\u00f3nico. Disposici\u00f3n para participar en sesiones virtuales. <a href=\"https:\/\/wee-msme-clearinghouse.com\/es\/event\/programa-formativo-todo-en-finanzas-para-miypmes\/\" target=\"_blank\" rel=\"noreferrer noopener\"><strong>Postula Aqu\u00ed<\/strong><\/a><\/p>\n\n\n\n<p><a href=\"#\"><strong>Pol\u00edticas de respuesta de los Pa\u00edses<\/strong><\/a><\/p>\n\n\n\n<div class=\"wp-block-getwid-accordion has-icon-left\" data-active-element=\"none\">\n<div class=\"wp-block-getwid-accordion__header-wrapper\"><span class=\"wp-block-getwid-accordion__header\"><a href=\"#\"><span class=\"wp-block-getwid-accordion__header-title\"><strong>Argentina<\/strong><\/span><span class=\"wp-block-getwid-accordion__icon is-active\"><i class=\"fas fa-plus\"><\/i><\/span><span class=\"wp-block-getwid-accordion__icon is-passive\"><i class=\"fas fa-minus\"><\/i><\/span><\/a><\/span><\/div><div class=\"wp-block-getwid-accordion__content-wrapper\"><div class=\"wp-block-getwid-accordion__content\">\n<p><a href=\"https:\/\/www.argentina.gob.ar\/noticias\/salta-fue-sede-del-dia-pyme-casfog-para-impulsar-el-desarrollo-productivo-regional\" target=\"_blank\" rel=\"noreferrer noopener\">Salta fue sede del \u201cD\u00eda PyME CASFOG\u201d para impulsar el desarrollo productivo regional<\/a><\/p>\n\n\n\n<p>Se trat\u00f3 de una jornada federal orientada a fortalecer el entramado productivo nacional. Evento promovido por la la C\u00e1mara Argentina de Sociedades y Fondos de Garant\u00eda (CASFOG), en articulaci\u00f3n con la Secretar\u00eda de la Peque\u00f1a y Mediana Empresa, Emprendedores y Econom\u00eda del Conocimiento. Este evento permiti\u00f3 compartir informaci\u00f3n sobre herramientas de financiamiento, garant\u00edas, rondas de negocios y posibilidades de articulaci\u00f3n entre los sectores p\u00fablico y privado.<\/p>\n<\/div><\/div>\n\n\n\n<div class=\"wp-block-getwid-accordion__header-wrapper\"><span class=\"wp-block-getwid-accordion__header\"><a href=\"#\"><span class=\"wp-block-getwid-accordion__header-title\"><strong>Bolivia<\/strong><\/span><span class=\"wp-block-getwid-accordion__icon is-active\"><i class=\"fas fa-plus\"><\/i><\/span><span class=\"wp-block-getwid-accordion__icon is-passive\"><i class=\"fas fa-minus\"><\/i><\/span><\/a><\/span><\/div><div class=\"wp-block-getwid-accordion__content-wrapper\"><div class=\"wp-block-getwid-accordion__content\">\n<p><a href=\"https:\/\/produccion.gob.bo\/?p=25777\" target=\"_blank\" rel=\"noreferrer noopener\">Ministerio de Desarrollo Productivo entrega m\u00e1quinas y equipos a mujeres emprendedoras de Santa Cruz<\/a><\/p>\n\n\n\n<p>El ministro de Desarrollo Productivo y Econom\u00eda Plural entreg\u00f3 143 m\u00e1quinas y equipos a mujeres productoras de tres municipios del departamento de Santa Cruz a trav\u00e9s del \u201cProyecto de Fortalecimiento de Unidades Productivas Lideradas por Mujeres con Enfoque de G\u00e9nero en Bolivia\u201d.<\/p>\n<\/div><\/div>\n\n\n\n<div class=\"wp-block-getwid-accordion__header-wrapper\"><span class=\"wp-block-getwid-accordion__header\"><a href=\"#\"><span class=\"wp-block-getwid-accordion__header-title\"><strong>Brasil<\/strong><\/span><span class=\"wp-block-getwid-accordion__icon is-active\"><i class=\"fas fa-plus\"><\/i><\/span><span class=\"wp-block-getwid-accordion__icon is-passive\"><i class=\"fas fa-minus\"><\/i><\/span><\/a><\/span><\/div><div class=\"wp-block-getwid-accordion__content-wrapper\"><div class=\"wp-block-getwid-accordion__content\">\n<p><a href=\"https:\/\/agenciasebrae.com.br\/economia-e-politica\/programa-de-acesso-a-credito-para-empreendedores-de-baixa-renda-e-regulamentado\/\" target=\"_blank\" rel=\"noreferrer noopener\">Se regula programa de acceso al cr\u00e9dito para emprendedores de bajos ingresos<\/a><\/p>\n\n\n\n<p>El Programa Cree en el Primer Paso, que impulsa la oferta de microcr\u00e9ditos a las personas inscritas en el Registro \u00danico de Programas Sociales del Gobierno Federal, fue regulado por el Gobierno Federal. La ordenanza fue publicada por el Ministerio de Desarrollo y Asistencia Social, Familia y Lucha contra el Hambre (MDS). La medida refuerza el enfoque en territorios de alta vulnerabilidad socioecon\u00f3mica y prioriza el trabajo con personas con discapacidad, mujeres, j\u00f3venes, negros, miembros de poblaciones tradicionales y ribere\u00f1as.<\/p>\n\n\n\n<p><a href=\"https:\/\/agenciasebrae.com.br\/cultura-empreendedora\/sebrae-e-shopee-lancam-plataforma-para-apoiar-digitalizacao-de-pequenos-negocios\/\" target=\"_blank\" rel=\"noreferrer noopener\">Sebrae y Shopee lanzan plataforma para impulsar la digitalizaci\u00f3n de peque\u00f1as empresas<\/a><\/p>\n\n\n\n<p>Sebrae y Shopee anuncian una nueva plataforma de capacitaci\u00f3n gratuita, dise\u00f1ada para ayudar a los peque\u00f1os emprendedores a prosperar en el mercado digital. La iniciativa forma parte de la alianza establecida a finales de 2024 entre ambas organizaciones y busca fortalecer el emprendimiento brasile\u00f1o mediante las mejores pr\u00e1cticas para crear y expandir negocios en el comercio electr\u00f3nico.<\/p>\n<\/div><\/div>\n\n\n\n<div class=\"wp-block-getwid-accordion__header-wrapper\"><span class=\"wp-block-getwid-accordion__header\"><a href=\"#\"><span class=\"wp-block-getwid-accordion__header-title\"><strong>Chile<\/strong><\/span><span class=\"wp-block-getwid-accordion__icon is-active\"><i class=\"fas fa-plus\"><\/i><\/span><span class=\"wp-block-getwid-accordion__icon is-passive\"><i class=\"fas fa-minus\"><\/i><\/span><\/a><\/span><\/div><div class=\"wp-block-getwid-accordion__content-wrapper\"><div class=\"wp-block-getwid-accordion__content\">\n<p><a href=\"https:\/\/www.sercotec.cl\/5-millones-entregara-sercotec-a-micro-y-pequenas-empresas-y-cooperativas\/\" target=\"_blank\" rel=\"noreferrer noopener\">$5 millones entregar\u00e1 Sercotec a micro y peque\u00f1as empresas y cooperativas<\/a><\/p>\n\n\n\n<p>El programa Crece abri\u00f3 su convocatoria anual, que otorga financiamiento y asistencia t\u00e9cnica para realizar inversiones que impulsen el desarrollo de las pymes del pa\u00eds.&nbsp;El programa que este a\u00f1o beneficiar\u00e1 a cerca de mil pymes otorga subsidios no reembolsables de $5 millones, el que las empresas podr\u00e1n destinar a inversiones y acciones de gesti\u00f3n empresarial que potencien su crecimiento y consolidaci\u00f3n, permiti\u00e9ndoles adem\u00e1s acceder a nuevas oportunidades para escalar sus negocios.<\/p>\n<\/div><\/div>\n\n\n\n<div class=\"wp-block-getwid-accordion__header-wrapper\"><span class=\"wp-block-getwid-accordion__header\"><a href=\"#\"><span class=\"wp-block-getwid-accordion__header-title\"><strong>Costa Rica<\/strong><\/span><span class=\"wp-block-getwid-accordion__icon is-active\"><i class=\"fas fa-plus\"><\/i><\/span><span class=\"wp-block-getwid-accordion__icon is-passive\"><i class=\"fas fa-minus\"><\/i><\/span><\/a><\/span><\/div><div class=\"wp-block-getwid-accordion__content-wrapper\"><div class=\"wp-block-getwid-accordion__content\">\n<p><a href=\"https:\/\/www.meic.go.cr\/meic-e-ina-abren-inscripciones-para-el-programa-apoyo-al-emprendimiento-2025\/\" target=\"_blank\" rel=\"noreferrer noopener\">MEIC e INA abren inscripciones para el Programa \u201cApoyo al Emprendimiento 2025\u201d<\/a><\/p>\n\n\n\n<p>El Programa es una iniciativa dirigida a personas emprendedoras y microempresarias con un modelo de negocio en marcha, viable y con enfoque de mercado, que deseen fortalecer sus capacidades, formalizar su empresa y potenciar su crecimiento. El programa tiene como objetivo, brindar herramientas y acompa\u00f1amiento especializados para asegurar la continuidad y sostenibilidad de emprendimientos con potencial de expansi\u00f3n, mediante el desarrollo de competencias en gesti\u00f3n estrat\u00e9gica, financiera, comercial y operativa.<\/p>\n<\/div><\/div>\n\n\n\n<div class=\"wp-block-getwid-accordion__header-wrapper\"><span class=\"wp-block-getwid-accordion__header\"><a href=\"#\"><span class=\"wp-block-getwid-accordion__header-title\"><strong>Ecuador<\/strong><\/span><span class=\"wp-block-getwid-accordion__icon is-active\"><i class=\"fas fa-plus\"><\/i><\/span><span class=\"wp-block-getwid-accordion__icon is-passive\"><i class=\"fas fa-minus\"><\/i><\/span><\/a><\/span><\/div><div class=\"wp-block-getwid-accordion__content-wrapper\"><div class=\"wp-block-getwid-accordion__content\">\n<p><a href=\"https:\/\/www.produccion.gob.ec\/ambato-se-convierte-en-pasarela-para-la-innovacion\/\" target=\"_blank\" rel=\"noreferrer noopener\">Ambato se convierte en pasarela para la innovaci\u00f3n<\/a><\/p>\n\n\n\n<p>Fashion Week 2025, una plataforma de moda e innovaci\u00f3n que visibiliza el potencial creativo y productivo de la provincia. En este encuentro se fusionan la tradici\u00f3n textil, calzado y dise\u00f1o.&nbsp; La tercera edici\u00f3n propone un enfoque integral que conecta moda, turismo, e industria con una narrativa enraizada en la identidad andina. El Ministerio de Producci\u00f3n, Comercio Exterior, Inversiones y Pesca, el Gobierno Provincial de Tungurahua y la Fundaci\u00f3n Ninari han consolidado esta plataforma para el fortalecimiento de los sectores productivos.<\/p>\n\n\n\n<p><a href=\"https:\/\/www.produccion.gob.ec\/boletin-informativo-para-el-sector-exportador-entrada-en-vigencia-del-nuevo-formato-fisico-del-certificado-de-origen-para-los-paises-de-la-can\/\" target=\"_blank\" rel=\"noreferrer noopener\">BOLET\u00cdN INFORMATIVO PARA EL SECTOR EXPORTADOR ENTRADA EN VIGENCIA DEL NUEVO FORMATO F\u00cdSICO DEL CERTIFICADO DE ORIGEN PARA LOS PAISES DE LA CAN<\/a><\/p>\n\n\n\n<p>El Ministerio de Producci\u00f3n, Comercio Exterior, Inversiones y Pesca (MPCEIP) comunica a todos los operadores de comercio exterior y al p\u00fablico en general que, en atenci\u00f3n a la entrada en vigencia de la Resoluci\u00f3n Nro. 2455 de la CAN, mediante la cual se adopta un nuevo formulario f\u00edsico del Certificado de Origen aplicable al comercio intracomunitario entre los Pa\u00edses Miembros del Acuerdo de Cartagena.<\/p>\n<\/div><\/div>\n\n\n\n<div class=\"wp-block-getwid-accordion__header-wrapper\"><span class=\"wp-block-getwid-accordion__header\"><a href=\"#\"><span class=\"wp-block-getwid-accordion__header-title\"><strong>El Salvador<\/strong><\/span><span class=\"wp-block-getwid-accordion__icon is-active\"><i class=\"fas fa-plus\"><\/i><\/span><span class=\"wp-block-getwid-accordion__icon is-passive\"><i class=\"fas fa-minus\"><\/i><\/span><\/a><\/span><\/div><div class=\"wp-block-getwid-accordion__content-wrapper\"><div class=\"wp-block-getwid-accordion__content\">\n<p><a href=\"https:\/\/www.conamype.gob.sv\/blog\/2025\/05\/15\/inicia-diplomado-de-buenas-practicas-ambientales-para-las-mype-2025\/\" target=\"_blank\" rel=\"noreferrer noopener\">Inicia Diplomado de Buenas Pr\u00e1cticas Ambientales para las MYPE 2025<\/a><\/p>\n\n\n\n<p>En coordinaci\u00f3n con el Ministerio de Medio Ambiente y Recursos Naturales (MARN), dimos inicio al Diplomado de Buenas Pr\u00e1cticas Ambientales para las MYPE 2025, una iniciativa formativa dirigida a emprendedores y propietarios de micro y peque\u00f1as empresas comprometidos con la sostenibilidad. Un total de 280 personas se han inscrito en este diplomado, que tiene como objetivo principal fortalecer las capacidades t\u00e9cnicas de las MYPE para que puedan implementar pr\u00e1cticas ambientales responsables, reducir su impacto ecol\u00f3gico y, al mismo tiempo, mejorar su competitividad en el mercado.<\/p>\n\n\n\n<p><a href=\"https:\/\/www.conamype.gob.sv\/blog\/2025\/04\/24\/conamype-y-salcan-inversiones-firman-carta-de-entendimiento-para-fortalecer-capacidades-de-las-mype-salvadorenas\/\" target=\"_blank\" rel=\"noreferrer noopener\">CONAMYPE y SALCAN INVERSIONES firman carta de entendimiento para fortalecer capacidades de las MYPE salvadore\u00f1as<\/a><\/p>\n\n\n\n<p>La Comisi\u00f3n Nacional de la Micro y Peque\u00f1a Empresa (CONAMYPE), firm\u00f3 una carta de entendimiento con la empresa SALCAN INVERSIONES, S.A de C.V, con el objetivo de brindar nuevas oportunidades a las micro y peque\u00f1as empresas inscritas en el registro MYPE, mediante el acceso a servicios estrat\u00e9gicos que impulsen su crecimiento. Este acuerdo contempla tres ejes clave de cooperaci\u00f3n: Soluciones preferenciales de comercio exterior; Impulso al comercio electr\u00f3nico y Servicios de impresi\u00f3n con beneficios exclusivos.<\/p>\n\n\n\n<p><a href=\"https:\/\/www.conamype.gob.sv\/blog\/2025\/04\/23\/lanzamiento-del-centro-de-desarrollo-artesanal-interactivo\/\" target=\"_blank\" rel=\"noreferrer noopener\">Lanzamiento del Centro de Desarrollo Artesanal Interactivo<\/a><\/p>\n\n\n\n<p>El Gobierno de El Salvador, llev\u00f3 a cabo la inauguraci\u00f3n del Centro de Desarrollo Artesanal Interactivo (CEDART Interactivo). Este espacio tiene como objetivo fortalecer las capacidades de la MYPE del sector artesanal en \u00e1reas clave como la comercializaci\u00f3n, la innovaci\u00f3n en el dise\u00f1o de productos, la promoci\u00f3n y difusi\u00f3n del patrimonio artesanal, integrando la tecnolog\u00eda con la riqueza cultural en un entorno emblem\u00e1tico y atractivo para el p\u00fablico en general.<\/p>\n<\/div><\/div>\n\n\n\n<div class=\"wp-block-getwid-accordion__header-wrapper\"><span class=\"wp-block-getwid-accordion__header\"><a href=\"#\"><span class=\"wp-block-getwid-accordion__header-title\"><strong>Estados Unidos<\/strong><\/span><span class=\"wp-block-getwid-accordion__icon is-active\"><i class=\"fas fa-plus\"><\/i><\/span><span class=\"wp-block-getwid-accordion__icon is-passive\"><i class=\"fas fa-minus\"><\/i><\/span><\/a><\/span><\/div><div class=\"wp-block-getwid-accordion__content-wrapper\"><div class=\"wp-block-getwid-accordion__content\">\n<p><a href=\"https:\/\/www.sba.gov\/article\/2025\/04\/29\/small-business-administration-celebrates-first-100-days-accomplishments\" target=\"_blank\" rel=\"noreferrer noopener\">La Administraci\u00f3n de Peque\u00f1as Empresas (SBA) de EE. UU. celebr\u00f3 los logros de los Primeros 100 D\u00edas <\/a><\/p>\n\n\n\n<p>\u00a0Se destacan los logros econ\u00f3micos, incluyendo un aumento del 80 % en la aprobaci\u00f3n de pr\u00e9stamos de la SBA, que impulsan tasas hist\u00f3ricas de crecimiento, contrataci\u00f3n e inversi\u00f3n para las peque\u00f1as empresas estadounidenses.<\/p>\n\n\n\n<p>La agencia tambi\u00e9n present\u00f3 sus principales logros bajo el nuevo liderazgo, incluyendo importantes reformas para reducir el despilfarro, mejorar la eficiencia gubernamental, restaurar la responsabilidad fiscal y reorientar la agencia hacia su misi\u00f3n principal: empoderar a las peque\u00f1as empresas e impulsar el crecimiento econ\u00f3mico.<\/p>\n<\/div><\/div>\n\n\n\n<div class=\"wp-block-getwid-accordion__header-wrapper\"><span class=\"wp-block-getwid-accordion__header\"><a href=\"#\"><span class=\"wp-block-getwid-accordion__header-title\"><strong>Guatemala<\/strong><\/span><span class=\"wp-block-getwid-accordion__icon is-active\"><i class=\"fas fa-plus\"><\/i><\/span><span class=\"wp-block-getwid-accordion__icon is-passive\"><i class=\"fas fa-minus\"><\/i><\/span><\/a><\/span><\/div><div class=\"wp-block-getwid-accordion__content-wrapper\"><div class=\"wp-block-getwid-accordion__content\">\n<p><a href=\"https:\/\/mineco.gob.gt\/herramientas-estrategicas-mipymes-fortalecen-su-conocimiento-sobre-cadenas-de-valor\" target=\"_blank\" rel=\"noreferrer noopener\">Herramientas estrat\u00e9gicas: MIPYMES fortalecen su conocimiento sobre Cadenas de Valor<\/a><\/p>\n\n\n\n<p>M\u00e1s de 60 empresarios de micro, peque\u00f1as y medianas empresas participaron en el taller \u201c\u00bfEn Qu\u00e9 \u00c1rea de la Cadena de Valor me Identifico como Empresa?\u201d, realizado por el Viceministerio de Desarrollo de la MIPYME, a trav\u00e9s de la Direcci\u00f3n de Servicios de Desarrollo Empresarial.&nbsp; Una actividad que les permiti\u00f3 adquirir herramientas pr\u00e1cticas para impulsar su crecimiento e identificar su rol dentro de la cadena de valor, lo que les ayudar\u00e1 a tomar mejores decisiones y aprovechar nuevas oportunidades.<\/p>\n\n\n\n<p><a href=\"https:\/\/mineco.gob.gt\/mipymes-se-capacitan-para-venderle-al-estado-y-abrir-nuevas-oportunidades-de-negocio\" target=\"_blank\" rel=\"noreferrer noopener\">MIPYMES se capacitan para venderle al Estado y abrir nuevas oportunidades de negocio<\/a><\/p>\n\n\n\n<p>Con el objetivo de que m\u00e1s micro, peque\u00f1as y medianas empresas puedan venderle al Estado, el Ministerio de Econom\u00eda (MINECO), a trav\u00e9s del Viceministerio de Desarrollo de la MIPYME y su Programa MIPYME Proveedora del Estado de la Direcci\u00f3n de Servicios de Desarrollo Empresarial, llev\u00f3 a cabo la capacitaci\u00f3n \u201cProcesos y Requisitos para ser Proveedor del Estado\u201d. Esta iniciativa ayuda a que m\u00e1s negocios guatemaltecos accedan a nuevas oportunidades y crezcan a trav\u00e9s de las compras del gobierno.<\/p>\n\n\n\n<p><a href=\"https:\/\/mineco.gob.gt\/convenio-entre-registro-mercantil-y-segundo-registro-de-la-propiedad-facilita-el-emprendimiento\" target=\"_blank\" rel=\"noreferrer noopener\">Convenio entre Registro Mercantil y Segundo Registro de la Propiedad facilita el emprendimiento<\/a><\/p>\n\n\n\n<p>Con el objetivo de brindar a los guatemaltecos tr\u00e1mites m\u00e1s r\u00e1pidos y accesibles, el Registro Mercantil General de la Rep\u00fablica y el Segundo Registro de la Propiedad firmaron un Convenio de Cooperaci\u00f3n Interinstitucional que marca un importante avance en la modernizaci\u00f3n de los servicios p\u00fablicos y apoya directamente a quienes quieren formar una empresa.<\/p>\n\n\n\n<p><a href=\"https:\/\/mineco.gob.gt\/guatemala-avanza-en-su-estrategia-de-promocion-exportadora-durante-la-segunda-reunion-del-conapex\" target=\"_blank\" rel=\"noreferrer noopener\">Guatemala avanza en su estrategia de promoci\u00f3n exportadora<\/a><\/p>\n\n\n\n<p>El objetivo principal es lograr que m\u00e1s productos guatemaltecos lleguen a otros pa\u00edses del mundo, lo que puede traducirse en m\u00e1s empleos, mejores ingresos y nuevas oportunidades para muchas familias. El Ministerio de Econom\u00eda reafirm\u00f3 el compromiso del Gobierno con apoyar a quienes exportan productos hechos en Guatemala, buscando que estos tengan m\u00e1s oportunidades de vender en el extranjero.<\/p>\n\n\n\n<p><a href=\"https:\/\/mineco.gob.gt\/mipymes-avanzan-hacia-la-formalidad-con-apoyo-tributario-del-mineco\" target=\"_blank\" rel=\"noreferrer noopener\">MIPYMES avanzan hacia la formalidad con apoyo tributario del MINECO<\/a><\/p>\n\n\n\n<p>El Viceministerio de Desarrollo de la MIPYME, por medio de la Direcci\u00f3n de Servicios de Desarrollo Empresarial, contin\u00faa promoviendo el crecimiento y la formalizaci\u00f3n del sector productivo nacional mediante acciones concretas. En esta oportunidad, m\u00e1s de 60 representantes de micro, peque\u00f1as y medianas empresas participaron en un taller orientado al fortalecimiento de sus capacidades fiscales, realizado el pasado 25 de abril de 2025 en el Centro Municipal de Emprendimiento.<\/p>\n<\/div><\/div>\n\n\n\n<div class=\"wp-block-getwid-accordion__header-wrapper\"><span class=\"wp-block-getwid-accordion__header\"><a href=\"#\"><span class=\"wp-block-getwid-accordion__header-title\"><strong>Las Bahamas<\/strong><\/span><span class=\"wp-block-getwid-accordion__icon is-active\"><i class=\"fas fa-plus\"><\/i><\/span><span class=\"wp-block-getwid-accordion__icon is-passive\"><i class=\"fas fa-minus\"><\/i><\/span><\/a><\/span><\/div><div class=\"wp-block-getwid-accordion__content-wrapper\"><div class=\"wp-block-getwid-accordion__content\">\n<p><a href=\"https:\/\/www.bahamas.gov.bs\/wps\/portal\/public\/gov\/government\/news\/entrepreneurs%20with%20disabilities%20completed%20a%20small%20business%20development%20centre%20five%20week%20course%20of%20training\/!ut\/p\/b1\/vZPZjqM4GIWfpR8gHbMaLtkhYcesNyiQhTUhrCFPP6lRS1PdM9N101X-5QtLx_7kc3S2yTbaJtfDXF4OY3m7Hpq3c0KnBFAMjiMZg5FpDmg-IRPUniMUB3sJ4vcChQL0S2DrnA1V3CLBR_fDbaTmFJ8PxkXkIueOV1Xn5BAFI8RDo24XWqloI-Q1UzvbuNMLiK2PUIsMIvC8eUxKKDaqTh6D-tBxALHYTZ4z41FPvLMvwnvAy4Wc2z62dvSuL6IutrMKrT2BijVeS-oqddJlPeptA_fH5hQ2G_XhGEtzjPUcp1VOZDk-tU8Q3uT1JsejwIzTpptlOPMOMfmsdc5a48qmm17Ix6uqzNrjOpOZW0xBxetUGItEskclavrNefdUW3O5ffvhGfifxf3i2c-WMjL1e8_fBB96nvwOYe3xDwRvsf4t-M0f4pcAvnsBBQBoGOBcD3MA41JbtI0AmXrV2mnP-ulWYMHNmgRINJ7Y0wcIXJHp10-DTUyjNwAmYabpU7pZma_tL-gY2cfA9XmOO6-pd_0VaOGIfQEFjN77FPAU_LOBCmUxL48gsjkKB0D4ciD2WUDFMhzhzVLEv1lKqCpH6wQDyK8G0n8cuNsmZdZ-X_L2O_iOs4BiMIagcQgYnNoGVUxDcdAWUQrSzh8VengMUH1wsSRPdH9wmWZXtrNOTNwFL3bVBI5hcM5FLglVy6XDILsTWHYpWeSrnX4u4iYnm8q_26tR2kjqM3lXl0vqywpputYddexEB8dOa-qCp4kNwMIuES3ZAtUNtaNxK1f9lu1Du1AP_jk3FG6MzIdX-pfp4UGvDbCm7BmKbW53tS20u0bJfjyf3A0zpJrikEHvNqS1WYxFXaWFICMu5dFKp1fACzHoJObb1lRv7emD6kL4rxSeDjABthue_B5UgWFmyDH99oFM00S6sWD1K4XMNFDmA69yNY_NfqQgcHRtnD-qLvHZwF-axNFfDaQ-C_jfTbIk7KuBfz7Dn6pLkRhFsRjOvrqLQwxugzlmYDY4r-5681InTXDvUZYwomUOUiNFqmt7oidPGU6e4MrJXpf0_EVd8s0QppDuWczxI6pbomoK13HShfnk3PUZufVl2MnnENbL2N9BF6QnrIPTLZJBn9lX6imzBQjEvWr5VrM_cmqZCxcklMqgy3zT-HQx8DXhKY_YQsZauheKGNrOcTS_oP0TV0X8artedsXiSxFfH894I3ixK2_w5LkK402yKKPHQJqOE2jcTQ3FafZxWbc7CVmz6uQhk52sqWcXIunOaS8z9riZbIxo4YH8tu1af97rtKs-o3dzUub2n_kL3v-RDg!!\/dl4\/d5\/L2dBISEvZ0FBIS9nQSEh\/\" target=\"_blank\" rel=\"noreferrer noopener\">Emprendedores con discapacidad completaron un curso de capacitaci\u00f3n de cinco semanas del Centro de Desarrollo de Peque\u00f1as Empresas.<\/a><\/p>\n\n\n\n<p>El Ministerio de Juventud, Deportes y Cultura, en colaboraci\u00f3n con el Ministerio de Servicios Sociales, Informaci\u00f3n y Radiodifusi\u00f3n, la Comisi\u00f3n Nacional para las Personas con Discapacidad y el Centro de Desarrollo de Peque\u00f1as Empresas (SBDC), celebr\u00f3 una ceremonia de entrega de certificados el 12 de mayo de 2025 para reconocer y felicitar a 37 personas que participaron en la Iniciativa para Emprendedores con Discapacidad del Centro de Desarrollo de Peque\u00f1as Empresas (SBDC). El curso, de cinco semanas de duraci\u00f3n, cont\u00f3 con la participaci\u00f3n de emprendedores, en su mayor\u00eda personas con discapacidad. Gracias a su participaci\u00f3n, recibieron capacitaci\u00f3n y asesoramiento para el desarrollo de sus negocios y avanzaron significativamente hacia la superaci\u00f3n de obst\u00e1culos y una mayor independencia.<\/p>\n<\/div><\/div>\n\n\n\n<div class=\"wp-block-getwid-accordion__header-wrapper\"><span class=\"wp-block-getwid-accordion__header\"><a href=\"#\"><span class=\"wp-block-getwid-accordion__header-title\"><strong>M\u00e9xico<\/strong><\/span><span class=\"wp-block-getwid-accordion__icon is-active\"><i class=\"fas fa-plus\"><\/i><\/span><span class=\"wp-block-getwid-accordion__icon is-passive\"><i class=\"fas fa-minus\"><\/i><\/span><\/a><\/span><\/div><div class=\"wp-block-getwid-accordion__content-wrapper\"><div class=\"wp-block-getwid-accordion__content\">\n<p><a href=\"https:\/\/www.gob.mx\/se\/prensa\/inauguran-la-sexta-edicion-de-mujer-exporta-mx-para-fortalecer-la-inclusion-de-empresarias-mexicanas-en-el-comercio-internacional?idiom=es\" target=\"_blank\" rel=\"noreferrer noopener\">Inauguran la sexta edici\u00f3n de Mujer Exporta MX para fortalecer la inclusi\u00f3n de empresarias mexicanas en el comercio internacional<\/a><\/p>\n\n\n\n<p>En esta edici\u00f3n, los mercados objetivo son Canad\u00e1, Estados Unidos y Alemania, y los sectores participantes incluyen el textil y agroalimentos, \u00e1reas estrat\u00e9gicas con alto potencial de crecimiento internacional. Desde su lanzamiento, el programa ha permitido que m\u00e1s de 500 mujeres mexicanas coloquen sus productos en m\u00e1s de 30 pa\u00edses, entre ellos la Uni\u00f3n Europea, Australia, Jap\u00f3n, Chile y Costa Rica. El Gobierno de M\u00e9xico, inaugur\u00f3 la sexta edici\u00f3n del programa Mujer Exporta MX, una iniciativa que impulsa la inclusi\u00f3n de m\u00e1s mujeres empresarias en los mercados globales, reafirmando el compromiso con la democratizaci\u00f3n del comercio exterior y la igualdad de g\u00e9nero en el \u00e1mbito econ\u00f3mico.<\/p>\n<\/div><\/div>\n\n\n\n<div class=\"wp-block-getwid-accordion__header-wrapper\"><span class=\"wp-block-getwid-accordion__header\"><a href=\"#\"><span class=\"wp-block-getwid-accordion__header-title\"><strong>Paraguay<\/strong><\/span><span class=\"wp-block-getwid-accordion__icon is-active\"><i class=\"fas fa-plus\"><\/i><\/span><span class=\"wp-block-getwid-accordion__icon is-passive\"><i class=\"fas fa-minus\"><\/i><\/span><\/a><\/span><\/div><div class=\"wp-block-getwid-accordion__content-wrapper\"><div class=\"wp-block-getwid-accordion__content\">\n<p><a href=\"https:\/\/www.mic.gov.py\/rueda-de-negocio-en-san-pedro-cierra-con-mas-de-g-50-000-millones-en-intenciones-comerciales\/\" target=\"_blank\" rel=\"noreferrer noopener\">Rueda de Negocio en San Pedro cierra con m\u00e1s de Gs. 50.000 millones en intenciones comerciales<\/a><\/p>\n\n\n\n<p>Con un total de 95 participantes, entre Mipymes y productores agr\u00edcolas, provenientes de distintas localidades de la zona, y con m\u00e1s de 140 intenciones de negocios, cerr\u00f3 una nueva edici\u00f3n de la Rueda, en el segundo departamento del pa\u00eds.<\/p>\n\n\n\n<p><a href=\"https:\/\/www.mic.gov.py\/centros-sbdc-impulsan-mas-de-gs-6-000-millones-en-ventas-y-dinamizan-la-economia-de-las-mipymes\/\" target=\"_blank\" rel=\"noreferrer noopener\">Centros SBDC impulsan m\u00e1s de Gs. 6.000 millones en ventas y dinamizan la econom\u00eda de las Mipymes<\/a><\/p>\n\n\n\n<p>En el primer trimestre del a\u00f1o, los clientes asesorados en los Centros de Desarrollo Empresarial \u2013 SBDC Paraguay registraron un incremento en ventas superior a los Gs. 6.000 millones, la inyecci\u00f3n de m\u00e1s de Gs. 2.600 millones en capital, la formalizaci\u00f3n de 140 empresas y la creaci\u00f3n de 60 nuevos empleos.<\/p>\n\n\n\n<p><a href=\"https:\/\/www.mic.gov.py\/mic-pone-al-servicio-de-empresas-la-mas-completa-plataforma-web-sobre-regulaciones-tecnicas-de-paraguay\/\" target=\"_blank\" rel=\"noreferrer noopener\">MIC pone al servicio de empresas la m\u00e1s completa plataforma web sobre regulaciones t\u00e9cnicas de Paraguay<\/a><\/p>\n\n\n\n<p>Los productores, industriales, exportadores e importadores tienen a su disposici\u00f3n, una plataforma web con informaci\u00f3n clara, amigable y accesible sobre las regulaciones t\u00e9cnicas de Paraguay y de los dem\u00e1s miembros de la Organizaci\u00f3n Mundial del Comercio (OMC), se trata del Sistema Nacional de Informaci\u00f3n y Notificaci\u00f3n sobre Reglamentos T\u00e9cnicos, Normas y Procedimientos de Evaluaci\u00f3n de la Conformidad (SNIN).<\/p>\n\n\n\n<p><a href=\"https:\/\/www.mic.gov.py\/expo-educacion-2025-exponen-sobre-el-fomento-a-la-cultura-emprendedora\/\" target=\"_blank\" rel=\"noreferrer noopener\">Expo Educaci\u00f3n 2025: Exponen sobre el fomento a la cultura emprendedora<\/a><\/p>\n\n\n\n<p>El Ministerio de Industria y Comercio (MIC), a trav\u00e9s del Viceministerio de MIPYMES, particip\u00f3 este mi\u00e9rcoles de la Expo Educaci\u00f3n 2025, desarrollando una ponencia titulada \u201cFomento a la Cultura Emprendedora\u201d, en la que abord\u00f3 la importancia de sembrar el esp\u00edritu emprendedor desde las etapas formativas, impulsando una mentalidad innovadora y resiliente entre los j\u00f3venes.<\/p>\n<\/div><\/div>\n\n\n\n<div class=\"wp-block-getwid-accordion__header-wrapper\"><span class=\"wp-block-getwid-accordion__header\"><a href=\"#\"><span class=\"wp-block-getwid-accordion__header-title\"><strong>Per\u00fa<\/strong><\/span><span class=\"wp-block-getwid-accordion__icon is-active\"><i class=\"fas fa-plus\"><\/i><\/span><span class=\"wp-block-getwid-accordion__icon is-passive\"><i class=\"fas fa-minus\"><\/i><\/span><\/a><\/span><\/div><div class=\"wp-block-getwid-accordion__content-wrapper\"><div class=\"wp-block-getwid-accordion__content\">\n<p><a href=\"https:\/\/www.gob.pe\/institucion\/produce\/noticias\/1166103-produce-inicia-la-semana-de-la-mype-con-entrenamiento-en-herramientas-digitales-para-emprendedores\" target=\"_blank\" rel=\"noreferrer noopener\">PRODUCE inicia la Semana de la MYPE con entrenamiento en herramientas digitales para emprendedores<\/a><\/p>\n\n\n\n<p>Como parte del inicio de las actividades por la Semana de la MYPE, el Ministerio de la Producci\u00f3n (PRODUCE) realiz\u00f3 la sexta edici\u00f3n de la Sesi\u00f3n de Entrenamiento Digital (SED MYPE), donde m\u00e1s de 120 emprendedores participaron de forma presencial en sesiones pr\u00e1cticas para fortalecer sus capacidades digitales y comerciales. El evento, organizado por el Programa Nacional Tu Empresa, tiene como objetivo reducir las brechas tecnol\u00f3gicas de las MYPE mediante el uso directo de herramientas como inteligencia artificial, comercio electr\u00f3nico y gesti\u00f3n de redes sociales. La metodolog\u00eda aplicada busca una transferencia inmediata de conocimientos mediante asesor\u00eda personalizada, acceso a plataformas digitales y ejercicios en tiempo real.<\/p>\n\n\n\n<p><a href=\"https:\/\/www.gob.pe\/institucion\/produce\/noticias\/1168972-produce-peru-cerro-el-2024-con-2-34-millones-de-empresas-formales\" target=\"_blank\" rel=\"noreferrer noopener\">PRODUCE: Per\u00fa cerr\u00f3 el 2024 con 2.34 millones de empresas formales<\/a><\/p>\n\n\n\n<p>El Ministerio de la Producci\u00f3n (PRODUCE) inform\u00f3 que, al cierre del 2024, el n\u00famero de empresas formales en el Per\u00fa ascendi\u00f3 a 2 millones 346 mil 592 empresas, un avance de 1.65 % frente a la cifra del 2023. Asimismo, del total de empresas registradas en el 2024, el 99.1 % (2\u2019326,126) corresponde a micro y peque\u00f1as empresas (MYPE), que aportan con el 20.2 % del PBI nacional, y experimentaron un avance de 1.59 %, frente a la cifra del 2023. Las MYPE se concentran principalmente en los sectores de comercio y servicios, que juntos representan el 85.8 % del total.<\/p>\n<\/div><\/div>\n\n\n\n<div class=\"wp-block-getwid-accordion__header-wrapper\"><span class=\"wp-block-getwid-accordion__header\"><a href=\"#\"><span class=\"wp-block-getwid-accordion__header-title\"><strong>Rep\u00fablica Dominicana<\/strong><\/span><span class=\"wp-block-getwid-accordion__icon is-active\"><i class=\"fas fa-plus\"><\/i><\/span><span class=\"wp-block-getwid-accordion__icon is-passive\"><i class=\"fas fa-minus\"><\/i><\/span><\/a><\/span><\/div><div class=\"wp-block-getwid-accordion__content-wrapper\"><div class=\"wp-block-getwid-accordion__content\">\n<p><a href=\"https:\/\/micm.gob.do\/micm-presenta-informe-de-consultoria-sobre-la-modernizacion-del-marco-legal-para-la-economia-digital-y-el-comercio-electronico\/\" target=\"_blank\" rel=\"noreferrer noopener\">MICM presenta informe de consultor\u00eda sobre la \u201cModernizaci\u00f3n del Marco Legal para la Econom\u00eda Digital y el Comercio Electr\u00f3nico\u201d<\/a><\/p>\n\n\n\n<p>El Ministerio de Industria, Comercio y Mipymes (MICM) present\u00f3 los resultados de la consultor\u00eda sobre el proyecto de \u201cModernizaci\u00f3n del Marco Legal para la Econom\u00eda Digital y el Comercio Electr\u00f3nico\u201d, que procura actualizar las leyes nacionales para que sean compatibles con los nuevos modelos de negocios virtuales. El informe identifica brechas y desaf\u00edos del marco legal actual, y presenta recomendaciones para su mejora. Abarca diversas \u00e1reas cr\u00edticas, desde ciberseguridad y protecci\u00f3n de datos hasta normativas fiscales y aduaneras, con el objetivo de impulsar un entorno digital seguro, confiable y competitivo.<\/p>\n<\/div><\/div>\n\n\n\n<div class=\"wp-block-getwid-accordion__header-wrapper\"><span class=\"wp-block-getwid-accordion__header\"><a href=\"#\"><span class=\"wp-block-getwid-accordion__header-title\"><strong>Trinidad y Tobago<\/strong><\/span><span class=\"wp-block-getwid-accordion__icon is-active\"><i class=\"fas fa-plus\"><\/i><\/span><span class=\"wp-block-getwid-accordion__icon is-passive\"><i class=\"fas fa-minus\"><\/i><\/span><\/a><\/span><\/div><div class=\"wp-block-getwid-accordion__content-wrapper\"><div class=\"wp-block-getwid-accordion__content\">\n<p><a href=\"https:\/\/www.finance.gov.tt\/wp-content\/uploads\/2025\/04\/Media-Release-Operationalization-of-SME-Forex-Window-by-the-Export-Import-Bank-of-Trinidad-and-Tobago.pdf\" target=\"_blank\" rel=\"noreferrer noopener\">Puesta en funcionamiento de la Ventanilla de Divisas para PYMES por parte del Banco de Exportaci\u00f3n e Importaci\u00f3n de Trinidad y Tobago<\/a><\/p>\n\n\n\n<p>El Ministerio de Finanzas informa sobre el lanzamiento de la Ventanilla de Divisas para PYMES como proyecto piloto a trav\u00e9s del Banco de Exportaci\u00f3n e Importaci\u00f3n de Trinidad y Tobago. Este proyecto ampliar\u00e1 los programas de divisas vigentes por este Gobierno y est\u00e1 espec\u00edficamente dirigido a apoyar el crecimiento y la actividad econ\u00f3mica de las peque\u00f1as y medianas empresas. Actualmente, esta nueva ventanilla de divisas estar\u00e1 disponible para los clientes de Republic Bank Limited (RBL) y First Citizens Bank Limited (FCB) y podr\u00e1 ser utilizada por peque\u00f1as y medianas empresas de todos los sectores, incluyendo comercio minorista y servicios. Las empresas elegibles podr\u00e1n acceder a hasta US$50.000 mensuales para cubrir gastos comerciales internacionales, lo que se espera que mejore el acceso a divisas para muchas de nuestras empresas a corto plazo.<\/p>\n<\/div><\/div>\n\n\n\n<div class=\"wp-block-getwid-accordion__header-wrapper\"><span class=\"wp-block-getwid-accordion__header\"><a href=\"#\"><span class=\"wp-block-getwid-accordion__header-title\"><strong>Uruguay<\/strong><\/span><span class=\"wp-block-getwid-accordion__icon is-active\"><i class=\"fas fa-plus\"><\/i><\/span><span class=\"wp-block-getwid-accordion__icon is-passive\"><i class=\"fas fa-minus\"><\/i><\/span><\/a><\/span><\/div><div class=\"wp-block-getwid-accordion__content-wrapper\"><div class=\"wp-block-getwid-accordion__content\">\n<p><a href=\"https:\/\/www.gub.uy\/ministerio-industria-energia-mineria\/comunicacion\/noticias\/dinapyme-impulsa-reuniones-para-fortalecer-desarrollo-local\" target=\"_blank\" rel=\"noreferrer noopener\">Dinapyme impulsa reuniones para fortalecer el desarrollo local<\/a><\/p>\n\n\n\n<p>La Direcci\u00f3n Nacional de Artesan\u00edas, Peque\u00f1as y Medianas Empresas avanza en una estrategia de descentralizaci\u00f3n mediante encuentros con empresarios de Canelones, Lavalleja, Maldonado y Salto. El objetivo es escuchar sus necesidades y fomentar alianzas que fortalezcan centros comerciales y promuevan el crecimiento desde cada territorio.<\/p>\n<\/div><\/div>\n<\/div>\n\n\n\n<p><\/p>\n","protected":false},"excerpt":{"rendered":"<p>OEA MIPYME &#8211; Bolet\u00edn Informativo sobre MIPYMEs: (Mayo de 2025): El Bolet\u00edn MIPYMEs de la OEA se dedica a las medidas anunciadas recientemente por los Estados miembros de la OEA para la recuperaci\u00f3n econ\u00f3mica de las micro, peque\u00f1as y medianas empresas (MIPYME). Las respuestas pol\u00edticas var\u00edan de un pa\u00eds a otro y son espec\u00edficas a [&hellip;]<\/p>\n","protected":false},"author":2,"featured_media":0,"comment_status":"closed","ping_status":"closed","sticky":false,"template":"","format":"standard","meta":{"iawp_total_views":22,"footnotes":""},"categories":[24],"tags":[],"class_list":["post-3291","post","type-post","status-publish","format-standard","hentry","category-newsletters"],"_links":{"self":[{"href":"https:\/\/msme-clearinghouse.com\/es\/wp-json\/wp\/v2\/posts\/3291","targetHints":{"allow":["GET"]}}],"collection":[{"href":"https:\/\/msme-clearinghouse.com\/es\/wp-json\/wp\/v2\/posts"}],"about":[{"href":"https:\/\/msme-clearinghouse.com\/es\/wp-json\/wp\/v2\/types\/post"}],"author":[{"embeddable":true,"href":"https:\/\/msme-clearinghouse.com\/es\/wp-json\/wp\/v2\/users\/2"}],"replies":[{"embeddable":true,"href":"https:\/\/msme-clearinghouse.com\/es\/wp-json\/wp\/v2\/comments?post=3291"}],"version-history":[{"count":18,"href":"https:\/\/msme-clearinghouse.com\/es\/wp-json\/wp\/v2\/posts\/3291\/revisions"}],"predecessor-version":[{"id":3323,"href":"https:\/\/msme-clearinghouse.com\/es\/wp-json\/wp\/v2\/posts\/3291\/revisions\/3323"}],"wp:attachment":[{"href":"https:\/\/msme-clearinghouse.com\/es\/wp-json\/wp\/v2\/media?parent=3291"}],"wp:term":[{"taxonomy":"category","embeddable":true,"href":"https:\/\/msme-clearinghouse.com\/es\/wp-json\/wp\/v2\/categories?post=3291"},{"taxonomy":"post_tag","embeddable":true,"href":"https:\/\/msme-clearinghouse.com\/es\/wp-json\/wp\/v2\/tags?post=3291"}],"curies":[{"name":"wp","href":"https:\/\/api.w.org\/{rel}","templated":true}]}}