{"id":3396,"date":"2025-10-25T16:46:20","date_gmt":"2025-10-25T20:46:20","guid":{"rendered":"https:\/\/msme-clearinghouse.com\/es\/?p=3396"},"modified":"2025-12-16T09:06:14","modified_gmt":"2025-12-16T13:06:14","slug":"octubre-2025","status":"publish","type":"post","link":"https:\/\/msme-clearinghouse.com\/es\/octubre-2025\/","title":{"rendered":"Octubre 2025"},"content":{"rendered":"\n<h2 class=\"wp-block-heading &quot;wp-block-heading&quot;\"><strong>OEA MIPYME &#8211; Bolet\u00edn Informativo sobre MIPYMEs: (Octubre de 2025):<\/strong><\/h2>\n\n\n\n<p>El Bolet\u00edn MIPYMEs de la OEA se dedica a las medidas anunciadas recientemente por los Estados miembros de la OEA para la recuperaci\u00f3n econ\u00f3mica de las micro, peque\u00f1as y medianas empresas (MIPYME). Las respuestas pol\u00edticas var\u00edan de un pa\u00eds a otro y son espec\u00edficas a las circunstancias econ\u00f3micas de cada Estado miembro. Dado que cada d\u00eda se producen nuevos desarrollos, este inventario no es exhaustivo.<\/p>\n\n\n\n<p><a href=\"#\"><strong>Pol\u00edticas de respuesta de los Pa\u00edses<\/strong><\/a><\/p>\n\n\n\n<div class=\"wp-block-getwid-accordion has-icon-left\" data-active-element=\"none\">\n<div class=\"wp-block-getwid-accordion__header-wrapper\"><span class=\"wp-block-getwid-accordion__header\"><a href=\"#\"><span class=\"wp-block-getwid-accordion__header-title\"><strong>Antigua y Barbuda<\/strong><\/span><span class=\"wp-block-getwid-accordion__icon is-active\"><i class=\"fas fa-plus\"><\/i><\/span><span class=\"wp-block-getwid-accordion__icon is-passive\"><i class=\"fas fa-minus\"><\/i><\/span><\/a><\/span><\/div><div class=\"wp-block-getwid-accordion__content-wrapper\"><div class=\"wp-block-getwid-accordion__content\">\n<p><a href=\"https:\/\/ab.gov.ag\/pdf\/%20ABIA_Bridge_funding.pdf\" target=\"_blank\" rel=\"noreferrer noopener\">Acceso a financiamiento para proyectos de transformaci\u00f3n verde y digital<\/a><\/p>\n\n\n\n<p>La Autoridad de Inversiones de Antigua y Barbuda (ABIA) anuncia el lanzamiento del Mecanismo BRIDGE, una iniciativa de financiamiento de Agencia de Desarrollo del Caribe, y con el apoyo de la Uni\u00f3n Europea a trav\u00e9s de Iniciativa Global Gateway. El Mecanismo BRIDGE tiene como objetivo ayudar a las micro, peque\u00f1as y medianas empresas (MIPYME) de todo el mundo y apoya la transici\u00f3n del Caribe hacia modelos de negocio m\u00e1s sostenibles y digitalmente competitivos.<\/p>\n\n\n\n<p><a href=\"https:\/\/ab.gov.ag\/media_page.php?page=633\" target=\"_blank\" rel=\"noreferrer noopener\">Oportunidad de capacitaci\u00f3n: \u00a1Introducci\u00f3n a la planificaci\u00f3n estrat\u00e9gica de negocios!<\/a><\/p>\n\n\n\n<p>La Autoridad de Inversiones de Antigua y Barbuda (ABIA) anunci\u00f3 un pr\u00f3ximo curso de capacitaci\u00f3n dise\u00f1ado para ayudar a los empresarios y l\u00edderes empresariales a fortalecer su capacidad para planificar y crecer estrat\u00e9gicamente. Este taller de dos d\u00edas presentar\u00e1 a los participantes los principios b\u00e1sicos de la planificaci\u00f3n estrat\u00e9gica de negocios y proporcionar\u00e1 herramientas pr\u00e1cticas para establecer metas, asignar recursos y alinear las operaciones para el \u00e9xito a largo plazo.<\/p>\n<\/div><\/div>\n\n\n\n<div class=\"wp-block-getwid-accordion__header-wrapper\"><span class=\"wp-block-getwid-accordion__header\"><a href=\"#\"><span class=\"wp-block-getwid-accordion__header-title\"><strong>Argentina<\/strong><\/span><span class=\"wp-block-getwid-accordion__icon is-active\"><i class=\"fas fa-plus\"><\/i><\/span><span class=\"wp-block-getwid-accordion__icon is-passive\"><i class=\"fas fa-minus\"><\/i><\/span><\/a><\/span><\/div><div class=\"wp-block-getwid-accordion__content-wrapper\"><div class=\"wp-block-getwid-accordion__content\">\n<p><a href=\"https:\/\/www.argentina.gob.ar\/noticias\/el-gobierno-nacional-distinguio-478-productos-por-su-calidad-e-innovacion-en-la-13a-edicion\" target=\"_blank\" rel=\"noreferrer noopener\">El Gobierno Nacional distingui\u00f3 a 478 productos por su calidad e innovaci\u00f3n en la 13\u00aa edici\u00f3n del Sello de Buen Dise\u00f1o argentino<\/a><\/p>\n\n\n\n<p>En el marco del Mercado de las Industrias Culturales Argentinas (MICA) 2025 se llev\u00f3 a cabo la decimotercera edici\u00f3n del Sello de Buen Dise\u00f1o argentino, en la que fueron distinguidos 478 productos dise\u00f1ados y fabricados por PyMEs nacionales. El Sello de Buen Dise\u00f1o argentino es una distinci\u00f3n oficial que otorga el Ministerio de Econom\u00eda de la Naci\u00f3n a los productos de la industria nacional que se destacan por su innovaci\u00f3n, por su posicionamiento en el mercado y por su calidad de dise\u00f1o.<\/p>\n\n\n\n<p>El Gobierno Nacional distingui\u00f3 a 478 productos por su calidad e innovaci\u00f3n en la 13\u00b0 edici\u00f3n del Sello Argentino de Buen Dise\u00f1o<\/p>\n\n\n\n<p><a href=\"https:\/\/www.argentina.gob.ar\/noticias\/el-gobierno-nacional-reconocio-los-ganadores-del-concurso-emprendimiento-argentino-2025\" target=\"_blank\" rel=\"noreferrer noopener\">El Gobierno Nacional reconoci\u00f3 a los ganadores del concurso \u201cEmprendimiento Argentino\u201d 2025<\/a><\/p>\n\n\n\n<p>El Gobierno Nacional llev\u00f3 a cabo el concurso \u201cEmprendimiento Argentino\u201d, un encuentro que congreg\u00f3 a 46 emprendimientos destacados de todo el pa\u00eds, previamente seleccionados en instancias provinciales. La iniciativa reconoce y visibiliza a las propuestas m\u00e1s innovadoras y con mayor potencial de crecimiento dentro del ecosistema emprendedor.<\/p>\n\n\n\n<p>La competencia, organizada por la Secretar\u00eda de la Peque\u00f1a y Mediana Empresa, Emprendedores y Econom\u00eda del Conocimiento del Ministerio de Econom\u00eda de la Naci\u00f3n, busca fortalecer el entorno emprendedor argentino al generar un espacio de encuentro que fomente la colaboraci\u00f3n, el intercambio de conocimientos y la construcci\u00f3n de redes entre emprendedores, inversores, l\u00edderes empresariales y representantes de los sectores p\u00fablico y privado.<\/p>\n<\/div><\/div>\n\n\n\n<div class=\"wp-block-getwid-accordion__header-wrapper\"><span class=\"wp-block-getwid-accordion__header\"><a href=\"#\"><span class=\"wp-block-getwid-accordion__header-title\"><strong>Belice<\/strong><\/span><span class=\"wp-block-getwid-accordion__icon is-active\"><i class=\"fas fa-plus\"><\/i><\/span><span class=\"wp-block-getwid-accordion__icon is-passive\"><i class=\"fas fa-minus\"><\/i><\/span><\/a><\/span><\/div><div class=\"wp-block-getwid-accordion__content-wrapper\"><div class=\"wp-block-getwid-accordion__content\">\n<p><a href=\"https:\/\/nam10.safelinks.protection.outlook.com\/?url=https%3A%2F%2Fwww.dgft.gov.bz%2Fthe-belize-delegations-week-in-costa-rica-hosted-by-procomer-focused-on-enhancing-trade-processes-investment-in-msmes-and-regional-cooperation%2F&amp;data=05%7C02%7CMOGomez%40oas.org%7C8898fea1415249b2d22008de0765aa84%7C4fdc3f2315064175958c37999cee0941%7C1%7C0%7C638956330400019336%7CUnknown%7CTWFpbGZsb3d8eyJFbXB0eU1hcGkiOnRydWUsIlYiOiIwLjAuMDAwMCIsIlAiOiJXaW4zMiIsIkFOIjoiTWFpbCIsIldUIjoyfQ%3D%3D%7C0%7C%7C%7C&amp;sdata=jh8W%2BdNhJ8ZgJHPPXaPBWUEFWC6z1bpM1gBAxMYpMRE%3D&amp;reserved=0\" target=\"_blank\" rel=\"noreferrer noopener\">La semana de la delegaci\u00f3n de Belice en Costa Rica, organizada por PROCOMER, se centr\u00f3 en mejorar los procesos comerciales, la inversi\u00f3n en MIPYMES y la cooperaci\u00f3n regional.<\/a><\/p>\n\n\n\n<p>La delegaci\u00f3n de Belice, que incluye a la DGFT, Aduanas e Impuestos Especiales, BELTRAIDE y el Ministerio de Desarrollo Econ\u00f3mico, fue recibida calurosamente por la Agencia Costarricense de Promoci\u00f3n Comercial (PROCOMER).<\/p>\n<\/div><\/div>\n\n\n\n<div class=\"wp-block-getwid-accordion__header-wrapper\"><span class=\"wp-block-getwid-accordion__header\"><a href=\"#\"><span class=\"wp-block-getwid-accordion__header-title\"><strong>Bolivia<\/strong><\/span><span class=\"wp-block-getwid-accordion__icon is-active\"><i class=\"fas fa-plus\"><\/i><\/span><span class=\"wp-block-getwid-accordion__icon is-passive\"><i class=\"fas fa-minus\"><\/i><\/span><\/a><\/span><\/div><div class=\"wp-block-getwid-accordion__content-wrapper\"><div class=\"wp-block-getwid-accordion__content\">\n<p><a href=\"https:\/\/produccion.gob.bo\/index.php\/nota_prensa\/gobierno-entrega-125-activos-productivos-a-mujeres-emprendedoras-en-santa-cruz-para-fortalecer-su-independencia-economica\/\" target=\"_blank\" rel=\"noreferrer noopener\">Gobierno entrega 125 activos productivos a mujeres emprendedoras en Santa Cruz para fortalecer su independencia econ\u00f3mica<\/a><\/p>\n\n\n\n<p>El Ministerio de Desarrollo Productivo y Econom\u00eda Plural (MDPyEP) y ONU Mujeres, con el financiamiento de Koica, entregaron este martes 125 activos productivos a mujeres emprendedoras del departamento de Santa Cruz, con el objetivo de fortalecer sus unidades productivas y promover su autonom\u00eda econ\u00f3mica.<\/p>\n<\/div><\/div>\n\n\n\n<div class=\"wp-block-getwid-accordion__header-wrapper\"><span class=\"wp-block-getwid-accordion__header\"><a href=\"#\"><span class=\"wp-block-getwid-accordion__header-title\"><strong>Brasil<\/strong><\/span><span class=\"wp-block-getwid-accordion__icon is-active\"><i class=\"fas fa-plus\"><\/i><\/span><span class=\"wp-block-getwid-accordion__icon is-passive\"><i class=\"fas fa-minus\"><\/i><\/span><\/a><\/span><\/div><div class=\"wp-block-getwid-accordion__content-wrapper\"><div class=\"wp-block-getwid-accordion__content\">\n<p><a href=\"https:\/\/agenciasebrae.com.br\/cultura-empreendedora\/sucesso-para-o-pequeno-empreendedor-tem-outro-nome-proposito\/\" target=\"_blank\" rel=\"noreferrer noopener\">El \u00e9xito, para el peque\u00f1o empresario, tiene otro nombre: Prop\u00f3sito<\/a><\/p>\n\n\n\n<p>\u00bfQu\u00e9 es el \u00e9xito para un emprendedor? Para aquellos que est\u00e1n acostumbrados a escuchar como respuesta una asociaci\u00f3n directa con los resultados financieros y el r\u00e1pido crecimiento de la empresa, no encontrar\u00e1n entre los propietarios de peque\u00f1as empresas del sector servicios un partidario de esta visi\u00f3n. Como revela la Encuesta de Servicios 2025 \u2013 Cualitativa y Cuantitativa, que el Sebrae acaba de realizar, contrariamente a la narrativa dominante de \u00abcrecer r\u00e1pido, escalar y obtener ganancias\u00bb, los peque\u00f1os empresarios brasile\u00f1os del sector de servicios revelan una visi\u00f3n m\u00e1s sensible, estable y humanizada del \u00e9xito.<\/p>\n\n\n\n<p><a href=\"https:\/\/agenciasebrae.com.br\/inovacao-e-tecnologia\/para-72-dos-empreendedores-a-inovacao-e-essencial-para-a-sobrevivencia-do-negocio\/\" target=\"_blank\" rel=\"noreferrer noopener\">Para el 72% de los emprendedores, la innovaci\u00f3n es esencial para la supervivencia del negocio<\/a><\/p>\n\n\n\n<p>En la semana en que se celebra el D\u00eda Nacional de la Innovaci\u00f3n (19 de octubre), una encuesta de Sebrae Minas revela que, para el 72% de las personas que emprenden en Minas Gerais, la innovaci\u00f3n es esencial para la supervivencia del negocio. Adem\u00e1s, m\u00e1s de la mitad de ellos (56%) afirma que la empresa ya ha innovado en productos, servicios o procesos, o a\u00fan tiene intenci\u00f3n de innovar (25%). La encuesta se realiz\u00f3 en 2024 y escuch\u00f3 a 848 propietarios de peque\u00f1as empresas de todo el estado, incluidos microempresarios individuales (60%) y micro y peque\u00f1as empresas (40%).<\/p>\n\n\n\n<p><a href=\"https:\/\/agenciasebrae.com.br\/economia-e-politica\/pequenos-negocios-ja-podem-solicitar-devolucao-de-tributos-pagos-por-exportacao-saiba-como\/\" target=\"_blank\" rel=\"noreferrer noopener\">Las peque\u00f1as empresas ahora pueden solicitar un reembolso de los impuestos pagados por las exportaciones.<\/a><\/p>\n\n\n\n<p>Las micro y peque\u00f1as empresas exportadoras ahora pueden solicitar al gobierno federal la devoluci\u00f3n de los impuestos pagados a lo largo de la cadena productiva de sus ventas destinadas al mercado externo. La medida, que forma parte del Programa Acredita Exporta\u00e7\u00e3o, garantiza la devoluci\u00f3n del valor equivalente al 3% pagado durante la fabricaci\u00f3n de los productos, y puede utilizarse para compensar impuestos federales o incluso para obtener el reembolso de los montos en efectivo.<\/p>\n<\/div><\/div>\n\n\n\n<div class=\"wp-block-getwid-accordion__header-wrapper\"><span class=\"wp-block-getwid-accordion__header\"><a href=\"#\"><span class=\"wp-block-getwid-accordion__header-title\"><strong>Canad\u00e1<\/strong><\/span><span class=\"wp-block-getwid-accordion__icon is-active\"><i class=\"fas fa-plus\"><\/i><\/span><span class=\"wp-block-getwid-accordion__icon is-passive\"><i class=\"fas fa-minus\"><\/i><\/span><\/a><\/span><\/div><div class=\"wp-block-getwid-accordion__content-wrapper\"><div class=\"wp-block-getwid-accordion__content\">\n<p><a href=\"https:\/\/www.canada.ca\/en\/economic-development-southern-ontario\/news\/2025\/10\/funding-available-to-support-black-entrepreneurs-across-southern-ontario.html\" target=\"_blank\" rel=\"noreferrer noopener\">Fondos disponibles para apoyar a los empresarios negros en todo el sur de Ontario<\/a><\/p>\n\n\n\n<p>El Gobierno de Canad\u00e1 se centra en reducir las barreras para los empresarios canadienses negros, ayud\u00e1ndolos a obtener un mejor acceso al capital y lograr el \u00e9xito a largo plazo para el desarrollo econ\u00f3mico y la prosperidad.<\/p>\n\n\n\n<p>El Fondo del Ecosistema es un componente central de este programa. Esta inversi\u00f3n renovada brinda apoyo a las organizaciones sin fines de lucro para desarrollar nuevos servicios o ampliar como tutor\u00eda, creaci\u00f3n de redes, planificaci\u00f3n financiera y capacitaci\u00f3n empresarial. Con fondos hasta 2030, el Fondo del Ecosistema continuar\u00e1 apoyando a las organizaciones sin fines de lucro dirigidas por negros para empoderar a los empresarios y empresas negros en el sur de Ontario para hacer crecer sus empresas ahora y en el futuro.<\/p>\n<\/div><\/div>\n\n\n\n<div class=\"wp-block-getwid-accordion__header-wrapper\"><span class=\"wp-block-getwid-accordion__header\"><a href=\"#\"><span class=\"wp-block-getwid-accordion__header-title\"><strong>Chile<\/strong><\/span><span class=\"wp-block-getwid-accordion__icon is-active\"><i class=\"fas fa-plus\"><\/i><\/span><span class=\"wp-block-getwid-accordion__icon is-passive\"><i class=\"fas fa-minus\"><\/i><\/span><\/a><\/span><\/div><div class=\"wp-block-getwid-accordion__content-wrapper\"><div class=\"wp-block-getwid-accordion__content\">\n<p><a href=\"https:\/\/www.sercotec.cl\/mas-de-100-mil-pymes-asesoradas-por-centros-de-desarrollo-de-negocios\/\" target=\"_blank\" rel=\"noreferrer noopener\">M\u00e1s de 100 mil pymes asesoradas: Centros de Desarrollo de Negocios Sercotec cumplen una d\u00e9cada de impulso empresarial<\/a><\/p>\n\n\n\n<p>El programa de asesor\u00eda para el escalamiento de las micro y peque\u00f1as empresas y cooperativas conmemor\u00f3 sus primeros 10 a\u00f1os de funcionamiento, relevando los logros alcanzados en generaci\u00f3n de empleo, aumento en ventas e internacionalizaci\u00f3n.<\/p>\n\n\n\n<p>Cerca de 13 mil mujeres capacitadas en escuelas de fortalecimiento empresarial y 4 mil pymes realizando comercio internacional son algunos de los resultados que ha alcanzado en el pa\u00eds la red de Centros de Desarrollo de Negocios (CDN), un programa de Sercotec que esta semana conmemor\u00f3 su primera d\u00e9cada de funcionamiento impulsando el escalamiento de las micro y peque\u00f1as empresas y cooperativas de Chile.<\/p>\n<\/div><\/div>\n\n\n\n<div class=\"wp-block-getwid-accordion__header-wrapper\"><span class=\"wp-block-getwid-accordion__header\"><a href=\"#\"><span class=\"wp-block-getwid-accordion__header-title\"><strong>Colombia<\/strong><\/span><span class=\"wp-block-getwid-accordion__icon is-active\"><i class=\"fas fa-plus\"><\/i><\/span><span class=\"wp-block-getwid-accordion__icon is-passive\"><i class=\"fas fa-minus\"><\/i><\/span><\/a><\/span><\/div><div class=\"wp-block-getwid-accordion__content-wrapper\"><div class=\"wp-block-getwid-accordion__content\">\n<p><a href=\"https:\/\/nam10.safelinks.protection.outlook.com\/?url=https%3A%2F%2Fwww.mincit.gov.co%2Fprensa%2Fnoticias%2Fcomercio%2Fmipymes-cooperativas-productivas-alianza-pacifico&amp;data=05%7C02%7CMOGomez%40oas.org%7C5bcefa6f771a43de75a908de05d00f75%7C4fdc3f2315064175958c37999cee0941%7C1%7C0%7C638954588328249740%7CUnknown%7CTWFpbGZsb3d8eyJFbXB0eU1hcGkiOnRydWUsIlYiOiIwLjAuMDAwMCIsIlAiOiJXaW4zMiIsIkFOIjoiTWFpbCIsIldUIjoyfQ%3D%3D%7C0%7C%7C%7C&amp;sdata=RqsacS%2FCCB4aTACC4gLzHbIfbwuAYiZVFRdF7LUzS%2FQ%3D&amp;reserved=0\" target=\"_blank\" rel=\"noreferrer noopener\">Las mipymes y cooperativas productivas de la Alianza del Pac\u00edfico caminan hacia la internacionalizaci\u00f3n<\/a><\/p>\n\n\n\n<p>Con una nutrida agenda y la participaci\u00f3n de empresarios y expertos de Chile, Colombia, M\u00e9xico y Per\u00fa, se realiz\u00f3 en Bogot\u00e1 el IV Encuentro de Mipyme Exportadora y II Foro de Cooperativas de la Alianza del Pac\u00edfico, con el apoyo del Banco Interamericano de Desarrollo (BID).<\/p>\n\n\n\n<p>El objetivo del evento era aportar al fortalecimiento de las capacidades y al aprovechamiento de las oportunidades que se presenten para las micro, peque\u00f1as y medianas empresas de este bloque de integraci\u00f3n en su proceso de internacionalizaci\u00f3n. Ellas son motor de la integraci\u00f3n regional y la transformaci\u00f3n productiva.<\/p>\n<\/div><\/div>\n\n\n\n<div class=\"wp-block-getwid-accordion__header-wrapper\"><span class=\"wp-block-getwid-accordion__header\"><a href=\"#\"><span class=\"wp-block-getwid-accordion__header-title\"><strong>Costa Rica<\/strong><\/span><span class=\"wp-block-getwid-accordion__icon is-active\"><i class=\"fas fa-plus\"><\/i><\/span><span class=\"wp-block-getwid-accordion__icon is-passive\"><i class=\"fas fa-minus\"><\/i><\/span><\/a><\/span><\/div><div class=\"wp-block-getwid-accordion__content-wrapper\"><div class=\"wp-block-getwid-accordion__content\">\n<p><a href=\"https:\/\/www.meic.go.cr\/pymes-costarricenses-se-capacitan-para-ser-sostenibles-y-competitivas\/\" target=\"_blank\" rel=\"noreferrer noopener\">Pymes costarricenses se capacitan para ser sostenibles y competitivas<\/a><\/p>\n\n\n\n<p>Con el objetivo de brindar a las peque\u00f1as y medianas empresas herramientas pr\u00e1cticas para avanzar en la ruta hacia la sostenibilidad, 30 pymes completaron con \u00e9xito el programa gratuito \u201cGesti\u00f3n en Sostenibilidad para Pymes\u201d, impulsado por el Ministerio de Econom\u00eda, Industria y Comercio (MEIC) en coordinaci\u00f3n con las entidades que conforman el Consejo Asesor de Sostenibilidad (CAS).<\/p>\n\n\n\n<p>El programa, en su segunda edici\u00f3n, reuni\u00f3 a pymes de diversos sectores como agencias de publicidad, ferreter\u00edas, despachos de arquitectura, servicios de log\u00edstica, turismo, joyer\u00eda, belleza y bienestar, muebler\u00edas, condimentos, cl\u00ednicas veterinarias y soluciones m\u00e9dicas, entre otros. Estas empresas participaron en capacitaciones virtuales sincr\u00f3nicas y en una sesi\u00f3n presencial, donde profundizaron en temas como gesti\u00f3n de la huella ambiental, acceso a financiamiento verde, programas y certificaciones del Estado en sostenibilidad, gesti\u00f3n de la cadena de suministro y comunicaci\u00f3n para la sostenibilidad.<\/p>\n<\/div><\/div>\n\n\n\n<div class=\"wp-block-getwid-accordion__header-wrapper\"><span class=\"wp-block-getwid-accordion__header\"><a href=\"#\"><span class=\"wp-block-getwid-accordion__header-title\"><strong>El Salvador<\/strong><\/span><span class=\"wp-block-getwid-accordion__icon is-active\"><i class=\"fas fa-plus\"><\/i><\/span><span class=\"wp-block-getwid-accordion__icon is-passive\"><i class=\"fas fa-minus\"><\/i><\/span><\/a><\/span><\/div><div class=\"wp-block-getwid-accordion__content-wrapper\"><div class=\"wp-block-getwid-accordion__content\">\n<p><a href=\"https:\/\/www.conamype.gob.sv\/blog\/2025\/10\/14\/digi-chiquihuites-y-el-diplomado-de-educacion-financiera-impulsan-a-las-mype-turisticas-en-el-salvador\/\" target=\"_blank\" rel=\"noreferrer noopener\">Digi-Chiquihuites y el Diplomado de Educaci\u00f3n Financiera impulsan a las MYPE tur\u00edsticas en El Salvador<\/a><\/p>\n\n\n\n<p>Digi-Chiquihuites es un paquete de recursos y capacidades digitales pensado para que las MYPE tur\u00edsticas administren mejor sus negocios, optimicen ventas y eleven la experiencia de sus visitantes. Con su implementaci\u00f3n, los emprendimientos acceden a herramientas que facilitan la organizaci\u00f3n, el registro de informaci\u00f3n, la promoci\u00f3n y la atenci\u00f3n al cliente en destinos clave del pa\u00eds.<\/p>\n<\/div><\/div>\n\n\n\n<div class=\"wp-block-getwid-accordion__header-wrapper\"><span class=\"wp-block-getwid-accordion__header\"><a href=\"#\"><span class=\"wp-block-getwid-accordion__header-title\"><strong>M\u00e9xico<\/strong><\/span><span class=\"wp-block-getwid-accordion__icon is-active\"><i class=\"fas fa-plus\"><\/i><\/span><span class=\"wp-block-getwid-accordion__icon is-passive\"><i class=\"fas fa-minus\"><\/i><\/span><\/a><\/span><\/div><div class=\"wp-block-getwid-accordion__content-wrapper\"><div class=\"wp-block-getwid-accordion__content\">\n<p><a href=\"https:\/\/www.gob.mx\/se\/prensa\/la-secretaria-de-economia-y-meta-anuncian-acciones-para-fortalecer-a-las-mipymes-de-hecho-en-mexico?idiom=es\" target=\"_blank\" rel=\"noreferrer noopener\">La Secretar\u00eda de Econom\u00eda y Meta anuncian acciones para fortalecer a las MiPymes de Hecho en M\u00e9xico<\/a><\/p>\n\n\n\n<p>La Secretar\u00eda de Econom\u00eda y la empresa de tecnolog\u00eda Meta anunciaron hoy una serie de acciones que se suman al programa \u201cHecho en M\u00e9xico\u201d, iniciativa a trav\u00e9s de la cual el gobierno de M\u00e9xico busca contribuir al crecimiento de las micro, peque\u00f1as y medianas empresas mexicanas.<\/p>\n\n\n\n<p>Entre los proyectos destaca un programa de capacitaci\u00f3n en l\u00ednea enfocado en MiPymes: \u201cImpulsa lo Hecho en M\u00e9xico.\u201d Este busca que las empresas mexicanas aprovechen al m\u00e1ximo las herramientas digitales de Meta para impulsar sus negocios, con contenidos enfocados en creatividad, publicidad y mejores pr\u00e1cticas en WhatsApp para Negocios. <\/p>\n<\/div><\/div>\n\n\n\n<div class=\"wp-block-getwid-accordion__header-wrapper\"><span class=\"wp-block-getwid-accordion__header\"><a href=\"#\"><span class=\"wp-block-getwid-accordion__header-title\"><strong>Panam\u00e1<\/strong><\/span><span class=\"wp-block-getwid-accordion__icon is-active\"><i class=\"fas fa-plus\"><\/i><\/span><span class=\"wp-block-getwid-accordion__icon is-passive\"><i class=\"fas fa-minus\"><\/i><\/span><\/a><\/span><\/div><div class=\"wp-block-getwid-accordion__content-wrapper\"><div class=\"wp-block-getwid-accordion__content\">\n<p><a href=\"https:\/\/ampyme.gob.pa\/?p=39007&amp;csrt=6411194558283819586\" target=\"_blank\" rel=\"noreferrer noopener\">Panam\u00e1 implementar\u00e1 MAIA: Herramienta digital al servicio de peque\u00f1as y medianas empresas<\/a><\/p>\n\n\n\n<p>MAIA es una herramienta innovadora basada en inteligencia artificial (IA) que impulsa la productividad, la formalizaci\u00f3n y el trabajo decente de productores de MIPYMEs, que fue implementada en cadenas de valor del caf\u00e9 y hortalizas, en regiones rurales con alta informalidad en Panam\u00e1 y ser\u00e1 escalada a nivel nacional.<\/p>\n\n\n\n<p>La presentaci\u00f3n de la herramienta digital MAIA (Mype Asesor Inteligencia Artificial) la realiz\u00f3 la Autoridad de la Micro, Peque\u00f1a y Mediana Empresa (AMPYME) de Panam\u00e1, con el apoyo t\u00e9cnico del Ministerio de Desarrollo Agropecuario (MIDA), del Ministerio de Trabajo y Desarrollo Laboral (MITRADEL), y del Instituto Nacional de Formaci\u00f3n Profesional y Capacitaci\u00f3n para el Desarrollo Humano (INADEH).<\/p>\n<\/div><\/div>\n\n\n\n<div class=\"wp-block-getwid-accordion__header-wrapper\"><span class=\"wp-block-getwid-accordion__header\"><a href=\"#\"><span class=\"wp-block-getwid-accordion__header-title\"><strong>Paraguay<\/strong><\/span><span class=\"wp-block-getwid-accordion__icon is-active\"><i class=\"fas fa-plus\"><\/i><\/span><span class=\"wp-block-getwid-accordion__icon is-passive\"><i class=\"fas fa-minus\"><\/i><\/span><\/a><\/span><\/div><div class=\"wp-block-getwid-accordion__content-wrapper\"><div class=\"wp-block-getwid-accordion__content\">\n<p><a href=\"https:\/\/www.mic.gov.py\/mipymes-mic-presenta-reporta-una-herramienta-que-busca-eliminar-la-burocracia\/\" target=\"_blank\" rel=\"noreferrer noopener\">Mipymes: MIC presenta \u201cReport\u00e1\u201d una herramienta que busca eliminar la burocracia<\/a><\/p>\n\n\n\n<p>Con el objetivo de identificar y reportar los obst\u00e1culos administrativos que frenan el negocio de las Micro, peque\u00f1as y medianas empresas y aportar en la construcci\u00f3n de un Paraguay m\u00e1s \u00e1gil para emprendedores y MIPYMES, el Ministerio de Industria y Comercio, a trav\u00e9s del Viceministerio de MIPYMES, lanz\u00f3 la herramienta \u201cReport\u00e1\u201d.<\/p>\n\n\n\n<p><a href=\"https:\/\/www.mic.gov.py\/presentan-principales-ventajas-de-la-ley-mipymes-en-el-primer-encuentro-de-la-red-nacional-de-mujeres-rurales\/\" target=\"_blank\" rel=\"noreferrer noopener\">Presentan principales ventajas de la Ley MIPYMES en el Primer Encuentro de la Red Nacional de Mujeres Rurales<\/a><\/p>\n\n\n\n<p>El Ministerio de Industria y Comercio, a trav\u00e9s del Viceministerio de MiPymes, realiz\u00f3 una presentaci\u00f3n sobre las principales ventajas de la nueva Ley de MiPymes, destacando los avances normativos que fortalecen el desarrollo y la formalizaci\u00f3n de las Micro, peque\u00f1as y medianas empresas del pa\u00eds, durante la tercera y \u00faltima jornada del Primer Encuentro de la Red Nacional de Mujeres Rurales del Paraguay. Asimismo, se compartieron las oportunidades y servicios que ofrece el Viceministerio para el ecosistema emprendedor y las MiPymes, entre ellos: Acceso a cr\u00e9dito y mercado para emprendedoras y empresarios, el nuevo Contact Center, un canal directo de informaci\u00f3n y asistencia sobre los beneficios y programas del Viceministerio y la participaci\u00f3n en ferias y espacios de comercializaci\u00f3n desarrollados en distintos puntos del pa\u00eds, con especial enfoque en la inclusi\u00f3n de mujeres l\u00edderes y mujeres rurales.<\/p>\n\n\n\n<p><a href=\"https:\/\/www.mic.gov.py\/el-mic-habilita-contact-center-exclusivo-para-mipymes\/\" target=\"_blank\" rel=\"noreferrer noopener\">El MIC habilita Contact Center exclusivo para MiPymes<\/a><\/p>\n\n\n\n<p>Desde este mi\u00e9rcoles el Ministerio de Industria y Comercio, a trav\u00e9s del Viceministerio de MiPymes, habilit\u00f3 un Contact Center, una nueva herramienta que apunta a recibir y evacuar todas las consultas de las Micro, peque\u00f1as y medianas empresas y emprendedores del pa\u00eds. Esta nueva herramienta busca convertirse en un canal directo de comunicaci\u00f3n, orientaci\u00f3n y asistencia para uno de los sectores m\u00e1s din\u00e1micos de la econom\u00eda paraguaya.<\/p>\n\n\n\n<p>Las MiPymes y emprendedores recibir\u00e1n respuestas sobre temas de innovaci\u00f3n y digitalizaci\u00f3n, formalizaci\u00f3n de negocios, capacitaci\u00f3n, asesor\u00eda t\u00e9cnica, acceso a programas de financiamiento, adem\u00e1s de apoyo para la internacionalizaci\u00f3n de productos y servicios. Los usuarios podr\u00e1n acceder a informaci\u00f3n clave para potenciar sus emprendimientos.<\/p>\n<\/div><\/div>\n\n\n\n<div class=\"wp-block-getwid-accordion__header-wrapper\"><span class=\"wp-block-getwid-accordion__header\"><a href=\"#\"><span class=\"wp-block-getwid-accordion__header-title\"><strong>Per\u00fa<\/strong><\/span><span class=\"wp-block-getwid-accordion__icon is-active\"><i class=\"fas fa-plus\"><\/i><\/span><span class=\"wp-block-getwid-accordion__icon is-passive\"><i class=\"fas fa-minus\"><\/i><\/span><\/a><\/span><\/div><div class=\"wp-block-getwid-accordion__content-wrapper\"><div class=\"wp-block-getwid-accordion__content\">\n<p><a href=\"https:\/\/nam10.safelinks.protection.outlook.com\/?url=https%3A%2F%2Fwww.gob.pe%2Finstitucion%2Fproduce%2Fnoticias%2F1257407-produce-promueve-ventas-de-mypes-de-7-regiones-del-peru-en-la-expo-amazonica-en-tarapoto&amp;data=05%7C02%7CMOGomez%40oas.org%7C8cbe99d6a0c14f90600908de05d12ede%7C4fdc3f2315064175958c37999cee0941%7C1%7C0%7C638954593139089712%7CUnknown%7CTWFpbGZsb3d8eyJFbXB0eU1hcGkiOnRydWUsIlYiOiIwLjAuMDAwMCIsIlAiOiJXaW4zMiIsIkFOIjoiTWFpbCIsIldUIjoyfQ%3D%3D%7C0%7C%7C%7C&amp;sdata=1ySZJPaZx0Auvd5HHRaA9iUTDiJtL0ZgmQKK3iSldXo%3D&amp;reserved=0\" target=\"_blank\" rel=\"noreferrer noopener\">PRODUCE promueve ventas de mypes de 7 regiones del Per\u00fa en la Expo Amaz\u00f3nica en Tarapoto<\/a><\/p>\n\n\n\n<p>El stand Per\u00fa Produce cuenta con la participaci\u00f3n de mypes que ofertan prendas de vestir para toda la familia, calzado, joyer\u00eda, artesan\u00eda, entre otros. &nbsp;En lo que va del a\u00f1o, el Programa Tu Empresa ha impulsado la participaci\u00f3n de m\u00e1s de 1000 mypes de distintas regiones en eventos comerciales a nivel nacional.<\/p>\n\n\n\n<p>El Ministerio de la Producci\u00f3n (PRODUCE), a trav\u00e9s del Programa Nacional Tu Empresa, promueve la participaci\u00f3n de 15 micro y peque\u00f1as empresas en el stand Per\u00fa Produce de la Expo Amaz\u00f3nica, en la ciudad de Tarapoto. El evento va hasta el domingo 5 de octubre.<\/p>\n<\/div><\/div>\n\n\n\n<div class=\"wp-block-getwid-accordion__header-wrapper\"><span class=\"wp-block-getwid-accordion__header\"><a href=\"#\"><span class=\"wp-block-getwid-accordion__header-title\"><strong>Estados Unidos de Am\u00e9rica<\/strong><\/span><span class=\"wp-block-getwid-accordion__icon is-active\"><i class=\"fas fa-plus\"><\/i><\/span><span class=\"wp-block-getwid-accordion__icon is-passive\"><i class=\"fas fa-minus\"><\/i><\/span><\/a><\/span><\/div><div class=\"wp-block-getwid-accordion__content-wrapper\"><div class=\"wp-block-getwid-accordion__content\">\n<p><a href=\"https:\/\/www.sba.gov\/article\/2025\/09\/30\/sba-announces-12th-annual-national-veterans-small-business-week\" target=\"_blank\" rel=\"noreferrer noopener\">La SBA anuncia la 12\u00aa Semana Nacional de la Peque\u00f1a Empresa de Veteranos<\/a><\/p>\n\n\n\n<p>La Administraci\u00f3n de Peque\u00f1as Empresas de EE. UU. (SBA) anunci\u00f3 que celebrar\u00e1 el 12\u00ba a\u00f1o consecutivo de la Semana Nacional de la Peque\u00f1a Empresa de Veteranos (NVSBW) del 3 al 7 de noviembre de 2025. La semana honra a los 1.6 millones de peque\u00f1as empresas propiedad de veteranos de Estados Unidos y el compromiso con la excelencia, la calidad y la fortaleza que define el esp\u00edritu empresarial de los veteranos en todos los sectores, incluida la fabricaci\u00f3n. El tema de la NVSBW de este a\u00f1o es \u00abHonrar a los veteranos, hechos en Estados Unidos\u00bb.<\/p>\n\n\n\n<p><a href=\"https:\/\/www.sba.gov\/article\/2025\/09\/23\/sba-awards-11-million-support-made-america-manufacturing\" target=\"_blank\" rel=\"noreferrer noopener\">La SBA otorga $1.1 millones para apoyar la fabricaci\u00f3n Made in America<\/a><\/p>\n\n\n\n<p>La Administraci\u00f3n de Peque\u00f1as Empresas de EE. UU. (SBA) anunci\u00f3 que otorg\u00f3 $1.1 millones en subvenciones a tres organizaciones solicitantes que brindar\u00e1n capacitaci\u00f3n y asistencia t\u00e9cnica para apoyar a los peque\u00f1os fabricantes en el programa Empower to Grow (E2G) de la SBA. Estos adjudicatarios calificados brindar\u00e1n apoyo regional a peque\u00f1os fabricantes en industrias cr\u00edticas, en apoyo de la Iniciativa de Fabricaci\u00f3n Made in America de la agencia para restaurar los empleos, la industria y la seguridad nacional estadounidenses.<\/p>\n<\/div><\/div>\n\n\n\n<div class=\"wp-block-getwid-accordion__header-wrapper\"><span class=\"wp-block-getwid-accordion__header\"><a href=\"#\"><span class=\"wp-block-getwid-accordion__header-title\"><strong>Uruguay<\/strong><\/span><span class=\"wp-block-getwid-accordion__icon is-active\"><i class=\"fas fa-plus\"><\/i><\/span><span class=\"wp-block-getwid-accordion__icon is-passive\"><i class=\"fas fa-minus\"><\/i><\/span><\/a><\/span><\/div><div class=\"wp-block-getwid-accordion__content-wrapper\"><div class=\"wp-block-getwid-accordion__content\">\n<p><a href=\"https:\/\/www.gub.uy\/ministerio-relaciones-exteriores\/comunicacion\/noticias\/tlc-uruguay-chile-acciones-concretas-del-capitulo-genero-comercio\" target=\"_blank\" rel=\"noreferrer noopener\">Tratado de Libre Comercio (TLC) Uruguay &#8211; Chile: Acciones concretas del cap\u00edtulo de g\u00e9nero y comercio<\/a><\/p>\n\n\n\n<p>En el marco del cap\u00edtulo de g\u00e9nero del Tratado de Libre Comercio (TLC) entre Uruguay y Chile, se realiz\u00f3 una jornada de capacitaci\u00f3n y networking dirigida a mujeres l\u00edderes emprendedoras con potencial exportador. La actividad tuvo lugar en la Torre de las Telecomunicaciones y reuni\u00f3 a m\u00e1s de 80 empresarias de todo el pa\u00eds, convocadas para fortalecer capacidades y ampliar sus redes hacia la internacionalizaci\u00f3n.<\/p>\n<\/div><\/div>\n<\/div>\n","protected":false},"excerpt":{"rendered":"<p>OEA MIPYME &#8211; Bolet\u00edn Informativo sobre MIPYMEs: (Octubre de 2025): El Bolet\u00edn MIPYMEs de la OEA se dedica a las medidas anunciadas recientemente por los Estados miembros de la OEA para la recuperaci\u00f3n econ\u00f3mica de las micro, peque\u00f1as y medianas empresas (MIPYME). Las respuestas pol\u00edticas var\u00edan de un pa\u00eds a otro y son espec\u00edficas a [&hellip;]<\/p>\n","protected":false},"author":2,"featured_media":0,"comment_status":"closed","ping_status":"closed","sticky":false,"template":"","format":"standard","meta":{"iawp_total_views":23,"footnotes":""},"categories":[24],"tags":[],"class_list":["post-3396","post","type-post","status-publish","format-standard","hentry","category-newsletters"],"_links":{"self":[{"href":"https:\/\/msme-clearinghouse.com\/es\/wp-json\/wp\/v2\/posts\/3396","targetHints":{"allow":["GET"]}}],"collection":[{"href":"https:\/\/msme-clearinghouse.com\/es\/wp-json\/wp\/v2\/posts"}],"about":[{"href":"https:\/\/msme-clearinghouse.com\/es\/wp-json\/wp\/v2\/types\/post"}],"author":[{"embeddable":true,"href":"https:\/\/msme-clearinghouse.com\/es\/wp-json\/wp\/v2\/users\/2"}],"replies":[{"embeddable":true,"href":"https:\/\/msme-clearinghouse.com\/es\/wp-json\/wp\/v2\/comments?post=3396"}],"version-history":[{"count":7,"href":"https:\/\/msme-clearinghouse.com\/es\/wp-json\/wp\/v2\/posts\/3396\/revisions"}],"predecessor-version":[{"id":3409,"href":"https:\/\/msme-clearinghouse.com\/es\/wp-json\/wp\/v2\/posts\/3396\/revisions\/3409"}],"wp:attachment":[{"href":"https:\/\/msme-clearinghouse.com\/es\/wp-json\/wp\/v2\/media?parent=3396"}],"wp:term":[{"taxonomy":"category","embeddable":true,"href":"https:\/\/msme-clearinghouse.com\/es\/wp-json\/wp\/v2\/categories?post=3396"},{"taxonomy":"post_tag","embeddable":true,"href":"https:\/\/msme-clearinghouse.com\/es\/wp-json\/wp\/v2\/tags?post=3396"}],"curies":[{"name":"wp","href":"https:\/\/api.w.org\/{rel}","templated":true}]}}