{"id":3415,"date":"2025-12-03T16:51:03","date_gmt":"2025-12-03T20:51:03","guid":{"rendered":"https:\/\/msme-clearinghouse.com\/es\/?p=3415"},"modified":"2025-12-04T11:57:20","modified_gmt":"2025-12-04T15:57:20","slug":"noviembre-2025","status":"publish","type":"post","link":"https:\/\/msme-clearinghouse.com\/es\/noviembre-2025\/","title":{"rendered":"Noviembre 2025"},"content":{"rendered":"\n<h2 class=\"wp-block-heading &quot;wp-block-heading&quot;\"><strong>OEA MIPYME &#8211; Bolet\u00edn Informativo sobre MIPYMEs: (Noviembre de 2025):<\/strong><\/h2>\n\n\n\n<p>El Bolet\u00edn MIPYMEs de la OEA se dedica a las medidas anunciadas recientemente por los Estados miembros de la OEA para la recuperaci\u00f3n econ\u00f3mica de las micro, peque\u00f1as y medianas empresas (MIPYME). Las respuestas pol\u00edticas var\u00edan de un pa\u00eds a otro y son espec\u00edficas a las circunstancias econ\u00f3micas de cada Estado miembro. Dado que cada d\u00eda se producen nuevos desarrollos, este inventario no es exhaustivo.<\/p>\n\n\n\n<p><a href=\"#\"><strong>Pol\u00edticas de respuesta de los Pa\u00edses<\/strong><\/a><\/p>\n\n\n\n<div class=\"wp-block-getwid-accordion has-icon-left\" data-active-element=\"none\">\n<div class=\"wp-block-getwid-accordion__header-wrapper\"><span class=\"wp-block-getwid-accordion__header\"><a href=\"#\"><span class=\"wp-block-getwid-accordion__header-title\"><strong>Antigua y Barbuda<\/strong><\/span><span class=\"wp-block-getwid-accordion__icon is-active\"><i class=\"fas fa-plus\"><\/i><\/span><span class=\"wp-block-getwid-accordion__icon is-passive\"><i class=\"fas fa-minus\"><\/i><\/span><\/a><\/span><\/div><div class=\"wp-block-getwid-accordion__content-wrapper\"><div class=\"wp-block-getwid-accordion__content\">\n<p><a href=\"https:\/\/ab.gov.ag\/media_page.php?page=638\" target=\"_blank\" rel=\"noreferrer noopener\">Oportunidades para pymes, j\u00f3venes y emprendedoras<\/a><\/p>\n\n\n\n<p>Se trata de nuevo programa piloto implementado conjuntamente por el Programa de las Naciones Unidas para el Desarrollo (PNUD), la Autoridad de Inversiones de Antigua y Barbuda (ABIA) y el Programa de Desarrollo Emprendedor (PDE). Esta iniciativa ofrece subvenciones, pr\u00e9stamos y subvenciones por intereses destinadas a apoyar a pymes, j\u00f3venes emprendedoras y mujeres emprendedoras en Antigua y Barbuda. El programa busca fortalecer el emprendimiento local y ampliar el acceso a oportunidades de financiaci\u00f3n para las empresas registradas.<\/p>\n<\/div><\/div>\n\n\n\n<div class=\"wp-block-getwid-accordion__header-wrapper\"><span class=\"wp-block-getwid-accordion__header\"><a href=\"#\"><span class=\"wp-block-getwid-accordion__header-title\"><strong>Argentina<\/strong><\/span><span class=\"wp-block-getwid-accordion__icon is-active\"><i class=\"fas fa-plus\"><\/i><\/span><span class=\"wp-block-getwid-accordion__icon is-passive\"><i class=\"fas fa-minus\"><\/i><\/span><\/a><\/span><\/div><div class=\"wp-block-getwid-accordion__content-wrapper\"><div class=\"wp-block-getwid-accordion__content\">\n<p><a href=\"https:\/\/www.argentina.gob.ar\/noticias\/el-gobierno-nacional-reconocio-los-ganadores-del-concurso-emprendimiento-argentino-2025\" target=\"_blank\" rel=\"noreferrer noopener\">El Gobierno Nacional reconoci\u00f3 a los ganadores del concurso \u201cEmprendimiento Argentino\u201d 2025<\/a><\/p>\n\n\n\n<p>El Gobierno Nacional llev\u00f3 a cabo el concurso \u201cEmprendimiento Argentino\u201d, un encuentro que congreg\u00f3 a 46 emprendimientos destacados de todo el pa\u00eds, previamente seleccionados en instancias provinciales. La iniciativa reconoce y visibiliza a las propuestas m\u00e1s innovadoras y con mayor potencial de crecimiento dentro del ecosistema emprendedor.<\/p>\n<\/div><\/div>\n\n\n\n<div class=\"wp-block-getwid-accordion__header-wrapper\"><span class=\"wp-block-getwid-accordion__header\"><a href=\"#\"><span class=\"wp-block-getwid-accordion__header-title\"><strong>Belice<\/strong><\/span><span class=\"wp-block-getwid-accordion__icon is-active\"><i class=\"fas fa-plus\"><\/i><\/span><span class=\"wp-block-getwid-accordion__icon is-passive\"><i class=\"fas fa-minus\"><\/i><\/span><\/a><\/span><\/div><div class=\"wp-block-getwid-accordion__content-wrapper\"><div class=\"wp-block-getwid-accordion__content\">\n<p><a href=\"https:\/\/beltraide.bz\/msmes-in-belize-embrace-a-digital-future\/\" target=\"_blank\" rel=\"noreferrer noopener\">Las MIPYMES en Belice adoptan un futuro digital<\/a><\/p>\n\n\n\n<p>En la econom\u00eda actual, que evoluciona r\u00e1pidamente, la digitalizaci\u00f3n ya no es opcional; es esencial para la supervivencia y el crecimiento empresarial. Para las Micro, Peque\u00f1as y Medianas Empresas (MIPYMES) de Belice, la adopci\u00f3n de herramientas digitales puede ampliar el alcance del cliente, mejorar la eficiencia, reducir costes y fortalecer la resiliencia ante los cambios del mercado.<\/p>\n<\/div><\/div>\n\n\n\n<div class=\"wp-block-getwid-accordion__header-wrapper\"><span class=\"wp-block-getwid-accordion__header\"><a href=\"#\"><span class=\"wp-block-getwid-accordion__header-title\"><strong>Brasil<\/strong><\/span><span class=\"wp-block-getwid-accordion__icon is-active\"><i class=\"fas fa-plus\"><\/i><\/span><span class=\"wp-block-getwid-accordion__icon is-passive\"><i class=\"fas fa-minus\"><\/i><\/span><\/a><\/span><\/div><div class=\"wp-block-getwid-accordion__content-wrapper\"><div class=\"wp-block-getwid-accordion__content\">\n<p><a href=\"https:\/\/agenciasebrae.com.br\/inovacao-e-tecnologia\/na-cop30-sebrae-firma-parceria-para-incluir-os-pequenos-negocios-nas-estrategias-climaticas-globais\/\" target=\"_blank\" rel=\"noreferrer noopener\">En la COP30, Sebrae firma una alianza para incluir a las peque\u00f1as empresas en las estrategias clim\u00e1ticas globales<\/a><\/p>\n\n\n\n<p>Responsable de apoyar a 23,6 millones de empresas en Brasil, incluyendo microemprendedores individuales, microempresas y peque\u00f1as empresas, Sebrae firm\u00f3 un compromiso a favor de movilizar gobiernos de todo el mundo para formar a peque\u00f1as y medianas empresas en temas relacionados con la lucha contra el cambio clim\u00e1tico.<\/p>\n\n\n\n<p><a href=\"https:\/\/agenciasebrae.com.br\/economia-e-politica\/pequenos-negocios-entram-no-radar-do-financiamento-verde-na-cop30\/\" target=\"_blank\" rel=\"noreferrer noopener\">Las peque\u00f1as empresas entran en el radar de las finanzas verdes en la COP30<\/a><\/p>\n\n\n\n<p>El segundo d\u00eda de las actividades de Sebrae en la COP30 abri\u00f3 espacio para el debate sobre las oportunidades y obst\u00e1culos de la financiaci\u00f3n verde para peque\u00f1as empresas, protagonistas de la transici\u00f3n hacia una econom\u00eda baja en carbono. En el stand de la instituci\u00f3n en la Zona Verde, el panel de Finanzas Verdes reuni\u00f3 a representantes de BNDES, ABDE y Banco do Nordeste para debatir formas de ampliar el acceso de micro y peque\u00f1as empresas al cr\u00e9dito de sostenibilidad.<\/p>\n<\/div><\/div>\n\n\n\n<div class=\"wp-block-getwid-accordion__header-wrapper\"><span class=\"wp-block-getwid-accordion__header\"><a href=\"#\"><span class=\"wp-block-getwid-accordion__header-title\"><strong>Canad\u00e1<\/strong><\/span><span class=\"wp-block-getwid-accordion__icon is-active\"><i class=\"fas fa-plus\"><\/i><\/span><span class=\"wp-block-getwid-accordion__icon is-passive\"><i class=\"fas fa-minus\"><\/i><\/span><\/a><\/span><\/div><div class=\"wp-block-getwid-accordion__content-wrapper\"><div class=\"wp-block-getwid-accordion__content\">\n<p><a href=\"https:\/\/www.canada.ca\/en\/economic-development-southern-ontario\/news\/2025\/11\/government-of-canada-invests-in-bilingual-workforce-development-and-francophone-entrepreneurship-across-southern-ontario.html\" target=\"_blank\" rel=\"noreferrer noopener\">El Gobierno de Canad\u00e1 invierte en el desarrollo biling\u00fce de la fuerza laboral y el emprendimiento franc\u00f3fono en el sur de Ontario<\/a><\/p>\n\n\n\n<p>Inversi\u00f3n combinada de m\u00e1s de 1 mill\u00f3n de d\u00f3lares de la Agencia Federal de Desarrollo Econ\u00f3mico para el sur de Ontario para apoyar nuevas oportunidades para el talento franc\u00f3fono en el sur de Ontario. Una econom\u00eda fuerte es aquella que funciona para todos. Por eso el Gobierno de Canad\u00e1 est\u00e1 invirtiendo en organizaciones que construyen comunidades inclusivas y resilientes, creando oportunidades de empleo significativas para las comunidades minoritarias de lengua oficial y los reci\u00e9n llegados, al tiempo que apoyan las necesidades cambiantes de la fuerza laboral de las empresas locales.<\/p>\n<\/div><\/div>\n\n\n\n<div class=\"wp-block-getwid-accordion__header-wrapper\"><span class=\"wp-block-getwid-accordion__header\"><a href=\"#\"><span class=\"wp-block-getwid-accordion__header-title\"><strong>Chile<\/strong><\/span><span class=\"wp-block-getwid-accordion__icon is-active\"><i class=\"fas fa-plus\"><\/i><\/span><span class=\"wp-block-getwid-accordion__icon is-passive\"><i class=\"fas fa-minus\"><\/i><\/span><\/a><\/span><\/div><div class=\"wp-block-getwid-accordion__content-wrapper\"><div class=\"wp-block-getwid-accordion__content\">\n<p><a href=\"https:\/\/www.sercotec.cl\/abren-postulaciones-al-sello-que-reconoce-a-las-mipymes\/\" target=\"_blank\" rel=\"noreferrer noopener\">Abren postulaciones al sello que reconoce a las MIPYMES y cooperativas sustentables del pa\u00eds<\/a><\/p>\n\n\n\n<p>La iniciativa de Sercotec y FEN UChile distinguir\u00e1 a las empresas de menor tama\u00f1o que tengan avances destacados en sostenibilidad, y otorgar\u00e1 acceso a asesor\u00edas especializadas para profundizar su gesti\u00f3n en la materia. As\u00ed lo dio a conocer Sercotec y la Facultad de Econom\u00eda y Negocios de la Universidad de Chile, entidades que encabezaron el lanzamiento de una nueva versi\u00f3n del\u00a0<a href=\"https:\/\/www.sercotec.cl\/sello-impacta-sustentable\/\" target=\"_blank\" rel=\"noreferrer noopener\"><strong>Sello Impacta Sustentable<\/strong>.\u00a0<\/a><\/p>\n\n\n\n<p><a href=\"https:\/\/www.sercotec.cl\/sercotec-y-asociacion-de-industriales-de-antofagasta-firman-convenio-para-apoyar-el-desarrollo-de-las-mipymes\/\" target=\"_blank\" rel=\"noreferrer noopener\">Sercotec y Asociaci\u00f3n de Industriales de Antofagasta firman convenio para apoyar el desarrollo de las MIPYMES<\/a><\/p>\n\n\n\n<p>Esta alianza busca promover un trabajo articulado entre la red de Centros de Desarrollo de Negocios de la entidad con la cadena de proveedores de la minera. El anuncio se realiz\u00f3 en el marco de un evento que conect\u00f3 a las empresas de menor tama\u00f1o con la gran industria regional. Con la presencia de m\u00e1s de 120 empresas, organizaciones gremiales, autoridades y representantes del ecosistema empresarial de la regi\u00f3n, se realiz\u00f3 en Antofagasta el evento Conecta Gran Industria, iniciativa impulsada por Sercotec para potenciar el desarrollo de las micro y peque\u00f1as empresas y cooperativas, acerc\u00e1ndolas a las grandes compa\u00f1\u00edas del sector minero y energ\u00e9tico.<\/p>\n<\/div><\/div>\n\n\n\n<div class=\"wp-block-getwid-accordion__header-wrapper\"><span class=\"wp-block-getwid-accordion__header\"><a href=\"#\"><span class=\"wp-block-getwid-accordion__header-title\"><strong>Colombia<\/strong><\/span><span class=\"wp-block-getwid-accordion__icon is-active\"><i class=\"fas fa-plus\"><\/i><\/span><span class=\"wp-block-getwid-accordion__icon is-passive\"><i class=\"fas fa-minus\"><\/i><\/span><\/a><\/span><\/div><div class=\"wp-block-getwid-accordion__content-wrapper\"><div class=\"wp-block-getwid-accordion__content\">\n<p><a href=\"https:\/\/www.mincit.gov.co\/prensa\/noticias\/industria\/economia-popular-relanzamiento-innpulsa-colombia\" target=\"_blank\" rel=\"noreferrer noopener\">MinCIT impulsa la Econom\u00eda Popular, el emprendimiento y las MIPYMES con el relanzamiento de iNNpulsa Colombia<\/a><\/p>\n\n\n\n<p>El nuevo patrimonio iNNpulsa Colombia iniciar\u00e1 sus operaciones a partir del primero de noviembre, con un enfoque en la reindustrializaci\u00f3n, productividad y la competitividad. El objetivo es fortalecer la reindustrializaci\u00f3n, el emprendimiento, la innovaci\u00f3n, el desarrollo empresarial, la productividad, la competitividad y los encadenamientos productivos. A tales efectos, el Ministerio de Comercio, Industria y Turismo unific\u00f3 sus patrimonios Colombia Productiva e iNNpulsa Colombia. Esta nueva entidad, que operar\u00e1 bajo el nombre de iNNpulsa Colombia, implementar\u00e1 estas estrategias con una visi\u00f3n integral.<\/p>\n<\/div><\/div>\n\n\n\n<div class=\"wp-block-getwid-accordion__header-wrapper\"><span class=\"wp-block-getwid-accordion__header\"><a href=\"#\"><span class=\"wp-block-getwid-accordion__header-title\"><strong>Costa Rica<\/strong><\/span><span class=\"wp-block-getwid-accordion__icon is-active\"><i class=\"fas fa-plus\"><\/i><\/span><span class=\"wp-block-getwid-accordion__icon is-passive\"><i class=\"fas fa-minus\"><\/i><\/span><\/a><\/span><\/div><div class=\"wp-block-getwid-accordion__content-wrapper\"><div class=\"wp-block-getwid-accordion__content\">\n<p><a href=\"https:\/\/www.meic.go.cr\/micro-y-pequenas-empresas-deben-registrarse-antes-del-4-de-diciembre-para-optar-por-la-exoneracion-del-impuesto-de-sociedades\/\" target=\"_blank\" rel=\"noreferrer noopener\">Micro y peque\u00f1as empresas deben registrarse antes del 4 de diciembre para optar por la exoneraci\u00f3n del Impuesto de Sociedades<\/a><\/p>\n\n\n\n<p>El Ministerio de Econom\u00eda, Industria y Comercio (MEIC), invita a las micro y peque\u00f1as empresas (MIPYMES), que a\u00fan no cuentan con su Registro Pyme, o cuya vigencia vence antes del 31 de diciembre de este a\u00f1o, a no dejar pasar el plazo del 4 de diciembre de 2025 para registrarse o renovar su Condici\u00f3n Pyme, y as\u00ed acceder a la exoneraci\u00f3n del Impuesto a las Personas Jur\u00eddicas 2026, otorgado por el Ministerio de Hacienda conforme a la Ley N.\u00ba 9428.<\/p>\n<\/div><\/div>\n\n\n\n<div class=\"wp-block-getwid-accordion__header-wrapper\"><span class=\"wp-block-getwid-accordion__header\"><a href=\"#\"><span class=\"wp-block-getwid-accordion__header-title\"><strong>Ecuador<\/strong><\/span><span class=\"wp-block-getwid-accordion__icon is-active\"><i class=\"fas fa-plus\"><\/i><\/span><span class=\"wp-block-getwid-accordion__icon is-passive\"><i class=\"fas fa-minus\"><\/i><\/span><\/a><\/span><\/div><div class=\"wp-block-getwid-accordion__content-wrapper\"><div class=\"wp-block-getwid-accordion__content\">\n<p><a href=\"https:\/\/www.produccion.gob.ec\/incentivo-emprende-un-impulso-del-presidente-daniel-noboa-para-la-reactivacion-de-galapagos-que-es-una-realidad\/\" target=\"_blank\" rel=\"noreferrer noopener\">\u201cIncentivo Emprende\u201d, un impulso del Presidente para la reactivaci\u00f3n de Gal\u00e1pagos que es una realidad<\/a><\/p>\n\n\n\n<p>M\u00e1s de 200 emprendedores y actores de la Econom\u00eda Popular y Solidaria se beneficiaron con un bono de 1.000 d\u00f3lares, destinado a mejorar la productividad y fomentar la reactivaci\u00f3n econ\u00f3mica de Gal\u00e1pagos, gracias al Programa Incentivo Emprende, que lleva adelante el Gobierno.<\/p>\n<\/div><\/div>\n\n\n\n<div class=\"wp-block-getwid-accordion__header-wrapper\"><span class=\"wp-block-getwid-accordion__header\"><a href=\"#\"><span class=\"wp-block-getwid-accordion__header-title\"><strong>El Salvador<\/strong><\/span><span class=\"wp-block-getwid-accordion__icon is-active\"><i class=\"fas fa-plus\"><\/i><\/span><span class=\"wp-block-getwid-accordion__icon is-passive\"><i class=\"fas fa-minus\"><\/i><\/span><\/a><\/span><\/div><div class=\"wp-block-getwid-accordion__content-wrapper\"><div class=\"wp-block-getwid-accordion__content\">\n<p><a href=\"https:\/\/www.conamype.gob.sv\/blog\/2025\/11\/11\/%f0%9f%8c%8e-mype-salvadorenas-se-preparan-para-conquistar-nuevos-mercados-en-el-foro-exporta-sv-realizado-por-conamype-y-mail-boxes\/\" target=\"_blank\" rel=\"noreferrer noopener\">MYPE salvadore\u00f1as se preparan para conquistar nuevos mercados en el Foro \u201cExporta SV\u201d realizado por CONAMYPE y Mail Boxes<\/a><\/p>\n\n\n\n<p>El Gobierno de El Salvador, a trav\u00e9s de la Comisi\u00f3n Nacional de la Micro y Peque\u00f1a Empresa (CONAMYPE), junto a Mail Boxes, desarroll\u00f3 con \u00e9xito el foro \u201cExporta SV: El camino de las MYPE para la Exportaci\u00f3n\u201d, un espacio creado para fortalecer la cultura exportadora y brindar herramientas pr\u00e1cticas a las micro y peque\u00f1as empresas con potencial de internacionalizaci\u00f3n. El evento reuni\u00f3 a m\u00e1s de 125 MYPE de distintos sectores productivos, entre ellos artesan\u00edas, textil y confecci\u00f3n, calzado, alimentos, bebidas, agroindustria y desarrollo tecnol\u00f3gico, que buscan ampliar sus horizontes comerciales y posicionar su talento en los mercados internacionales.<\/p>\n<\/div><\/div>\n\n\n\n<div class=\"wp-block-getwid-accordion__header-wrapper\"><span class=\"wp-block-getwid-accordion__header\"><a href=\"#\"><span class=\"wp-block-getwid-accordion__header-title\"><strong>Panam\u00e1<\/strong><\/span><span class=\"wp-block-getwid-accordion__icon is-active\"><i class=\"fas fa-plus\"><\/i><\/span><span class=\"wp-block-getwid-accordion__icon is-passive\"><i class=\"fas fa-minus\"><\/i><\/span><\/a><\/span><\/div><div class=\"wp-block-getwid-accordion__content-wrapper\"><div class=\"wp-block-getwid-accordion__content\">\n<p><a href=\"https:\/\/mici.gob.pa\/2025\/10\/31\/mici-promueve-la-inclusion-y-el-liderazgo-femenino-en-el-impulso-de-las-exportaciones-panamenas\/\" target=\"_blank\" rel=\"noreferrer noopener\">MICI promueve la inclusi\u00f3n y el liderazgo femenino en el impulso de las exportaciones paname\u00f1as<\/a><\/p>\n\n\n\n<p>Con el objetivo de ampliar el acceso a las oportunidades de exportaci\u00f3n para las peque\u00f1as y medianas empresas (pymes), en especial aquellas lideradas por mujeres, el Ministerio de Comercio e Industrias (MICI) culmin\u00f3 el Taller T\u00e9cnico de Formaci\u00f3n y Acompa\u00f1amiento Exportador hacia Canad\u00e1, con la ejecuci\u00f3n t\u00e9cnica de la firma especializada Globally Cool. Durante la jornada, colaboradores del Ministerio de Desarrollo Agropecuario (MIDA), la Autoridad de los Recursos Acu\u00e1ticos de Panam\u00e1 (ARAP) y el MICI recibieron capacitaci\u00f3n en temas clave para fortalecer su rol de acompa\u00f1amiento a las empresas exportadoras.<\/p>\n\n\n\n<p><a href=\"https:\/\/mici.gob.pa\/2025\/10\/13\/mici-y-canada-unen-esfuerzos-para-capacitar-a-100-instructores-panamenos-en-agricultura-sostenible-y-emprendimiento\/\" target=\"_blank\" rel=\"noreferrer noopener\">MICI y Canad\u00e1 unen esfuerzos para capacitar a 100 instructores paname\u00f1os en agricultura sostenible y emprendimiento<\/a><\/p>\n\n\n\n<p>Gracias al trabajo conjunto entre el Ministerio de Comercio e Industrias (MICI) y el Gobierno de Canad\u00e1, un centenar de instructores paname\u00f1os del Instituto Nacional de Formaci\u00f3n Profesional y Capacitaci\u00f3n para el Desarrollo Humano (INADEH) comenzaron hoy una capacitaci\u00f3n nacional en agricultura sostenible, emprendimiento, desarrollo exportador e inclusi\u00f3n. Esta formaci\u00f3n forma parte del proyecto \u201cAgricultura Sostenible y Emprendimiento, con Enfoque en Mujeres Ind\u00edgenas de Panam\u00e1\u201d, una iniciativa que busca llevar conocimientos pr\u00e1cticos y herramientas de desarrollo a las comunidades rurales del pa\u00eds, especialmente a las que enfrentan m\u00e1s desaf\u00edos econ\u00f3micos y sociales.<\/p>\n<\/div><\/div>\n\n\n\n<div class=\"wp-block-getwid-accordion__header-wrapper\"><span class=\"wp-block-getwid-accordion__header\"><a href=\"#\"><span class=\"wp-block-getwid-accordion__header-title\"><strong>Paraguay<\/strong><\/span><span class=\"wp-block-getwid-accordion__icon is-active\"><i class=\"fas fa-plus\"><\/i><\/span><span class=\"wp-block-getwid-accordion__icon is-passive\"><i class=\"fas fa-minus\"><\/i><\/span><\/a><\/span><\/div><div class=\"wp-block-getwid-accordion__content-wrapper\"><div class=\"wp-block-getwid-accordion__content\">\n<p><a href=\"https:\/\/www.mic.gov.py\/paraguay-marca-un-hito-en-el-impulso-a-mipymes-con-la-expedicion-digital-de-340-000-cedulas-en-un-solo-dia\/\" target=\"_blank\" rel=\"noreferrer noopener\">Paraguay marca un hito en el impulso a MIPYMES con la expedici\u00f3n digital de 340.000 c\u00e9dulas en un solo d\u00eda<\/a><\/p>\n\n\n\n<p>El gobierno anunci\u00f3 la emisi\u00f3n autom\u00e1tica de 340 mil C\u00e9dulas MIPYMES por parte del Ministerio de Industria y Comercio, con lo cual se aplican de manera inmediata los beneficios establecidos en la Ley N.\u00b0 7444\/2025 para este sector econ\u00f3mico.<\/p>\n\n\n\n<p><a href=\"https:\/\/www.mic.gov.py\/capacitacion-sobre-norma-paraguaya-de-calidad-apunta-a-fortalecer-competitividad-de-mipymes\/\" target=\"_blank\" rel=\"noreferrer noopener\">Capacitaci\u00f3n sobre Norma Paraguaya de Calidad apunta a fortalecer competitividad de MIPYMES<\/a><\/p>\n\n\n\n<p>En el marco del Proyecto \u201cSello Paraguayo de Calidad para MIPYMES\u201d, el Ministerio de Industria y Comercio (MIC), en conjunto con el Instituto Nacional de Tecnolog\u00eda, Normalizaci\u00f3n y Metrolog\u00eda (INTN), arrancaron este martes el curso sobre la Norma Paraguaya de Calidad para MIPYMES, dirigido a profesionales de \u00e1rea de productividad, calidad, tecnolog\u00eda, ingenier\u00eda industrial, gesti\u00f3n empresarial y afines. Los participantes de la capacitaci\u00f3n adquirir\u00e1n conocimientos sobre la Norma Paraguaya NP 38 002 16, Modelo de Gesti\u00f3n para MIPYMES, los requisitos de la Norma, planificaci\u00f3n estrat\u00e9gica, soporte t\u00e9cnico, operaci\u00f3n, seguimiento y medici\u00f3n, mejora continua, entre otros, para posteriormente acompa\u00f1ar a las MIPYMES en el proceso de certificaci\u00f3n de sus productos.<\/p>\n\n\n\n<p><a href=\"https:\/\/www.mic.gov.py\/mic-y-uip-firman-convenio-para-financiar-planes-de-negocio-de-mipymes\/\" target=\"_blank\" rel=\"noreferrer noopener\">MIC y UIP firman convenio para financiar planes de negocio de MIPYMES<\/a><\/p>\n\n\n\n<p>El Viceministerio de MIPYMES y la Uni\u00f3n Industrial Paraguaya (UIP), firmaron un convenio de cofinanciamiento para el gerenciamiento del Proyecto de Competitividad de las MIPYMES (PCM), una iniciativa que busca fortalecer el desarrollo productivo, innovador y sostenible de las Micro, peque\u00f1as y medianas empresas del pa\u00eds mediante el financiamiento de planes de negocio. El acuerdo contempla que la UIP act\u00fae como entidad gerenciadora del proyecto, con responsabilidades que incluyen la elaboraci\u00f3n de la l\u00ednea de base, un registro inicial de la situaci\u00f3n de las MIPYMES beneficiarias, el asesoramiento t\u00e9cnico durante la ejecuci\u00f3n de los planes de negocio, y la realizaci\u00f3n de visitas t\u00e9cnicas.<\/p>\n<\/div><\/div>\n\n\n\n<div class=\"wp-block-getwid-accordion__header-wrapper\"><span class=\"wp-block-getwid-accordion__header\"><a href=\"#\"><span class=\"wp-block-getwid-accordion__header-title\"><strong>Per\u00fa<\/strong><\/span><span class=\"wp-block-getwid-accordion__icon is-active\"><i class=\"fas fa-plus\"><\/i><\/span><span class=\"wp-block-getwid-accordion__icon is-passive\"><i class=\"fas fa-minus\"><\/i><\/span><\/a><\/span><\/div><div class=\"wp-block-getwid-accordion__content-wrapper\"><div class=\"wp-block-getwid-accordion__content\">\n<p><a href=\"https:\/\/nam10.safelinks.protection.outlook.com\/?url=https%3A%2F%2Fwww.gob.pe%2Finstitucion%2Fmincetur%2Fnoticias%2F1253356-mincetur-mipymes-de-doce-regiones-del-pais-buscan-cerrar-contratos-con-compradores-internacionales-en-expoalimentaria-2025&amp;data=05%7C02%7CMOGomez%40oas.org%7C0cb317c12577460340c808de1639f99f%7C4fdc3f2315064175958c37999cee0941%7C1%7C0%7C638972635417332734%7CUnknown%7CTWFpbGZsb3d8eyJFbXB0eU1hcGkiOnRydWUsIlYiOiIwLjAuMDAwMCIsIlAiOiJXaW4zMiIsIkFOIjoiTWFpbCIsIldUIjoyfQ%3D%3D%7C0%7C%7C%7C&amp;sdata=tRqS2M%2BUfk0mCVL0R3riXQvnXAn%2Bupm5f%2FSc4rb%2BDNo%3D&amp;reserved=0\" target=\"_blank\" rel=\"noreferrer noopener\">Mincetur: MIPYMES de doce regiones del pa\u00eds buscan cerrar contratos con compradores internacionales en Expoalimentaria 2025<\/a><\/p>\n\n\n\n<p>El Ministerio de Comercio Exterior y Turismo (Mincetur) particip\u00f3 en la Expoalimentaria 2025, mediante 18 organizaciones beneficiarias de la estrategia Ruta Productiva Exportadora &#8211; RPE, con el objetivo de que estas micro, peque\u00f1as y medianas empresas puedan cerrar contratos con compradores internacionales, posicionando as\u00ed la oferta agr\u00edcola peruana en el mundo.<\/p>\n\n\n\n<p><a href=\"https:\/\/nam10.safelinks.protection.outlook.com\/?url=https%3A%2F%2Fwww.gob.pe%2Finstitucion%2Fmincetur%2Fnoticias%2F1252344-impulso-de-asean-y-alianza-del-pacifico-a-la-economia-digital-abre-oportunidades-a-las-pequenas-y-medianas-empresas&amp;data=05%7C02%7CMOGomez%40oas.org%7C0cb317c12577460340c808de1639f99f%7C4fdc3f2315064175958c37999cee0941%7C1%7C0%7C638972635417359640%7CUnknown%7CTWFpbGZsb3d8eyJFbXB0eU1hcGkiOnRydWUsIlYiOiIwLjAuMDAwMCIsIlAiOiJXaW4zMiIsIkFOIjoiTWFpbCIsIldUIjoyfQ%3D%3D%7C0%7C%7C%7C&amp;sdata=B3IkeFyx%2FbteXRLSuZdc1MwNaFavIWilLyu1eRdljII%3D&amp;reserved=0\" target=\"_blank\" rel=\"noreferrer noopener\">Impulso de ASEAN y Alianza del Pac\u00edfico a la econom\u00eda digital abre oportunidades a las peque\u00f1as y medianas empresas<\/a><\/p>\n\n\n\n<p>En el marco de la agenda oficial del Per\u00fa en Estados Unidos, Per\u00fa particip\u00f3 en la VIII Reuni\u00f3n Ministerial de la Asociaci\u00f3n de Naciones del Sudeste Asi\u00e1tico (ASEAN) \u2013 Alianza del Pac\u00edfico (AP), encuentro orientado a fortalecer la relaci\u00f3n entre ambos bloques y dar seguimiento al Plan de Trabajo 2021\u20132026, con la presencia de ministros y altas autoridades de la regi\u00f3n.<\/p>\n\n\n\n<p>El gobierno reafirm\u00f3 el compromiso del Per\u00fa con profundizar la cooperaci\u00f3n ASEAN\u2013AP y destac\u00f3 el gran potencial de ambos bloques para impulsar proyectos con visi\u00f3n de futuro, especialmente en la econom\u00eda digital, que abre grandes oportunidades por las micro, peque\u00f1as y medianas empresas (Mipymes).<\/p>\n\n\n\n<p><a href=\"https:\/\/nam10.safelinks.protection.outlook.com\/?url=https%3A%2F%2Fwww.gob.pe%2Finstitucion%2Fmincetur%2Fnoticias%2F1252018-mincetur-convoca-a-mipymes-innovadoras-para-transformar-el-turismo-rural-con-apoyo-de-hasta-s-893-mil&amp;data=05%7C02%7CMOGomez%40oas.org%7C0cb317c12577460340c808de1639f99f%7C4fdc3f2315064175958c37999cee0941%7C1%7C0%7C638972635417378402%7CUnknown%7CTWFpbGZsb3d8eyJFbXB0eU1hcGkiOnRydWUsIlYiOiIwLjAuMDAwMCIsIlAiOiJXaW4zMiIsIkFOIjoiTWFpbCIsIldUIjoyfQ%3D%3D%7C0%7C%7C%7C&amp;sdata=LsjIFJO3BXHvKs81yfHw1cEe5kh7AXR7e6RXdBShYFA%3D&amp;reserved=0\" target=\"_blank\" rel=\"noreferrer noopener\">Mincetur convoca a MIPYMES innovadoras para transformar el turismo rural con apoyo de hasta S\/893 mil<\/a><\/p>\n\n\n\n<p>El Ministerio de Comercio Exterior y Turismo (Mincetur), en alianza con el Programa Nacional de Desarrollo Tecnol\u00f3gico e Innovaci\u00f3n (ProInn\u00f3vate), del Ministerio de la Producci\u00f3n, anunci\u00f3 el lanzamiento del Reto Turismo Rural, concurso nacional que busca soluciones innovadoras para transformar la gesti\u00f3n del turismo comunitario en el Per\u00fa.<\/p>\n<\/div><\/div>\n\n\n\n<div class=\"wp-block-getwid-accordion__header-wrapper\"><span class=\"wp-block-getwid-accordion__header\"><a href=\"#\"><span class=\"wp-block-getwid-accordion__header-title\"><strong>Suriname<\/strong><\/span><span class=\"wp-block-getwid-accordion__icon is-active\"><i class=\"fas fa-plus\"><\/i><\/span><span class=\"wp-block-getwid-accordion__icon is-passive\"><i class=\"fas fa-minus\"><\/i><\/span><\/a><\/span><\/div><div class=\"wp-block-getwid-accordion__content-wrapper\"><div class=\"wp-block-getwid-accordion__content\">\n<p><a href=\"https:\/\/gov.sr\/training-basisvaardigheden-ondernemerschap-versterkt-agrarische-sector-in-wanica\/\" target=\"_blank\" rel=\"noreferrer noopener\">La formaci\u00f3n b\u00e1sica en habilidades emprendedoras fortalece el sector agr\u00edcola en Wanica<\/a><\/p>\n\n\n\n<p>El Ministerio de Asuntos Econ\u00f3micos, Emprendimiento e Innovaci\u00f3n Tecnol\u00f3gica (EZOTI), en colaboraci\u00f3n con el Servicio Universitario Mundial de Canad\u00e1 (WUSC Caribbean Suriname Ltd), organiz\u00f3 un curso de formaci\u00f3n de tres d\u00edas titulado \u00abEmprendimiento de Habilidades B\u00e1sicas\u00bb. La formaci\u00f3n forma parte del proyecto \u00abLa Agricultura Sostenible en el Caribe\u00bb (SAC). La formaci\u00f3n en emprendimiento de habilidades b\u00e1sicas se centra en el desarrollo de competencias emprendedoras fundamentales, el c\u00e1lculo de costes y precios, el desarrollo de modelos de negocio (Business Model Canvas), la administraci\u00f3n y la elaboraci\u00f3n de un plan de negocio. Con ello, el ministerio pretende apoyar a emprendedores emergentes y peque\u00f1os en la construcci\u00f3n de negocios sostenibles y rentables.<\/p>\n\n\n\n<p><a href=\"https:\/\/gov.sr\/surge-project-versterkt-ondernemerschap-met-business-development-services-trainingen\/\" target=\"_blank\" rel=\"noreferrer noopener\">El proyecto SURGE fortalece el emprendimiento con formaci\u00f3n en Servicios de Desarrollo de Negocio<\/a><\/p>\n\n\n\n<p>El Ministerio de Asuntos Econ\u00f3micos, Emprendimiento e Innovaci\u00f3n Tecnol\u00f3gica (EZ) est\u00e1 en proceso de implementar el proyecto Surinam de Empresas en Crecimiento (SURGE), que forma parte del Proyecto de Competitividad y Diversificaci\u00f3n Sectorial de Surinam (SCSD). En este contexto, se han lanzado los primeros cursos de formaci\u00f3n de SURGE Business Development Services para las empresas que han participado en el programa.<\/p>\n<\/div><\/div>\n<\/div>\n\n\n\n<p><\/p>\n","protected":false},"excerpt":{"rendered":"<p>OEA MIPYME &#8211; Bolet\u00edn Informativo sobre MIPYMEs: (Noviembre de 2025): El Bolet\u00edn MIPYMEs de la OEA se dedica a las medidas anunciadas recientemente por los Estados miembros de la OEA para la recuperaci\u00f3n econ\u00f3mica de las micro, peque\u00f1as y medianas empresas (MIPYME). Las respuestas pol\u00edticas var\u00edan de un pa\u00eds a otro y son espec\u00edficas a [&hellip;]<\/p>\n","protected":false},"author":2,"featured_media":0,"comment_status":"closed","ping_status":"closed","sticky":false,"template":"","format":"standard","meta":{"iawp_total_views":10,"footnotes":""},"categories":[24],"tags":[],"class_list":["post-3415","post","type-post","status-publish","format-standard","hentry","category-newsletters"],"_links":{"self":[{"href":"https:\/\/msme-clearinghouse.com\/es\/wp-json\/wp\/v2\/posts\/3415","targetHints":{"allow":["GET"]}}],"collection":[{"href":"https:\/\/msme-clearinghouse.com\/es\/wp-json\/wp\/v2\/posts"}],"about":[{"href":"https:\/\/msme-clearinghouse.com\/es\/wp-json\/wp\/v2\/types\/post"}],"author":[{"embeddable":true,"href":"https:\/\/msme-clearinghouse.com\/es\/wp-json\/wp\/v2\/users\/2"}],"replies":[{"embeddable":true,"href":"https:\/\/msme-clearinghouse.com\/es\/wp-json\/wp\/v2\/comments?post=3415"}],"version-history":[{"count":7,"href":"https:\/\/msme-clearinghouse.com\/es\/wp-json\/wp\/v2\/posts\/3415\/revisions"}],"predecessor-version":[{"id":3428,"href":"https:\/\/msme-clearinghouse.com\/es\/wp-json\/wp\/v2\/posts\/3415\/revisions\/3428"}],"wp:attachment":[{"href":"https:\/\/msme-clearinghouse.com\/es\/wp-json\/wp\/v2\/media?parent=3415"}],"wp:term":[{"taxonomy":"category","embeddable":true,"href":"https:\/\/msme-clearinghouse.com\/es\/wp-json\/wp\/v2\/categories?post=3415"},{"taxonomy":"post_tag","embeddable":true,"href":"https:\/\/msme-clearinghouse.com\/es\/wp-json\/wp\/v2\/tags?post=3415"}],"curies":[{"name":"wp","href":"https:\/\/api.w.org\/{rel}","templated":true}]}}