{"id":3449,"date":"2026-01-22T18:47:14","date_gmt":"2026-01-22T22:47:14","guid":{"rendered":"https:\/\/msme-clearinghouse.com\/es\/?p=3449"},"modified":"2026-01-29T08:57:48","modified_gmt":"2026-01-29T12:57:48","slug":"enero-2026","status":"publish","type":"post","link":"https:\/\/msme-clearinghouse.com\/es\/enero-2026\/","title":{"rendered":"Enero 2026"},"content":{"rendered":"\n<h2 class=\"wp-block-heading &quot;wp-block-heading&quot;\"><strong>OEA MIPYME &#8211; Bolet\u00edn Informativo sobre MIPYMEs: (Enero de 2026):<\/strong><\/h2>\n\n\n\n<p>El Bolet\u00edn MIPYMEs de la OEA se dedica a las medidas anunciadas recientemente por los Estados miembros de la OEA para la recuperaci\u00f3n econ\u00f3mica de las micro, peque\u00f1as y medianas empresas (MIPYME). Las respuestas pol\u00edticas var\u00edan de un pa\u00eds a otro y son espec\u00edficas a las circunstancias econ\u00f3micas de cada Estado miembro. Dado que cada d\u00eda se producen nuevos desarrollos, este inventario no es exhaustivo.<\/p>\n\n\n\n<p><strong>Proyecto sobre Empoderamiento Econ\u00f3mico de MIPYMES de la OEA<\/strong><\/p>\n\n\n\n<p><a href=\"https:\/\/wee-msme-clearinghouse.com\/es\/catalogo-de-empresarias-del-triangulo-norte-de-centroamerica\/\" target=\"_blank\" rel=\"noreferrer noopener\">Cat\u00e1logo de Empresarias del Tri\u00e1ngulo Norte de Centroam\u00e9rica<\/a><\/p>\n\n\n\n<p>Este cat\u00e1logo es una vitrina del talento, la innovaci\u00f3n y la determinaci\u00f3n de mujeres que est\u00e1n transformando sus comunidades y aportando al desarrollo econ\u00f3mico y social de la regi\u00f3n. Cada una de las empresarias presentadas representa una historia de visi\u00f3n, liderazgo y resiliencia; historias que demuestran que el emprendimiento femenino es una fuerza real de cambio y progreso.<\/p>\n\n\n\n<p><a href=\"#\"><strong>Pol\u00edticas de respuesta de los Pa\u00edses<\/strong><\/a><\/p>\n\n\n\n<div class=\"wp-block-getwid-accordion has-icon-left\" data-active-element=\"none\">\n<div class=\"wp-block-getwid-accordion__header-wrapper\"><span class=\"wp-block-getwid-accordion__header\"><a href=\"#\"><span class=\"wp-block-getwid-accordion__header-title\"><strong>Argentina<\/strong><\/span><span class=\"wp-block-getwid-accordion__icon is-active\"><i class=\"fas fa-plus\"><\/i><\/span><span class=\"wp-block-getwid-accordion__icon is-passive\"><i class=\"fas fa-minus\"><\/i><\/span><\/a><\/span><\/div><div class=\"wp-block-getwid-accordion__content-wrapper\"><div class=\"wp-block-getwid-accordion__content\">\n<p><a href=\"https:\/\/www.argentina.gob.ar\/noticias\/el-gobierno-nacional-extiende-beneficios-fiscales-para-microempresas-durante-2026\" target=\"_blank\" rel=\"noreferrer noopener\">El Gobierno Nacional extiende beneficios fiscales para microempresas durante 2026<\/a><\/p>\n\n\n\n<p>La medida prorroga la posibilidad de computar parte del impuesto a los cr\u00e9ditos y d\u00e9bitos bancarios como pago a cuenta de contribuciones patronales. El Poder Ejecutivo Nacional oficializ\u00f3, mediante el Decreto 923\/2025, la extensi\u00f3n hasta el 31 de diciembre de 2026 del beneficio que permite a las microempresas computar parte del Impuesto sobre los Cr\u00e9ditos y D\u00e9bitos en Cuentas Bancarias como pago a cuenta de las contribuciones patronales destinadas al Sistema Integrado Previsional Argentino (SIPA).<\/p>\n<\/div><\/div>\n\n\n\n<div class=\"wp-block-getwid-accordion__header-wrapper\"><span class=\"wp-block-getwid-accordion__header\"><a href=\"#\"><span class=\"wp-block-getwid-accordion__header-title\"><strong>Belize<\/strong><\/span><span class=\"wp-block-getwid-accordion__icon is-active\"><i class=\"fas fa-plus\"><\/i><\/span><span class=\"wp-block-getwid-accordion__icon is-passive\"><i class=\"fas fa-minus\"><\/i><\/span><\/a><\/span><\/div><div class=\"wp-block-getwid-accordion__content-wrapper\"><div class=\"wp-block-getwid-accordion__content\">\n<p><a href=\"https:\/\/beltraide.bz\/msmes-in-belize-embrace-a-digital-future\/\" target=\"_blank\" rel=\"noreferrer noopener\">Las MIPYMES en Belice adoptan un futuro digital<\/a><\/p>\n\n\n\n<p>En la econom\u00eda actual, que evoluciona r\u00e1pidamente, la digitalizaci\u00f3n ya no es opcional. Es esencial para la supervivencia y el crecimiento empresarial. Para las Micro, Peque\u00f1as y Medianas Empresas (MIPYMES) de Belize, la adopci\u00f3n de herramientas digitales puede ampliar el alcance del cliente, mejorar la eficiencia, reducir costes y fortalecer la resiliencia ante los cambios del mercado. El Programa de Innovaci\u00f3n Digital para Impulsar el Desarrollo Econ\u00f3mico (DIBED) est\u00e1 ayudando a los emprendedores a dar pasos audaces hacia esta transformaci\u00f3n. A trav\u00e9s del apoyo financiero y la formaci\u00f3n en negocios digitales, DIBED beneficiar\u00e1 a las MIPYMES de todo Belice, fomentando la adopci\u00f3n de soluciones digitales y el crecimiento, y mejorando la eficiencia operativa.<\/p>\n<\/div><\/div>\n\n\n\n<div class=\"wp-block-getwid-accordion__header-wrapper\"><span class=\"wp-block-getwid-accordion__header\"><a href=\"#\"><span class=\"wp-block-getwid-accordion__header-title\"><strong>Bolivia<\/strong><\/span><span class=\"wp-block-getwid-accordion__icon is-active\"><i class=\"fas fa-plus\"><\/i><\/span><span class=\"wp-block-getwid-accordion__icon is-passive\"><i class=\"fas fa-minus\"><\/i><\/span><\/a><\/span><\/div><div class=\"wp-block-getwid-accordion__content-wrapper\"><div class=\"wp-block-getwid-accordion__content\">\n<p><a href=\"https:\/\/produccion.gob.bo\/index.php\/nota_prensa\/gobierno-y-gremiales-acuerdan-mesas-tecnicas-para-reestructurar-la-economia-y-modernizar-el-sistema-impositivo-en-el-pais\/\" target=\"_blank\" rel=\"noreferrer noopener\">Gobierno y gremiales acuerdan mesas t\u00e9cnicas para reestructurar la econom\u00eda y modernizar el sistema impositivo en el pa\u00eds<\/a><\/p>\n\n\n\n<p>Con el objetivo de estabilizar la econom\u00eda y promover la paz social, el Ministro de Desarrollo Productivo, junto al Ministro de Econom\u00eda y Finanzas P\u00fablicas, sostuvieron una reuni\u00f3n con gremiales en Santa Cruz. Durante la reuni\u00f3n se acord\u00f3 el inicio de mesas de trabajo en torno al Decreto Supremo 5503 y Sistema Integrado Especial de Transici\u00f3n para Emprendedores al R\u00e9gimen General.<\/p>\n\n\n\n<p><a href=\"https:\/\/produccion.gob.bo\/index.php\/nota_prensa\/gobierno-conamype-y-federaciones-departamentales-logran-acuerdos-en-la-socializacion-del-decreto-5503\/\" target=\"_blank\" rel=\"noreferrer noopener\">Gobierno, CONAMYPE y Federaciones Departamentales logran acuerdos en la socializaci\u00f3n del Decreto 5503<\/a><\/p>\n\n\n\n<p>En el marco de las acciones encomendadas por el Ministerio de Desarrollo Productivo, Rural y Agua, el Viceministro de la Micro, Peque\u00f1a Empresa y Artesan\u00eda, sostuvo una reuni\u00f3n de coordinaci\u00f3n con representantes del sector de la micro y peque\u00f1a empresa, con el objetivo de conocer de manera directa sus principales necesidades y demandas a nivel nacional. Durante la reuni\u00f3n se lograron importantes consensos para la socializaci\u00f3n del Decreto Supremo N\u00b0 5503, tambi\u00e9n se dio a conocer las principales demandas del sector, permitiendo fortalecer el di\u00e1logo directo entre el Estado y los sectores productivos.<\/p>\n<\/div><\/div>\n\n\n\n<div class=\"wp-block-getwid-accordion__header-wrapper\"><span class=\"wp-block-getwid-accordion__header\"><a href=\"#\"><span class=\"wp-block-getwid-accordion__header-title\"><strong>Brasil<\/strong><\/span><span class=\"wp-block-getwid-accordion__icon is-active\"><i class=\"fas fa-plus\"><\/i><\/span><span class=\"wp-block-getwid-accordion__icon is-passive\"><i class=\"fas fa-minus\"><\/i><\/span><\/a><\/span><\/div><div class=\"wp-block-getwid-accordion__content-wrapper\"><div class=\"wp-block-getwid-accordion__content\">\n<p><a href=\"https:\/\/agenciasebrae.com.br\/inovacao-e-tecnologia\/sebrae-apoia-projeto-com-ia-para-simplificar-registro-de-marcas-e-ampliar-acesso-dos-pequenos-negocios\/\" target=\"_blank\" rel=\"noreferrer noopener\">Sebrae apoya proyectos de IA para simplificar el registro de marcas y ampliar el acceso para peque\u00f1as empresas<\/a><\/p>\n\n\n\n<p>Sebrae es uno de los socios estrat\u00e9gicos del proyecto que utiliza inteligencia artificial para hacer el registro de marcas m\u00e1s sencillo, accesible y eficiente en Brasil. La iniciativa se present\u00f3 en diciembre, durante el evento online \u00abPresentaci\u00f3n de Marcas con IA\u00bb, organizado por el Instituto Nacional de Propiedad Industrial (INPI), Sebrae y la Universidad Federal de Goi\u00e1s (UFG). La soluci\u00f3n es el resultado de un acuerdo de colaboraci\u00f3n en Investigaci\u00f3n, Desarrollo Tecnol\u00f3gico e Innovaci\u00f3n (PDI).<\/p>\n\n\n\n<p><a href=\"https:\/\/agenciasebrae.com.br\/cultura-empreendedora\/ano-novo-empresa-nova-cinco-cursos-e-ferramentas-online-do-sebrae-para-apoiar-na-abertura-do-pequeno-negocio\/\" target=\"_blank\" rel=\"noreferrer noopener\">A\u00f1o nuevo, nueva empresa: cinco cursos y herramientas online de Sebrae para apoyar la apertura de peque\u00f1as empresas<\/a><\/p>\n\n\n\n<p>El a\u00f1o 2025 fue el a\u00f1o de las peque\u00f1as empresas. De enero a diciembre, se registraron m\u00e1s de 5 millones de microemprendedores individuales (MEI), microempresas (ME) y peque\u00f1as empresas (EPP) en todo el pa\u00eds. Se espera que esta cifra siga creciendo en 2026. Seg\u00fan la edici\u00f3n m\u00e1s reciente del Global Entrepreneurship Monitor (GEM 2024), el pa\u00eds cuenta con m\u00e1s de 47 millones de posibles emprendedores que desean tener su propio negocio en un plazo de tres a\u00f1os. Sebrae ha preparado una serie de contenidos, cursos y herramientas gratuitos para quienes quieren abrir un peque\u00f1o negocio y no saben por d\u00f3nde empezar.<\/p>\n\n\n\n<p><a href=\"https:\/\/agenciasebrae.com.br\/economia-e-politica\/pix-e-a-forma-de-pagamento-preferida-por-quase-seis-em-cada-10-donos-de-pequenos-negocios\/\" target=\"_blank\" rel=\"noreferrer noopener\">Pix es el m\u00e9todo de pago preferido por casi seis de cada diez peque\u00f1os empresarios<\/a><\/p>\n\n\n\n<p>Creada hace apenas cinco a\u00f1os, Pix ha conquistado a emprendedores brasile\u00f1os y ya es el tipo de transacci\u00f3n financiera m\u00e1s utilizado, tanto para recibir pagos de clientes como para pagar a proveedores. Seg\u00fan una encuesta de Sebrae y el Instituto de Investigaci\u00f3n Social, Pol\u00edtica y Econ\u00f3mica (Ipespe), casi seis de cada diez peque\u00f1os empresarios tienen Pix como su principal medio de ventas y otro 53% prefiere este instrumento para pagar a sus socios comerciales.<\/p>\n<\/div><\/div>\n\n\n\n<div class=\"wp-block-getwid-accordion__header-wrapper\"><span class=\"wp-block-getwid-accordion__header\"><a href=\"#\"><span class=\"wp-block-getwid-accordion__header-title\"><strong>Canad\u00e1<\/strong><\/span><span class=\"wp-block-getwid-accordion__icon is-active\"><i class=\"fas fa-plus\"><\/i><\/span><span class=\"wp-block-getwid-accordion__icon is-passive\"><i class=\"fas fa-minus\"><\/i><\/span><\/a><\/span><\/div><div class=\"wp-block-getwid-accordion__content-wrapper\"><div class=\"wp-block-getwid-accordion__content\">\n<p><a href=\"https:\/\/www.canada.ca\/en\/competition-bureau\/news\/2026\/01\/competition-bureau-launches-study-of-competition-in-the-financing-of-canadas-small-and-medium-sized-enterprises.html\" target=\"_blank\" rel=\"noreferrer noopener\">La Oficina de la Competencia lanza un estudio sobre la competencia en la financiaci\u00f3n de las peque\u00f1as y medianas empresas de Canad\u00e1<\/a><\/p>\n\n\n\n<p>La Oficina de Competencia ha lanzado su estudio de mercado sobre el estado de la competencia en el sector de la financiaci\u00f3n para peque\u00f1as y medianas empresas (PYMES). El lanzamiento sigue a una consulta p\u00fablica sobre lo que deber\u00eda abarcar el estudio y a la aprobaci\u00f3n del Ministro de Industria de los t\u00e9rminos finales del mismo trabajo. Las observaciones iniciales de la Oficina son que puede resultar dif\u00edcil para muchas PYMES acceder a opciones de financiaci\u00f3n competitivas. El objetivo es examinar la competencia en el sector y c\u00f3mo puede mejorarse para beneficiar a las PYMES y a los nuevos e innovadores prestamistas que las apoyan.<\/p>\n\n\n\n<p><a href=\"https:\/\/www.canada.ca\/en\/national-research-council\/news\/2026\/01\/minister-joly-announces-over-240-million-to-boost-defence-innovation-support-for-canadian-small-and-medium-sized-businesses-developing-dual-use-tec.html\" target=\"_blank\" rel=\"noreferrer noopener\">El gobierno anuncia m\u00e1s de 240 millones de d\u00f3lares para impulsar el apoyo a la innovaci\u00f3n en defensa a las peque\u00f1as y medianas empresas canadienses que desarrollan tecnolog\u00edas de doble uso<\/a><\/p>\n\n\n\n<p>El Ministro de Industria y el Ministro responsable del Desarrollo Econ\u00f3mico de Canad\u00e1 para las Regiones de Quebec anunciaron que el Gobierno de Canad\u00e1 est\u00e1 invirtiendo 244,2 millones de d\u00f3lares en el Programa de Asistencia para la Investigaci\u00f3n Industrial del Consejo Nacional de Investigaci\u00f3n de Canad\u00e1 (NRC IRAP) a partir de 2025-2026, para lanzar su iniciativa de Asistencia a la Industria de Defensa (DI Assist). El programa <em>Defence Industry Assist<\/em> proporcionar\u00e1 financiaci\u00f3n y asesoramiento a PYMES canadienses innovadoras y de alto potencial para avanzar en tecnolog\u00edas de defensa y de doble uso hechas en Canad\u00e1. Esta inversi\u00f3n apoyar\u00e1 la capacidad innovadora y colaborativa de la industria de defensa canadiense y atender\u00e1 las necesidades de las Fuerzas Armadas canadienses.<\/p>\n<\/div><\/div>\n\n\n\n<div class=\"wp-block-getwid-accordion__header-wrapper\"><span class=\"wp-block-getwid-accordion__header\"><a href=\"#\"><span class=\"wp-block-getwid-accordion__header-title\"><strong>Chile<\/strong><\/span><span class=\"wp-block-getwid-accordion__icon is-active\"><i class=\"fas fa-plus\"><\/i><\/span><span class=\"wp-block-getwid-accordion__icon is-passive\"><i class=\"fas fa-minus\"><\/i><\/span><\/a><\/span><\/div><div class=\"wp-block-getwid-accordion__content-wrapper\"><div class=\"wp-block-getwid-accordion__content\">\n<p><a href=\"https:\/\/www.sercotec.cl\/anuncian-mas-de-20-ferias-y-actividades-en-el-pais-para-potenciar-las-ventas-navidenas-de-las-pymes\/\" target=\"_blank\" rel=\"noreferrer noopener\">Anuncian m\u00e1s de 20 ferias y actividades en el pa\u00eds para potenciar las ventas navide\u00f1as de las PYMES<\/a><\/p>\n\n\n\n<p>Una iniciativa de Sercotec habilitar\u00e1 una serie de espacios de comercializaci\u00f3n con un llamado a preferir las compras locales y seguras, optando por productos hechos por micro y peque\u00f1as empresas y cooperativas nacionales. Bajo el slogan \u201cEn esta Navidad compra con sentido\u201d, Sercotec lanz\u00f3 una iniciativa nacional que busca promover las ventas de las micro y peque\u00f1as empresas y cooperativas durante las festividades de fin de a\u00f1o; a trav\u00e9s de espacios de comercializaci\u00f3n que permitan visibilizar los variados productos y servicios que ofrecen las empresas de menor tama\u00f1o en Chile.<\/p>\n<\/div><\/div>\n\n\n\n<div class=\"wp-block-getwid-accordion__header-wrapper\"><span class=\"wp-block-getwid-accordion__header\"><a href=\"#\"><span class=\"wp-block-getwid-accordion__header-title\"><strong>Colombia<\/strong><\/span><span class=\"wp-block-getwid-accordion__icon is-active\"><i class=\"fas fa-plus\"><\/i><\/span><span class=\"wp-block-getwid-accordion__icon is-passive\"><i class=\"fas fa-minus\"><\/i><\/span><\/a><\/span><\/div><div class=\"wp-block-getwid-accordion__content-wrapper\"><div class=\"wp-block-getwid-accordion__content\">\n<p><a href=\"https:\/\/www.mincit.gov.co\/prensa\/noticias\/industria\/nacen-las-zonas-francas-para-la-economia-popular\" target=\"_blank\" rel=\"noreferrer noopener\">Colombia da un paso hist\u00f3rico: Nacen las Zonas Francas para la Econom\u00eda Popular<\/a><\/p>\n\n\n\n<p>Colombia dio un paso decisivo en su pol\u00edtica industrial. La expedici\u00f3n del Decreto 1317 de 2025 permite que el Gobierno integre de manera estructural la Econom\u00eda Popular en el r\u00e9gimen de zonas francas, a partir de dos transformaciones que reconfiguran la forma en que el pa\u00eds produce, se organiza y agrega valor. La primera transformaci\u00f3n es la creaci\u00f3n de las Zonas Francas Permanentes Especiales de Econom\u00eda Popular, una que por primera vez permite que las unidades productivas de la Econom\u00eda Popular accedan a condiciones tributarias, log\u00edsticas y productivas. La segunda transformaci\u00f3n ocurre en las zonas francas del r\u00e9gimen general, donde operan los usuarios industriales y comerciales. El decreto establece que estas zonas deber\u00e1n vincular unidades productivas de la Econom\u00eda Popular como proveedoras de bienes y servicios.<\/p>\n\n\n\n<p><a href=\"https:\/\/www.mincit.gov.co\/prensa\/noticias\/industria\/a-pulso-nueva-linea-de-credito-economia-popular\" target=\"_blank\" rel=\"noreferrer noopener\">&#8216;A Pulso&#8217;, la nueva l\u00ednea de cr\u00e9dito que fortalecer\u00e1 la Econom\u00eda Popular en Colombia<\/a><\/p>\n\n\n\n<p>A las mujeres de la Econom\u00eda Popular, la l\u00ednea \u2018A Pulso\u2019 ofrece un alivio adicional del 5 % en capital y acceso a educaci\u00f3n financiera para fortalecer su autonom\u00eda econ\u00f3mica.<\/p>\n\n\n\n<p>El Ministerio de Comercio, Industria y Turismo y Banc\u00f3ldex -Banco de desarrollo empresarial de Colombia- presentaron la l\u00ednea de cr\u00e9dito \u2018A Pulso\u2019, un instrumento financiero que naci\u00f3 con el Decreto 1396 del 22 de diciembre de 2025, alineado con el Plan Nacional de Desarrollo, con el cual la cartera ministerial busca impulsar mecanismos y programas para la inclusi\u00f3n financiera y crediticia de la Econom\u00eda Popular.<\/p>\n\n\n\n<p><a href=\"https:\/\/www.mincit.gov.co\/prensa\/noticias\/industria\/dos-nuevas-lineas-de-credito-para-economia-popular\" target=\"_blank\" rel=\"noreferrer noopener\">MinCIT y Banc\u00f3ldex presentan dos nuevas l\u00edneas de cr\u00e9dito por m\u00e1s de $190.000 millones para fortalecer la Econom\u00eda Popular en los territorios<\/a><\/p>\n\n\n\n<p>La primera l\u00ednea \u2018Cadenas productivas MIPYMES\u2019 dispondr\u00e1 de recursos de cr\u00e9dito por $143.000 millones y se orientar\u00e1 a sectores como comercio al por menor, textil, confecci\u00f3n y metalmec\u00e1nica. El segundo instrumento, que contar\u00e1 con cerca de $48.000 millones, est\u00e1 enfocado en hacer m\u00e1s competitivas a las micro, peque\u00f1as y medianas empresas del sector agroindustrial y, tambi\u00e9n, en potenciar sus exportaciones.<\/p>\n<\/div><\/div>\n\n\n\n<div class=\"wp-block-getwid-accordion__header-wrapper\"><span class=\"wp-block-getwid-accordion__header\"><a href=\"#\"><span class=\"wp-block-getwid-accordion__header-title\"><strong>Costa Rica<\/strong><\/span><span class=\"wp-block-getwid-accordion__icon is-active\"><i class=\"fas fa-plus\"><\/i><\/span><span class=\"wp-block-getwid-accordion__icon is-passive\"><i class=\"fas fa-minus\"><\/i><\/span><\/a><\/span><\/div><div class=\"wp-block-getwid-accordion__content-wrapper\"><div class=\"wp-block-getwid-accordion__content\">\n<p><a href=\"https:\/\/www.meic.go.cr\/expopyme-oficial-diasporas-reunira-a-pymes-de-cuatro-paises\/\" target=\"_blank\" rel=\"noreferrer noopener\">EXPOPYME Oficial Di\u00e1sporas reunir\u00e1 a pymes de cuatro pa\u00edses<\/a><\/p>\n\n\n\n<p>Este ser\u00e1 un espacio gratuito, para promoci\u00f3n de la empresariedad y el intercambio cultural. Participan PYMES registradas ante el MEIC, provenientes de Colombia, M\u00e9xico, Per\u00fa y Costa Rica.<\/p>\n\n\n\n<p>El Ministerio de Econom\u00eda, Industria y Comercio (MEIC), en alianza con el Ministerio de Cultura y Juventud (MCJ), las embajadas de Colombia y Per\u00fa, as\u00ed como la C\u00e1mara de Industria y Comercio Costa Rica- M\u00e9xico (CICOMEX), organizar un evento que re\u00fane a emprendedores y PYMES de cuatro pa\u00edses para promover la empresariedad, la innovaci\u00f3n y el intercambio cultural.<\/p>\n<\/div><\/div>\n\n\n\n<div class=\"wp-block-getwid-accordion__header-wrapper\"><span class=\"wp-block-getwid-accordion__header\"><a href=\"#\"><span class=\"wp-block-getwid-accordion__header-title\"><strong>Ecuador<\/strong><\/span><span class=\"wp-block-getwid-accordion__icon is-active\"><i class=\"fas fa-plus\"><\/i><\/span><span class=\"wp-block-getwid-accordion__icon is-passive\"><i class=\"fas fa-minus\"><\/i><\/span><\/a><\/span><\/div><div class=\"wp-block-getwid-accordion__content-wrapper\"><div class=\"wp-block-getwid-accordion__content\">\n<p><a href=\"https:\/\/www.produccion.gob.ec\/el-presidente-daniel-noboa-destino-74-000-dolares-de-capital-semilla-a-emprendedores-turisticos\/\" target=\"_blank\" rel=\"noreferrer noopener\">El Gobierno destin\u00f3 74.000 d\u00f3lares de capital semilla a emprendedores tur\u00edsticos<\/a><\/p>\n\n\n\n<p>Cuatro iniciativas tur\u00edsticas fueron reconocidas con 74.000 d\u00f3lares en capital no reembolsable durante la premiaci\u00f3n a los mejores proyectos del programa Emprende Turismo 2025, que en su edici\u00f3n de este a\u00f1o registr\u00f3 1.653 postulaciones de todo el pa\u00eds en las categor\u00edas Idea, En Marcha y Consolidaci\u00f3n.<\/p>\n\n\n\n<p><a href=\"https:\/\/www.produccion.gob.ec\/el-gobierno-de-daniel-noboa-impulsa-el-desarrollo-de-mipymes-y-emprendedores-con-la-firma-de-acuerdos-estrategicos-con-mercado-libre-ecuador\/\" target=\"_blank\" rel=\"noreferrer noopener\">El Gobierno impulsa el desarrollo de MIPYMES y Emprendedores con la Firma de Acuerdos Estrat\u00e9gicos con Mercado Libre Ecuador<\/a><\/p>\n\n\n\n<p>Este tipo de iniciativas reflejan el compromiso del Gobierno Nacional por el bienestar de la ciudadan\u00eda y el desarrollo sostenible en Ecuador, impulsando la econom\u00eda digital y facilitando la inclusi\u00f3n financiera. En el contexto actual, el comercio electr\u00f3nico se ha convertido en una herramienta esencial para el desarrollo econ\u00f3mico. La pandemia aceler\u00f3 la adopci\u00f3n de plataformas digitales, evidenciando la necesidad de facilitar el acceso a estas herramientas para MIPYMES y emprendedores. La colaboraci\u00f3n entre el gobierno y el sector privado es crucial para cerrar las brechas existentes y fomentar un entorno favorable para el emprendimiento.<\/p>\n<\/div><\/div>\n\n\n\n<div class=\"wp-block-getwid-accordion__header-wrapper\"><span class=\"wp-block-getwid-accordion__header\"><a href=\"#\"><span class=\"wp-block-getwid-accordion__header-title\"><strong>Jamaica<\/strong><\/span><span class=\"wp-block-getwid-accordion__icon is-active\"><i class=\"fas fa-plus\"><\/i><\/span><span class=\"wp-block-getwid-accordion__icon is-passive\"><i class=\"fas fa-minus\"><\/i><\/span><\/a><\/span><\/div><div class=\"wp-block-getwid-accordion__content-wrapper\"><div class=\"wp-block-getwid-accordion__content\">\n<p><a href=\"https:\/\/opm.gov.jm\/dbj-launches-j10-billion-m5-business-recovery-programme-to-support-enterprises-affected-by-hurricane-melissa\/\" target=\"_blank\" rel=\"noreferrer noopener\">DBJ lanza un programa de recuperaci\u00f3n empresarial M5 por valor de J$10.000 millones para apoyar a las empresas afectadas por el hurac\u00e1n Melissa<\/a><\/p>\n\n\n\n<p>El Banco de Desarrollo de Jamaica (DBJ), una agencia del Ministerio de Crecimiento Econ\u00f3mico y Desarrollo de Infraestructura ha anunciado el lanzamiento del Programa de Recuperaci\u00f3n Empresarial M5, una intervenci\u00f3n de 10.000 millones de J$ dise\u00f1ada para restaurar las operaciones, reconstruir la capacidad y mantener la continuidad empresarial tras el devastador impacto del hurac\u00e1n Melissa en el sector productivo de Jamaica. El Programa de Recuperaci\u00f3n Empresarial M5 proporcionar\u00e1 financiaci\u00f3n de pr\u00e9stamos con concesi\u00f3n, apoyo de subvenciones y soluciones de mejora crediticia a micro, peque\u00f1as y medianas empresas y otras empresas productivas que sufrieron p\u00e9rdidas e interrupciones como consecuencia del hurac\u00e1n.<\/p>\n<\/div><\/div>\n\n\n\n<div class=\"wp-block-getwid-accordion__header-wrapper\"><span class=\"wp-block-getwid-accordion__header\"><a href=\"#\"><span class=\"wp-block-getwid-accordion__header-title\"><strong>M\u00e9xico<\/strong><\/span><span class=\"wp-block-getwid-accordion__icon is-active\"><i class=\"fas fa-plus\"><\/i><\/span><span class=\"wp-block-getwid-accordion__icon is-passive\"><i class=\"fas fa-minus\"><\/i><\/span><\/a><\/span><\/div><div class=\"wp-block-getwid-accordion__content-wrapper\"><div class=\"wp-block-getwid-accordion__content\">\n<p><a href=\"https:\/\/www.gob.mx\/se\/prensa\/hecho-en-mexico-cierra-el-2025-con-mas-de-4-mil-empresas-registradas?idiom=es\" target=\"_blank\" rel=\"noreferrer noopener\">\u201cHecho en M\u00e9xico\u201d cierra el 2025 con m\u00e1s de 4 mil empresas registradas<\/a><\/p>\n\n\n\n<p>El certificado Hecho en M\u00e9xico\/Made in Mexico se ha otorgado a m\u00e1s de seis mil productos. Representa el trabajo interinstitucional y coordinado entre la Secretar\u00eda de Econom\u00eda, gobiernos estatales, c\u00e1maras de comercio e iniciativa privada. Se reafirma el compromiso por impulsar la calidad y el incremento del contenido nacional. La Secretar\u00eda de Econom\u00eda, a trav\u00e9s de la pol\u00edtica p\u00fablica Hecho en M\u00e9xico, reafirma su compromiso con el fortalecimiento de la producci\u00f3n nacional, el impulso a la calidad y el incremento del contenido nacional como pilares para el desarrollo econ\u00f3mico del pa\u00eds.<\/p>\n<\/div><\/div>\n\n\n\n<div class=\"wp-block-getwid-accordion__header-wrapper\"><span class=\"wp-block-getwid-accordion__header\"><a href=\"#\"><span class=\"wp-block-getwid-accordion__header-title\"><strong>Paraguay<\/strong><\/span><span class=\"wp-block-getwid-accordion__icon is-active\"><i class=\"fas fa-plus\"><\/i><\/span><span class=\"wp-block-getwid-accordion__icon is-passive\"><i class=\"fas fa-minus\"><\/i><\/span><\/a><\/span><\/div><div class=\"wp-block-getwid-accordion__content-wrapper\"><div class=\"wp-block-getwid-accordion__content\">\n<p><a href=\"https:\/\/www.mic.gov.py\/fonamipymes-una-herramienta-para-fortalecer-la-asistencia-tecnica-y-programas-del-sector\/\" target=\"_blank\" rel=\"noreferrer noopener\">FONAMIPYMES: Una herramienta para fortalecer la asistencia t\u00e9cnica y programas del sector<\/a><\/p>\n\n\n\n<p>El Gobierno suscribi\u00f3 el Decreto Presidencial que constituye formalmente el Fondo Nacional para las MIPYMES (FonaMipymes). Se trata de un instrumento para financiar programas del Viceministerio de MIPYMES, ampliar la asistencia t\u00e9cnica a empresas registradas y desarrollar nuevas herramientas financieras en articulaci\u00f3n con la AFD. La medida establece un Fideicomiso de Administraci\u00f3n que permitir\u00e1 contar con una herramienta financiera destinada a respaldar las pol\u00edticas p\u00fablicas orientadas a la formalizaci\u00f3n, competitividad y sostenibilidad de las micro, peque\u00f1as y medianas empresas del pa\u00eds.<\/p>\n\n\n\n<p><a href=\"https:\/\/www.mic.gov.py\/paraguay-avanza-en-la-consolidacion-del-comercio-electronico-con-nuevas-herramientas\/\" target=\"_blank\" rel=\"noreferrer noopener\">Paraguay avanza en la consolidaci\u00f3n del comercio electr\u00f3nico con nuevas herramientas<\/a><\/p>\n\n\n\n<p>En el 2025, el pa\u00eds registr\u00f3 importantes avances en materia de comercio electr\u00f3nico, consolidando un ecosistema digital m\u00e1s seguro, transparente y competitivo. El a\u00f1o pasado se incorporaron innovaciones orientadas a fortalecer la confianza en las transacciones digitales y a acompa\u00f1ar la modernizaci\u00f3n del sector comercial. Uno de los principales avances fue la implementaci\u00f3n del Sello de Tiempo Electr\u00f3nico y la Digitalizaci\u00f3n Certificada, herramientas que permiten garantizar la autenticidad, integridad y validez jur\u00eddica de los documentos electr\u00f3nicos utilizados en operaciones comerciales, aportando mayor seguridad a los intercambios digitales.<\/p>\n\n\n\n<p><a href=\"https:\/\/www.mic.gov.py\/la-meta-de-avanzar-en-el-financiamiento-para-las-mipymes-estrategias-y-herramientas-para-2026\/\" target=\"_blank\" rel=\"noreferrer noopener\">La meta de avanzar en el financiamiento para las MIPYMES: estrategias y herramientas para el 2026<\/a><\/p>\n\n\n\n<p>El viceministro de MIPYMES se\u00f1al\u00f3 que el gran desaf\u00edo propuesto para el pr\u00f3ximo a\u00f1o es atacar con fuerza la falta de financiamiento para el ecosistema MIPYMES y emprendedor, que constituyen el 98% del tejido empresarial paraguayo y son responsables de la mayor\u00eda del empleo en el pa\u00eds. Sostuvo que el acceso al financiamiento sigue siendo uno de los principales retos para impulsar la competitividad y crecimiento de este sector, adem\u00e1s de que la falta de formalizaci\u00f3n y bancarizaci\u00f3n son factores que m\u00e1s limitan la inclusi\u00f3n financiera.<\/p>\n<\/div><\/div>\n\n\n\n<div class=\"wp-block-getwid-accordion__header-wrapper\"><span class=\"wp-block-getwid-accordion__header\"><a href=\"#\"><span class=\"wp-block-getwid-accordion__header-title\"><strong>Per\u00fa<\/strong><\/span><span class=\"wp-block-getwid-accordion__icon is-active\"><i class=\"fas fa-plus\"><\/i><\/span><span class=\"wp-block-getwid-accordion__icon is-passive\"><i class=\"fas fa-minus\"><\/i><\/span><\/a><\/span><\/div><div class=\"wp-block-getwid-accordion__content-wrapper\"><div class=\"wp-block-getwid-accordion__content\">\n<p><a href=\"https:\/\/www.gob.pe\/institucion\/produce\/noticias\/1328309-al-cierre-del-2025-mas-de-13-mil-mypes-y-emprendedores-recibieron-cerca-de-86-mil-servicios-tecnologicos-a-traves-de-la-red-cite\" target=\"_blank\" rel=\"noreferrer noopener\">Al cierre del 2025, m\u00e1s de 13 mil MYPES y emprendedores recibieron cerca de 86 mil servicios tecnol\u00f3gicos a trav\u00e9s de la red CITE<\/a><\/p>\n\n\n\n<p>Las acciones permitieron la exportaci\u00f3n de productos con valor agregado a diversos mercados internacionales. &nbsp;La Red CITE forma parte del Instituto Tecnol\u00f3gico de la Producci\u00f3n (ITP) del Ministerio de la Producci\u00f3n. En el marco de las acciones dirigidas al crecimiento de las MYPES y emprendedores de las cadenas productivas del pa\u00eds, el Ministerio de la Producci\u00f3n (PRODUCE), a trav\u00e9s del Instituto Tecnol\u00f3gico de la Producci\u00f3n (ITP), brind\u00f3 m\u00e1s de 85 800 servicios tecnol\u00f3gicos y de innovaci\u00f3n durante el 2025.<\/p>\n\n\n\n<p><a href=\"https:\/\/www.gob.pe\/institucion\/produce\/noticias\/1323361-logros-produce-2025-record-se-formalizaron-mas-de-100-mil-negocios-a-nivel-nacional\" target=\"_blank\" rel=\"noreferrer noopener\">Logros PRODUCE 2025: Se formalizaron m\u00e1s de 100 mil negocios a nivel nacional<\/a><\/p>\n\n\n\n<p>Adem\u00e1s, gracias al acompa\u00f1amiento del Programa Nacional Tu Empresa, m\u00e1s de 25 mil MYPE y emprendedores fortalecieron sus capacidades empresariales, digitales y comerciales a nivel nacional. Este resultado represent\u00f3 un ahorro econ\u00f3mico superior a S\/ 18 millones para los emprendedores. Para ello, el Programa Tu Empresa despleg\u00f3 sus Centros de Desarrollo Empresarial (CDE) a nivel nacional, desarrollando campa\u00f1as de formalizaci\u00f3n mediante intervenciones en mercados de abastos, galer\u00edas comerciales, universidades, entre otros espacios estrat\u00e9gicos en las regiones, dirigidas a ciudadanos con ideas de negocio o emprendimientos en marcha.<\/p>\n\n\n\n<p><a href=\"https:\/\/www.gob.pe\/institucion\/produce\/noticias\/1320872-logros-produce-2025-se-destino-s-232-millones-para-proyectos-de-innovacion-y-se-impulsaron-ruedas-de-negocios-para-conectar-con-las-mype\" target=\"_blank\" rel=\"noreferrer noopener\">Logros PRODUCE 2025: Se destin\u00f3 S\/ 232 millones para proyectos de innovaci\u00f3n y se impulsaron ruedas de negocios para conectar con las MYPE<\/a><\/p>\n\n\n\n<p>PRODUCE despleg\u00f3 una estrategia integral que fortaleci\u00f3 la innovaci\u00f3n, la asistencia tecnol\u00f3gica y la articulaci\u00f3n comercial de miles MYPE en todo el pa\u00eds. Durante el 2025, el Ministerio de la Producci\u00f3n (PRODUCE), a trav\u00e9s de sus programas y organismos adscritos, consolid\u00f3 una gesti\u00f3n orientada a fortalecer el desarrollo productivo nacional, con \u00e9nfasis en la innovaci\u00f3n, la descentralizaci\u00f3n y el cierre de brechas para las MYPE. Las intervenciones del sector alcanzaron a miles de unidades productivas en las 24 regiones del pa\u00eds, dinamizando cadenas estrat\u00e9gicas y promoviendo una econom\u00eda m\u00e1s competitiva y sostenible.<\/p>\n<\/div><\/div>\n\n\n\n<div class=\"wp-block-getwid-accordion__header-wrapper\"><span class=\"wp-block-getwid-accordion__header\"><a href=\"#\"><span class=\"wp-block-getwid-accordion__header-title\"><strong>Rep\u00fablica Dominicana<\/strong><\/span><span class=\"wp-block-getwid-accordion__icon is-active\"><i class=\"fas fa-plus\"><\/i><\/span><span class=\"wp-block-getwid-accordion__icon is-passive\"><i class=\"fas fa-minus\"><\/i><\/span><\/a><\/span><\/div><div class=\"wp-block-getwid-accordion__content-wrapper\"><div class=\"wp-block-getwid-accordion__content\">\n<p><a href=\"https:\/\/micm.gob.do\/ministro-ito-bisono-afirma-las-mipymes-se-consolidan-como-motor-del-desarrollo-nacional\/\" target=\"_blank\" rel=\"noreferrer noopener\">Las MIPYMES se consolidan como motor del desarrollo nacional<\/a><\/p>\n\n\n\n<p>Las MIPYMES han recibido apoyo con m\u00e1s de RD$270,000 Millones en Compras P\u00fablicas y RD$7,000 millones en financiamiento en 2025. El Ministerio de Industria, Comercio y MIPYMES (MICM), revel\u00f3 cifras contundentes que demuestran la confianza del Gobierno en el emprendedurismo nacional, entre las que se cit\u00f3 las Compras P\u00fablicas Hist\u00f3ricas implementadas \u201cGracias a la pol\u00edtica p\u00fablica impulsada por el Decreto 31-22, que prioriza la adquisici\u00f3n de bienes nacionales, lo que ha servido de impulso a m\u00e1s de 36,000 MIPYMES a certificarse para venderle al Estado, representando m\u00e1s de RD$270,000 millones de pesos en compras p\u00fablicas\u00bb. Tambi\u00e9n, se destac\u00f3 el Financiamiento Directo, se\u00f1alando que s\u00f3lo entre enero y el 25 de noviembre de 2025, a trav\u00e9s de PROMIPYME, se han desembolsado m\u00e1s de RD$7,024 millones en cr\u00e9ditos, llevando recursos directamente a quienes mueven la econom\u00eda.<\/p>\n<\/div><\/div>\n\n\n\n<div class=\"wp-block-getwid-accordion__header-wrapper\"><span class=\"wp-block-getwid-accordion__header\"><a href=\"#\"><span class=\"wp-block-getwid-accordion__header-title\"><strong>Uruguay<\/strong><\/span><span class=\"wp-block-getwid-accordion__icon is-active\"><i class=\"fas fa-plus\"><\/i><\/span><span class=\"wp-block-getwid-accordion__icon is-passive\"><i class=\"fas fa-minus\"><\/i><\/span><\/a><\/span><\/div><div class=\"wp-block-getwid-accordion__content-wrapper\"><div class=\"wp-block-getwid-accordion__content\">\n<p><a href=\"https:\/\/nam10.safelinks.protection.outlook.com\/?url=https%3A%2F%2Fwww.gub.uy%2Fministerio-industria-energia-mineria%2Fcomunicacion%2Fnoticias%2Fcerro-fondo-industrial-2025-record-postulaciones&amp;data=05%7C02%7CMOGomez%40oas.org%7Cb3d517b94244409e545508de51fcf9ea%7C4fdc3f2315064175958c37999cee0941%7C1%7C0%7C639038344117709640%7CUnknown%7CTWFpbGZsb3d8eyJFbXB0eU1hcGkiOnRydWUsIlYiOiIwLjAuMDAwMCIsIlAiOiJXaW4zMiIsIkFOIjoiTWFpbCIsIldUIjoyfQ%3D%3D%7C0%7C%7C%7C&amp;sdata=2ngKI2%2BLi8qRTD039a0MEEFpJ6vq3mO%2FuofzwikIGnI%3D&amp;reserved=0\" target=\"_blank\" rel=\"noreferrer noopener\">Cerr\u00f3 el Fondo Industrial 2025 con r\u00e9cord de postulaciones<\/a><\/p>\n\n\n\n<p>El MIEM cerr\u00f3 la edici\u00f3n 2025 del Fondo Industrial, una herramienta dirigida a las MIPYMES, clave para promover inversiones en el sector mediante fondos no reembolsables. Con 127 postulaciones \u2014la cifra m\u00e1s alta en sus 15 a\u00f1os\u2014 fueron seleccionadas 20 empresas, el 60% del interior del pa\u00eds. En total se otorgar\u00e1n m\u00e1s de $55 millones para fortalecer la diversificaci\u00f3n productiva, el agregado de valor, la incorporaci\u00f3n de tecnolog\u00eda y la inserci\u00f3n en mercados externos.<\/p>\n\n\n\n<p><a href=\"https:\/\/nam10.safelinks.protection.outlook.com\/?url=https%3A%2F%2Fwww.gub.uy%2Fministerio-industria-energia-mineria%2Fcomunicacion%2Fnoticias%2F14-mujeres-lideran-mipymes-uruguayas-recibiran-fondos-del-miem-5000000&amp;data=05%7C02%7CMOGomez%40oas.org%7Cb3d517b94244409e545508de51fcf9ea%7C4fdc3f2315064175958c37999cee0941%7C1%7C0%7C639038344117734581%7CUnknown%7CTWFpbGZsb3d8eyJFbXB0eU1hcGkiOnRydWUsIlYiOiIwLjAuMDAwMCIsIlAiOiJXaW4zMiIsIkFOIjoiTWFpbCIsIldUIjoyfQ%3D%3D%7C0%7C%7C%7C&amp;sdata=2aY2GwctBZjUgkuAqK87x68%2BUWf2jiEVbd%2F1AsMQqM4%3D&amp;reserved=0\" target=\"_blank\" rel=\"noreferrer noopener\">14 mujeres que lideran MIPYMES uruguayas recibir\u00e1n fondos del MIEM por m\u00e1s de $ 5.000.000<\/a><\/p>\n\n\n\n<p>El MIEM dio a conocer el nombre de las 14 l\u00edderes de MIPYMES ganadoras de la convocatoria Mujeres que Transforman 2025. Las postulantes presentaron proyectos enfocados en el crecimiento, la consolidaci\u00f3n y la competitividad de sus empresas. Las beneficiarias recibir\u00e1n fondos no reembolsables por hasta $ 450.000 para financiar sus proyectos. En total se recibieron 150 postulaciones de los 19 departamentos del pa\u00eds.<\/p>\n<\/div><\/div>\n<\/div>\n\n\n\n<p><\/p>\n","protected":false},"excerpt":{"rendered":"<p>OEA MIPYME &#8211; Bolet\u00edn Informativo sobre MIPYMEs: (Enero de 2026): El Bolet\u00edn MIPYMEs de la OEA se dedica a las medidas anunciadas recientemente por los Estados miembros de la OEA para la recuperaci\u00f3n econ\u00f3mica de las micro, peque\u00f1as y medianas empresas (MIPYME). Las respuestas pol\u00edticas var\u00edan de un pa\u00eds a otro y son espec\u00edficas a [&hellip;]<\/p>\n","protected":false},"author":2,"featured_media":0,"comment_status":"closed","ping_status":"closed","sticky":false,"template":"","format":"standard","meta":{"iawp_total_views":31,"footnotes":""},"categories":[24],"tags":[],"class_list":["post-3449","post","type-post","status-publish","format-standard","hentry","category-newsletters"],"_links":{"self":[{"href":"https:\/\/msme-clearinghouse.com\/es\/wp-json\/wp\/v2\/posts\/3449","targetHints":{"allow":["GET"]}}],"collection":[{"href":"https:\/\/msme-clearinghouse.com\/es\/wp-json\/wp\/v2\/posts"}],"about":[{"href":"https:\/\/msme-clearinghouse.com\/es\/wp-json\/wp\/v2\/types\/post"}],"author":[{"embeddable":true,"href":"https:\/\/msme-clearinghouse.com\/es\/wp-json\/wp\/v2\/users\/2"}],"replies":[{"embeddable":true,"href":"https:\/\/msme-clearinghouse.com\/es\/wp-json\/wp\/v2\/comments?post=3449"}],"version-history":[{"count":17,"href":"https:\/\/msme-clearinghouse.com\/es\/wp-json\/wp\/v2\/posts\/3449\/revisions"}],"predecessor-version":[{"id":3481,"href":"https:\/\/msme-clearinghouse.com\/es\/wp-json\/wp\/v2\/posts\/3449\/revisions\/3481"}],"wp:attachment":[{"href":"https:\/\/msme-clearinghouse.com\/es\/wp-json\/wp\/v2\/media?parent=3449"}],"wp:term":[{"taxonomy":"category","embeddable":true,"href":"https:\/\/msme-clearinghouse.com\/es\/wp-json\/wp\/v2\/categories?post=3449"},{"taxonomy":"post_tag","embeddable":true,"href":"https:\/\/msme-clearinghouse.com\/es\/wp-json\/wp\/v2\/tags?post=3449"}],"curies":[{"name":"wp","href":"https:\/\/api.w.org\/{rel}","templated":true}]}}