{"id":3484,"date":"2026-02-26T10:14:41","date_gmt":"2026-02-26T14:14:41","guid":{"rendered":"https:\/\/msme-clearinghouse.com\/es\/?p=3484"},"modified":"2026-03-03T08:34:38","modified_gmt":"2026-03-03T12:34:38","slug":"febrero-2026","status":"publish","type":"post","link":"https:\/\/msme-clearinghouse.com\/es\/febrero-2026\/","title":{"rendered":"Febrero 2026"},"content":{"rendered":"\n<h2 class=\"wp-block-heading &quot;wp-block-heading&quot;\"><strong>OEA MIPYME &#8211; Bolet\u00edn Informativo sobre MIPYMEs: (Febrero de 2026):<\/strong><\/h2>\n\n\n\n<p>El Bolet\u00edn MIPYMEs de la OEA se dedica a las medidas anunciadas recientemente por los Estados miembros de la OEA para la recuperaci\u00f3n econ\u00f3mica de las micro, peque\u00f1as y medianas empresas (MIPYME). Las respuestas pol\u00edticas var\u00edan de un pa\u00eds a otro y son espec\u00edficas a las circunstancias econ\u00f3micas de cada Estado miembro. Dado que cada d\u00eda se producen nuevos desarrollos, este inventario no es exhaustivo.<\/p>\n\n\n\n<p><a href=\"#\"><strong>Pol\u00edticas de respuesta de los Pa\u00edses<\/strong><\/a><\/p>\n\n\n\n<div class=\"wp-block-getwid-accordion has-icon-left\" data-active-element=\"none\">\n<div class=\"wp-block-getwid-accordion__header-wrapper\"><span class=\"wp-block-getwid-accordion__header\"><a href=\"#\"><span class=\"wp-block-getwid-accordion__header-title\"><strong>Bolivia<\/strong><\/span><span class=\"wp-block-getwid-accordion__icon is-active\"><i class=\"fas fa-plus\"><\/i><\/span><span class=\"wp-block-getwid-accordion__icon is-passive\"><i class=\"fas fa-minus\"><\/i><\/span><\/a><\/span><\/div><div class=\"wp-block-getwid-accordion__content-wrapper\"><div class=\"wp-block-getwid-accordion__content\">\n<p><a href=\"https:\/\/produccion.gob.bo\/index.php\/nota_prensa\/29080\/\" target=\"_blank\" rel=\"noreferrer noopener\">Gobierno garantiza apoyo al sector productivo y cuentapropista en Santa Cruz<\/a><\/p>\n\n\n\n<p>Con el objetivo de brindar apoyo directo al sector productivo, el viceministerio de la Micro, Peque\u00f1a Empresa y Artesan\u00eda, asisti\u00f3 a la Confederaci\u00f3n de Trabajadores por Cuenta Propia y Organizaciones Sociales de Santa Cruz. El evento se consolid\u00f3 como un espacio de di\u00e1logo directo, en el que los sectores realizaron la entrega formal de proyectos dise\u00f1ados para potenciar la competitividad de artesanos y peque\u00f1os productores agropecuarios de la regi\u00f3n.<\/p>\n<\/div><\/div>\n\n\n\n<div class=\"wp-block-getwid-accordion__header-wrapper\"><span class=\"wp-block-getwid-accordion__header\"><a href=\"#\"><span class=\"wp-block-getwid-accordion__header-title\"><strong>Brasil<\/strong><\/span><span class=\"wp-block-getwid-accordion__icon is-active\"><i class=\"fas fa-plus\"><\/i><\/span><span class=\"wp-block-getwid-accordion__icon is-passive\"><i class=\"fas fa-minus\"><\/i><\/span><\/a><\/span><\/div><div class=\"wp-block-getwid-accordion__content-wrapper\"><div class=\"wp-block-getwid-accordion__content\">\n<p><a href=\"https:\/\/agenciasebrae.com.br\/inovacao-e-tecnologia\/oportunidade-curso-gratuito-ensina-pequenos-negocios-a-crescer-com-marketing-digital\/\" target=\"_blank\" rel=\"noreferrer noopener\">Curso gratuito ense\u00f1a a las peque\u00f1as empresas a crecer con marketing digital<\/a><\/p>\n\n\n\n<p>Las empresas que quieran fortalecer su presencia digital y generar resultados en poco tiempo pueden inscribirse en UP Digital, un programa de Sebrae orientado a la formaci\u00f3n pr\u00e1ctica en marketing digital. La iniciativa es especialmente adecuada para quienes desean estructurar o mejorar estrategias online y transformar el conocimiento en acci\u00f3n.<\/p>\n\n\n\n<p><a href=\"https:\/\/agenciasebrae.com.br\/economia-e-politica\/contratabrasil-gera-r-137-milhoes-em-renda-para-meis-saiba-como-participar\/\" target=\"_blank\" rel=\"noreferrer noopener\">Contrata+Brasil genera R$ 13,7 millones en ingresos para MEIs<\/a><\/p>\n\n\n\n<p>Microemprendedores individuales pueden registrarse en la plataforma para prestar servicios a agencias p\u00fablicas de todo el pa\u00eds. Contrata+Brasil, del gobierno federal, crea este puente tan necesario con las agencias p\u00fablicas para abrir oportunidades a microemprendedores individuales, con menos burocracia y m\u00e1s agilidad para todos. Contrata+Brasil re\u00fane a 1.311 organismos p\u00fablicos, incluyendo ayuntamientos, gobiernos estatales, agencias federales y entidades. A trav\u00e9s de la plataforma del programa, las MEI pueden ofrecer sus servicios directamente a organismos p\u00fablicos sin necesidad de licitaci\u00f3n formal.<\/p>\n\n\n\n<p><a href=\"https:\/\/agenciasebrae.com.br\/cultura-empreendedora\/nos-ultimos-dois-anos-abertura-pequenos-negocios-do-mercado-pet-cresceu-22-no-pais\/\" target=\"_blank\" rel=\"noreferrer noopener\">En los \u00faltimos dos a\u00f1os, la apertura de peque\u00f1os negocios en el mercado de mascotas ha crecido un 22% en el pa\u00eds<\/a><\/p>\n\n\n\n<p>El mercado de mascotas sigue creciendo en el pa\u00eds. Entre 2023 y 2025, hubo un aumento del 22% en el n\u00famero de peque\u00f1as empresas creadas para atender a diferentes tipos de propietarios de mascotas. Una de las justificaciones de este aumento es el crecimiento anual del 2,5% en los propietarios de gatos, que cuidan de una poblaci\u00f3n de aproximadamente 30 millones de felinos y que ya se est\u00e1n consolidando como el segmento de mascotas de m\u00e1s r\u00e1pido crecimiento en el pa\u00eds.<\/p>\n\n\n\n<p><a href=\"https:\/\/agenciasebrae.com.br\/economia-e-politica\/sebrae-e-anpd-firmam-acordo-para-ampliar-orientacao-sobre-protecao-de-dados-aos-pequenos-negocios\/\" target=\"_blank\" rel=\"noreferrer noopener\">Sebrae y la ANPD firman un acuerdo para ampliar las directrices sobre protecci\u00f3n de datos a las peque\u00f1as empresas<\/a><\/p>\n\n\n\n<p>Las micro y peque\u00f1as empresas de todo el pa\u00eds cuentan ahora con m\u00e1s apoyo para adaptarse a la Ley General de Protecci\u00f3n de Datos (LGPD) con el Acuerdo de Cooperaci\u00f3n T\u00e9cnica firmado este viernes (6), entre Sebrae y la Agencia Nacional de Protecci\u00f3n de Datos (ANPD). Con esta iniciativa, la adopci\u00f3n de buenas pr\u00e1cticas de gobernanza y seguridad de la informaci\u00f3n se vuelve m\u00e1s accesible para las peque\u00f1as empresas.<\/p>\n\n\n\n<p><a href=\"https:\/\/agenciasebrae.com.br\/economia-e-politica\/brasil-e-mocambique-reforcam-cooperacao-para-apoiar-pequenos-negocios\/\" target=\"_blank\" rel=\"noreferrer noopener\">Brasil y Mozambique refuerzan la cooperaci\u00f3n para apoyar a las peque\u00f1as empresas<\/a><\/p>\n\n\n\n<p>Representantes de agencias mozambique\u00f1as est\u00e1n en suelo brasile\u00f1o esta semana para intercambiar experiencias relacionadas con el emprendimiento y continuar la colaboraci\u00f3n para fortalecer a las peque\u00f1as empresas y estimular el emprendimiento en ambos pa\u00edses. Con este objetivo, una delegaci\u00f3n del pa\u00eds africano se encontraba en la sede de Sebrae, en Brasilia. La iniciativa busca reforzar acciones integradas de formaci\u00f3n, cooperaci\u00f3n, intercambio de experiencias en pol\u00edticas p\u00fablicas y modernizaci\u00f3n del entorno empresarial.<\/p>\n\n\n\n<p><a href=\"https:\/\/agenciasebrae.com.br\/economia-e-politica\/acordo-mercosul-ue-amplia-mercados-para-segmentos-estrategicos-da-micro-e-pequena-empresa-brasileira-diz-sebrae\/\" target=\"_blank\" rel=\"noreferrer noopener\">El acuerdo Mercosur-UE ampl\u00eda los mercados para segmentos estrat\u00e9gicos de las micro y peque\u00f1as empresas brasile\u00f1as, seg\u00fan Sebrae<\/a><\/p>\n\n\n\n<p>Un an\u00e1lisis de Sebrae sobre el texto del Acuerdo Mercosur-UE, que reduce las barreras arancelarias y burocr\u00e1ticas en el comercio entre ambos bloques, proyecta un aumento en el volumen de exportaciones y los ingresos para segmentos importantes de la econom\u00eda donde hay una fuerte presencia de micro y peque\u00f1as empresas brasile\u00f1as.<\/p>\n<\/div><\/div>\n\n\n\n<div class=\"wp-block-getwid-accordion__header-wrapper\"><span class=\"wp-block-getwid-accordion__header\"><a href=\"#\"><span class=\"wp-block-getwid-accordion__header-title\"><strong>Canad\u00e1<\/strong><\/span><span class=\"wp-block-getwid-accordion__icon is-active\"><i class=\"fas fa-plus\"><\/i><\/span><span class=\"wp-block-getwid-accordion__icon is-passive\"><i class=\"fas fa-minus\"><\/i><\/span><\/a><\/span><\/div><div class=\"wp-block-getwid-accordion__content-wrapper\"><div class=\"wp-block-getwid-accordion__content\">\n<p><a href=\"https:\/\/www.canada.ca\/en\/economic-development-southern-ontario\/news\/2026\/02\/government-of-canada-supports-small-and-medium-sized-enterprises-to-navigate-cusma-compliance.html\" target=\"_blank\" rel=\"noreferrer noopener\">El Gobierno de Canad\u00e1 apoya a las peque\u00f1as y medianas empresas para que naveguen el cumplimiento del Acuerdo Canad\u00e1-Estados Unidos-M\u00e9xico (CUSMA)<\/a><\/p>\n\n\n\n<p>La Junta de Comercio de la Regi\u00f3n de Toronto ofrecer\u00e1 programas comerciales espec\u00edficos para peque\u00f1as y medianas empresas para cumplir con el Acuerdo Canad\u00e1-Estados Unidos-M\u00e9xico. A medida que evolucionan las condiciones comerciales globales y las cadenas de suministro se enfrentan a una complejidad creciente, el Gobierno de Canad\u00e1 est\u00e1 tomando medidas para ayudar a las empresas de Ontario a fortalecer su preparaci\u00f3n comercial y competitividad en mercados de exportaci\u00f3n clave.<\/p>\n<\/div><\/div>\n\n\n\n<div class=\"wp-block-getwid-accordion__header-wrapper\"><span class=\"wp-block-getwid-accordion__header\"><a href=\"#\"><span class=\"wp-block-getwid-accordion__header-title\"><strong>Chile<\/strong><\/span><span class=\"wp-block-getwid-accordion__icon is-active\"><i class=\"fas fa-plus\"><\/i><\/span><span class=\"wp-block-getwid-accordion__icon is-passive\"><i class=\"fas fa-minus\"><\/i><\/span><\/a><\/span><\/div><div class=\"wp-block-getwid-accordion__content-wrapper\"><div class=\"wp-block-getwid-accordion__content\">\n<p><a href=\"https:\/\/www.sercotec.cl\/sercotec-abre-su-primer-fondo-concursable-para-impulsar-la-digitalizacion-en-negocios-de-barrios\/\" target=\"_blank\" rel=\"noreferrer noopener\">Sercotec abre su primer fondo concursable del a\u00f1o para impulsar la digitalizaci\u00f3n en negocios de barrios<\/a><\/p>\n\n\n\n<p>La convocatoria est\u00e1 dirigida a peque\u00f1os almacenes, que podr\u00e1n acceder a un subsidio de $3 millones para su fortalecimiento y modernizaci\u00f3n tecnol\u00f3gica. Con miras a impulsar el desarrollo tecnol\u00f3gico de los negocios de barrio, el Servicio de Cooperaci\u00f3n T\u00e9cnica, Sercotec, anunci\u00f3 la apertura de las postulaciones a su programa Digitaliza tu Almac\u00e9n, el primero de los fondos concursables que la entidad pone a disposici\u00f3n este a\u00f1o en apoyo para las micro y peque\u00f1as empresas del pa\u00eds.<\/p>\n<\/div><\/div>\n\n\n\n<div class=\"wp-block-getwid-accordion__header-wrapper\"><span class=\"wp-block-getwid-accordion__header\"><a href=\"#\"><span class=\"wp-block-getwid-accordion__header-title\"><strong>Ecuador<\/strong><\/span><span class=\"wp-block-getwid-accordion__icon is-active\"><i class=\"fas fa-plus\"><\/i><\/span><span class=\"wp-block-getwid-accordion__icon is-passive\"><i class=\"fas fa-minus\"><\/i><\/span><\/a><\/span><\/div><div class=\"wp-block-getwid-accordion__content-wrapper\"><div class=\"wp-block-getwid-accordion__content\">\n<p><a href=\"https:\/\/nam10.safelinks.protection.outlook.com\/?url=https%3A%2F%2Fwww.produccion.gob.ec%2Fgobierno-nacional-impulsa-a-cerca-de-50-mipymes-de-tungurahua-en-la-fiesta-de-la-fruta-y-de-las-flores%2F&amp;data=05%7C02%7CMOGomez%40oas.org%7C22c46b14e23b48b060bd08de6e3db6f1%7C4fdc3f2315064175958c37999cee0941%7C1%7C0%7C639069408486954358%7CUnknown%7CTWFpbGZsb3d8eyJFbXB0eU1hcGkiOnRydWUsIlYiOiIwLjAuMDAwMCIsIlAiOiJXaW4zMiIsIkFOIjoiTWFpbCIsIldUIjoyfQ%3D%3D%7C0%7C%7C%7C&amp;sdata=meF9aMYV%2FBHXXGB4OQ5g5qyYJ9gktXxjAQXE%2Ff5Uz0E%3D&amp;reserved=0\" target=\"_blank\" rel=\"noreferrer noopener\">Gobierno Nacional impulsa a cerca de 50 MIPYMES de Tungurahua en la Fiesta de la Fruta y de las Flores<\/a><\/p>\n\n\n\n<p>El Gobierno Nacional, a trav\u00e9s del Ministerio de Producci\u00f3n, Comercio Exterior e Inversiones, fortalece la participaci\u00f3n de las micro, peque\u00f1as y medianas empresas (MIPYMES) de Tungurahua en la septuag\u00e9sima quinta edici\u00f3n de la Fiesta de la Fruta y de las Flores, generando espacios estrat\u00e9gicos que permiten a los emprendedores exhibir y comercializar sus productos, as\u00ed como ampliar su acceso a nuevos mercados.<\/p>\n<\/div><\/div>\n\n\n\n<div class=\"wp-block-getwid-accordion__header-wrapper\"><span class=\"wp-block-getwid-accordion__header\"><a href=\"#\"><span class=\"wp-block-getwid-accordion__header-title\"><strong>El Salvador<\/strong><\/span><span class=\"wp-block-getwid-accordion__icon is-active\"><i class=\"fas fa-plus\"><\/i><\/span><span class=\"wp-block-getwid-accordion__icon is-passive\"><i class=\"fas fa-minus\"><\/i><\/span><\/a><\/span><\/div><div class=\"wp-block-getwid-accordion__content-wrapper\"><div class=\"wp-block-getwid-accordion__content\">\n<p><a href=\"https:\/\/www.conamype.gob.sv\/blog\/2026\/01\/29\/conamype-impulsa-la-vinculacion-comercial-internacional-de-productos-alimenticios-nostalgicos-de-las-mype-a-traves-de-las-casas-comercializadoras\/\" target=\"_blank\" rel=\"noreferrer noopener\">CONAMYPE impulsa la vinculaci\u00f3n comercial internacional de productos alimenticios nost\u00e1lgicos de las MYPE a trav\u00e9s de las Casas Comercializadoras<\/a><\/p>\n\n\n\n<p>Como parte de su estrategia para fortalecer la internacionalizaci\u00f3n de las micro y peque\u00f1as empresas (MYPE), CONAMYPE desarroll\u00f3 el Showroom de oferta exportable de productos alimenticios nost\u00e1lgicos, un espacio especializado orientado a posicionar productos salvadore\u00f1os con identidad cultural y potencial de acceso a mercados internacionales.<\/p>\n<\/div><\/div>\n\n\n\n<div class=\"wp-block-getwid-accordion__header-wrapper\"><span class=\"wp-block-getwid-accordion__header\"><a href=\"#\"><span class=\"wp-block-getwid-accordion__header-title\"><strong>Guatemala<\/strong><\/span><span class=\"wp-block-getwid-accordion__icon is-active\"><i class=\"fas fa-plus\"><\/i><\/span><span class=\"wp-block-getwid-accordion__icon is-passive\"><i class=\"fas fa-minus\"><\/i><\/span><\/a><\/span><\/div><div class=\"wp-block-getwid-accordion__content-wrapper\"><div class=\"wp-block-getwid-accordion__content\">\n<p><a href=\"https:\/\/mineco.gob.gt\/resultados-2025-mas-financiamiento-para-la-mipyme-en-todo-el-pais\" target=\"_blank\" rel=\"noreferrer noopener\">Resultados 2025: M\u00e1s financiamiento para la MIPYME en todo el pa\u00eds<\/a><\/p>\n\n\n\n<p>Entre enero y diciembre de 2025, el Viceministerio de Desarrollo de la Micro, Peque\u00f1a y Mediana Empresa (MIPYME) del Ministerio de Econom\u00eda, por medio de CrediMIPYME, coloc\u00f3 1,004 cr\u00e9ditos. CrediMIPYME opera como un instrumento financiero del Ministerio de Econom\u00eda orientado a facilitar el acceso al cr\u00e9dito de las micro, peque\u00f1as y medianas empresas, mediante la intermediaci\u00f3n de 29 entidades financieras en todo el territorio nacional. Bajo este esquema, el Ministerio no otorga cr\u00e9ditos de forma directa. Canaliza los recursos por medio de instituciones financieras calificadas, responsables de realizar los desembolsos a los empresarios beneficiarios.<\/p>\n<\/div><\/div>\n\n\n\n<div class=\"wp-block-getwid-accordion__header-wrapper\"><span class=\"wp-block-getwid-accordion__header\"><a href=\"#\"><span class=\"wp-block-getwid-accordion__header-title\"><strong>Panam\u00e1<\/strong><\/span><span class=\"wp-block-getwid-accordion__icon is-active\"><i class=\"fas fa-plus\"><\/i><\/span><span class=\"wp-block-getwid-accordion__icon is-passive\"><i class=\"fas fa-minus\"><\/i><\/span><\/a><\/span><\/div><div class=\"wp-block-getwid-accordion__content-wrapper\"><div class=\"wp-block-getwid-accordion__content\">\n<p><a href=\"https:\/\/nam10.safelinks.protection.outlook.com\/?url=https%3A%2F%2Fmici.gob.pa%2F2026%2F02%2F10%2Fmipymes-agroindustriales-y-artesanales-en-colon-reciben-capacitacion-clave-para-su-crecimiento%2F&amp;data=05%7C02%7CMOGomez%40oas.org%7C0d1bcc97a5544591cd8808de6e4474ee%7C4fdc3f2315064175958c37999cee0941%7C1%7C0%7C639069437451639737%7CUnknown%7CTWFpbGZsb3d8eyJFbXB0eU1hcGkiOnRydWUsIlYiOiIwLjAuMDAwMCIsIlAiOiJXaW4zMiIsIkFOIjoiTWFpbCIsIldUIjoyfQ%3D%3D%7C0%7C%7C%7C&amp;sdata=%2BoNFw2OQ8l4no91H3EaqGyWgoAgDiBMovUwSurkWuQo%3D&amp;reserved=0\" target=\"_blank\" rel=\"noreferrer noopener\">MIPYMES agroindustriales y artesanales en Col\u00f3n reciben capacitaci\u00f3n clave para su crecimiento<\/a><\/p>\n\n\n\n<p>Con el objetivo de fortalecer las capacidades productivas y competitivas del sector agroindustrial y artesanal en la Costa Atl\u00e1ntica, alrededor de 35 emprendedores agroindustriales y artesanos participaron con \u00e9xito en la primera jornada de capacitaci\u00f3n 2026, desarrollada bajo el lema \u201cAlianza por el desarrollo de la Agroindustria y Artesan\u00edas de Col\u00f3n\u201d. La jornada permiti\u00f3 que los participantes fortalecieran sus conocimientos mediante el intercambio de experiencias, buenas pr\u00e1cticas y herramientas orientadas al desarrollo empresarial sostenible.<\/p>\n\n\n\n<p><a href=\"https:\/\/ampyme.gob.pa\/?p=38191&amp;csrt=17414122730841153017\" target=\"_blank\" rel=\"noreferrer noopener\">Gobierno anuncia establecimiento del Espacio del Emprendedor en Azuero<\/a><\/p>\n\n\n\n<p>Durante la Feria Internacional de Azuero, se anunci\u00f3 la creaci\u00f3n del Espacio del Emprendedor para la regi\u00f3n de Azuero, como parte de la estrategia para reactivar la econom\u00eda regional en apoyo a aquellos paname\u00f1os con microempresas y que desean generar ingresos mediante negocios honestos y bien estructurados.<\/p>\n<\/div><\/div>\n\n\n\n<div class=\"wp-block-getwid-accordion__header-wrapper\"><span class=\"wp-block-getwid-accordion__header\"><a href=\"#\"><span class=\"wp-block-getwid-accordion__header-title\"><strong>Paraguay<\/strong><\/span><span class=\"wp-block-getwid-accordion__icon is-active\"><i class=\"fas fa-plus\"><\/i><\/span><span class=\"wp-block-getwid-accordion__icon is-passive\"><i class=\"fas fa-minus\"><\/i><\/span><\/a><\/span><\/div><div class=\"wp-block-getwid-accordion__content-wrapper\"><div class=\"wp-block-getwid-accordion__content\">\n<p><a href=\"https:\/\/www.mic.gov.py\/mic-y-adex-peru-fortalecen-la-cooperacion-para-impulsar-la-internacionalizacion-de-las-mipymes\/\" target=\"_blank\" rel=\"noreferrer noopener\">MIC y ADEX Per\u00fa fortalecen la cooperaci\u00f3n para impulsar la internacionalizaci\u00f3n de las MIPYMES<\/a><\/p>\n\n\n\n<p>El Viceministerio de Mipymes del MIC y la Asociaci\u00f3n de Exportadores de Per\u00fa (ADEX), suscribieron un convenio marco de cooperaci\u00f3n interinstitucional, que busca fortalecer la competitividad y proyecci\u00f3n internacional de las Micro, peque\u00f1as y medianas empresas de ambos pa\u00edses, adem\u00e1s de establecer un canal permanente de cooperaci\u00f3n bilateral. El acuerdo pretende promover la internacionalizaci\u00f3n de las Mipymes mediante el intercambio de conocimientos t\u00e9cnicos, la formaci\u00f3n de capacidades, la promoci\u00f3n comercial conjunta y la atracci\u00f3n de inversiones.<\/p>\n\n\n\n<p><a href=\"https:\/\/www.mic.gov.py\/amplian-participacion-de-mipymes-en-el-programa-hambre-cero-y-alcanza-el-10\/\" target=\"_blank\" rel=\"noreferrer noopener\">Ampl\u00edan participaci\u00f3n de MIPYMES en el programa Hambre Cero y alcanza el 10%<\/a><\/p>\n\n\n\n<p>El Gobierno del Paraguay anunci\u00f3 la duplicaci\u00f3n del 5% al 10% la participaci\u00f3n de las Micro, peque\u00f1as y medianas empresas (Mipymes) en el programa de alimentaci\u00f3n escolar, una medida que impactar\u00e1 directamente en un esquema que beneficia a m\u00e1s de un mill\u00f3n de estudiantes en todo el pa\u00eds. S\u00f3lo en 2025, las compras a Mipymes alcanzaron un poco m\u00e1s de USD 20 millones (8%), con alrededor de 600 empresas vinculadas, y m\u00e1s de 9.000 facturas emitidas.<\/p>\n<\/div><\/div>\n\n\n\n<div class=\"wp-block-getwid-accordion__header-wrapper\"><span class=\"wp-block-getwid-accordion__header\"><a href=\"#\"><span class=\"wp-block-getwid-accordion__header-title\"><strong>Per\u00fa<\/strong><\/span><span class=\"wp-block-getwid-accordion__icon is-active\"><i class=\"fas fa-plus\"><\/i><\/span><span class=\"wp-block-getwid-accordion__icon is-passive\"><i class=\"fas fa-minus\"><\/i><\/span><\/a><\/span><\/div><div class=\"wp-block-getwid-accordion__content-wrapper\"><div class=\"wp-block-getwid-accordion__content\">\n<p><a href=\"https:\/\/www.gob.pe\/institucion\/produce\/noticias\/1351320-produce-y-apec-publican-investigacion-sobre-esquemas-de-apoyo-financiero-para-las-pyme-en-tiempos-de-crisis\" target=\"_blank\" rel=\"noreferrer noopener\">PRODUCE y APEC publican investigaci\u00f3n sobre esquemas de apoyo financiero para las PYME en tiempos de crisis<\/a><\/p>\n\n\n\n<p>El Ministerio de la Producci\u00f3n y el Foro de Cooperaci\u00f3n Econ\u00f3mica Asia Pac\u00edfico APEC publicaron los resultados del estudio internacional \u201cStudy on the Effects of Financial Support Schemes on the Performance of SMEs during COVID-19: A Comparative Analysis\u201d, desarrollado en el marco del Grupo de Trabajo de Peque\u00f1as y Medianas Empresas de APEC. La investigaci\u00f3n analiza y compara las pol\u00edticas de apoyo financiero implementadas durante la pandemia en cinco econom\u00edas de APEC: Australia, Canad\u00e1, Chile, M\u00e9xico y Per\u00fa.<\/p>\n\n\n\n<p><a href=\"https:\/\/www.gob.pe\/institucion\/produce\/noticias\/1355092-gobierno-y-gremios-empresariales-se-reunen-para-articular-acciones-para-fortalecer-la-competitividad-las-mype-la-industria-y-la-pesca\" target=\"_blank\" rel=\"noreferrer noopener\">Gobierno y gremios empresariales se re\u00fanen para articular acciones para fortalecer la competitividad las MYPE, la industria y la pesca<\/a><\/p>\n\n\n\n<p>El objetivo central de la reuni\u00f3n fue presentar la hoja de ruta del Gobierno para impulsar la productividad y competitividad de los sectores clave, aline\u00e1ndose con los objetivos de largo plazo del Plan Estrat\u00e9gico de Desarrollo Nacional al 2050.<\/p>\n<\/div><\/div>\n\n\n\n<div class=\"wp-block-getwid-accordion__header-wrapper\"><span class=\"wp-block-getwid-accordion__header\"><a href=\"#\"><span class=\"wp-block-getwid-accordion__header-title\"><strong>Santa Luc\u00eda<\/strong><\/span><span class=\"wp-block-getwid-accordion__icon is-active\"><i class=\"fas fa-plus\"><\/i><\/span><span class=\"wp-block-getwid-accordion__icon is-passive\"><i class=\"fas fa-minus\"><\/i><\/span><\/a><\/span><\/div><div class=\"wp-block-getwid-accordion__content-wrapper\"><div class=\"wp-block-getwid-accordion__content\">\n<p><a href=\"https:\/\/www.govt.lc\/news\/msmes-to-benefit-from-marketing-and-digitalization-capacity-building-training-under-the-msme-loan-grant-facility\" target=\"_blank\" rel=\"noreferrer noopener\">Las MIPYMES se beneficiar\u00e1n de la formaci\u00f3n en marketing y desarrollo de capacidades en digitalizaci\u00f3n bajo la facilidad de pr\u00e9stamo y subvenci\u00f3n para MIPYMES<\/a><\/p>\n\n\n\n<p>El Departamento de Comercio administr\u00f3 el componente de formaci\u00f3n en desarrollo de capacidades bajo la Facilidad de Pr\u00e9stamo y Subvenci\u00f3n para Micro, Peque\u00f1as y Medianas Empresas (MIPYMES). Hasta la fecha, la Instalaci\u00f3n de Pr\u00e9stamo-Subvenci\u00f3n para MIPYMES ha proporcionado acceso cr\u00edtico a la financiaci\u00f3n a m\u00e1s de 700 MIPYMES en toda Santa Luc\u00eda. Sobre la base de este \u00e9xito, la Instalaci\u00f3n se centra ahora en fortalecer la resiliencia y la sostenibilidad a largo plazo dentro del sector de las MIPYMES mediante iniciativas espec\u00edficas de apoyo t\u00e9cnico y desarrollo de capacidades.<\/p>\n<\/div><\/div>\n\n\n\n<div class=\"wp-block-getwid-accordion__header-wrapper\"><span class=\"wp-block-getwid-accordion__header\"><a href=\"#\"><span class=\"wp-block-getwid-accordion__header-title\"><strong>Suriname<\/strong><\/span><span class=\"wp-block-getwid-accordion__icon is-active\"><i class=\"fas fa-plus\"><\/i><\/span><span class=\"wp-block-getwid-accordion__icon is-passive\"><i class=\"fas fa-minus\"><\/i><\/span><\/a><\/span><\/div><div class=\"wp-block-getwid-accordion__content-wrapper\"><div class=\"wp-block-getwid-accordion__content\">\n<p><a href=\"https:\/\/gov.sr\/151360-2\/\" target=\"_blank\" rel=\"noreferrer noopener\">Consulta exploratoria para fortalecer el ecosistema empresarial de las pymes<\/a><\/p>\n\n\n\n<p>Como parte de sus Servicios de Desarrollo de Negocio, el programa SURGE apoya una misi\u00f3n de Despacho de Gerentes de Programa (PUM) para fortalecer las empresas beneficiarias de SURGE. Adem\u00e1s de su apoyo directo a las pymes individuales, los expertos de PUM tambi\u00e9n est\u00e1n interesados en contribuir a iniciativas m\u00e1s amplias para fortalecer el ecosistema empresarial local en Surinam.<\/p>\n<\/div><\/div>\n\n\n\n<div class=\"wp-block-getwid-accordion__header-wrapper\"><span class=\"wp-block-getwid-accordion__header\"><a href=\"#\"><span class=\"wp-block-getwid-accordion__header-title\"><strong>Uruguay<\/strong><\/span><span class=\"wp-block-getwid-accordion__icon is-active\"><i class=\"fas fa-plus\"><\/i><\/span><span class=\"wp-block-getwid-accordion__icon is-passive\"><i class=\"fas fa-minus\"><\/i><\/span><\/a><\/span><\/div><div class=\"wp-block-getwid-accordion__content-wrapper\"><div class=\"wp-block-getwid-accordion__content\">\n<p><a href=\"https:\/\/nam10.safelinks.protection.outlook.com\/?url=https%3A%2F%2Fwww.gub.uy%2Fministerio-industria-energia-mineria%2Fcomunicacion%2Fnoticias%2Fcerro-fondo-industrial-2025-record-postulaciones&amp;data=05%7C02%7CMOGomez%40oas.org%7Cb3d517b94244409e545508de51fcf9ea%7C4fdc3f2315064175958c37999cee0941%7C1%7C0%7C639038344117709640%7CUnknown%7CTWFpbGZsb3d8eyJFbXB0eU1hcGkiOnRydWUsIlYiOiIwLjAuMDAwMCIsIlAiOiJXaW4zMiIsIkFOIjoiTWFpbCIsIldUIjoyfQ%3D%3D%7C0%7C%7C%7C&amp;sdata=2ngKI2%2BLi8qRTD039a0MEEFpJ6vq3mO%2FuofzwikIGnI%3D&amp;reserved=0\" target=\"_blank\" rel=\"noreferrer noopener\">Cerr\u00f3 el Fondo Industrial 2025 con r\u00e9cord de postulaciones<\/a><\/p>\n\n\n\n<p>El Ministerio de Industria, Energ\u00eda y Miner\u00eda (MIEM) cerr\u00f3 la edici\u00f3n 2025 del Fondo Industrial, una herramienta dirigida a las MIPYMES, clave para promover inversiones en el sector mediante fondos no reembolsables. Con 127 postulaciones \u2014la cifra m\u00e1s alta en sus 15 a\u00f1os\u2014 fueron seleccionadas 20 empresas, el 60% del interior del pa\u00eds. En total se otorgar\u00e1n m\u00e1s de $55 millones para fortalecer la diversificaci\u00f3n productiva, el agregado de valor, la incorporaci\u00f3n de tecnolog\u00eda y la inserci\u00f3n en mercados externos.<\/p>\n\n\n\n<p><a href=\"https:\/\/nam10.safelinks.protection.outlook.com\/?url=https%3A%2F%2Fwww.gub.uy%2Fministerio-industria-energia-mineria%2Fcomunicacion%2Fnoticias%2F14-mujeres-lideran-mipymes-uruguayas-recibiran-fondos-del-miem-5000000&amp;data=05%7C02%7CMOGomez%40oas.org%7Cb3d517b94244409e545508de51fcf9ea%7C4fdc3f2315064175958c37999cee0941%7C1%7C0%7C639038344117734581%7CUnknown%7CTWFpbGZsb3d8eyJFbXB0eU1hcGkiOnRydWUsIlYiOiIwLjAuMDAwMCIsIlAiOiJXaW4zMiIsIkFOIjoiTWFpbCIsIldUIjoyfQ%3D%3D%7C0%7C%7C%7C&amp;sdata=2aY2GwctBZjUgkuAqK87x68%2BUWf2jiEVbd%2F1AsMQqM4%3D&amp;reserved=0\" target=\"_blank\" rel=\"noreferrer noopener\">14 mujeres que lideran MIPYMES uruguayas recibir\u00e1n fondos del MIEM por m\u00e1s de $ 5.000.000<\/a><\/p>\n\n\n\n<p>El Ministerio de Industria, Energ\u00eda y Miner\u00eda (MIEM) dio a conocer el nombre de las 14 l\u00edderes de MIPYMES ganadoras de la convocatoria Mujeres que Transforman 2025. Las postulantes presentaron proyectos enfocados en el crecimiento, la consolidaci\u00f3n y la competitividad de sus empresas. Las beneficiarias recibir\u00e1n fondos no reembolsables por hasta $ 450.000 para financiar sus proyectos. En total se recibieron 150 postulaciones de los 19 departamentos del pa\u00eds.<\/p>\n<\/div><\/div>\n<\/div>\n\n\n\n<p><\/p>\n","protected":false},"excerpt":{"rendered":"<p>OEA MIPYME &#8211; Bolet\u00edn Informativo sobre MIPYMEs: (Febrero de 2026): El Bolet\u00edn MIPYMEs de la OEA se dedica a las medidas anunciadas recientemente por los Estados miembros de la OEA para la recuperaci\u00f3n econ\u00f3mica de las micro, peque\u00f1as y medianas empresas (MIPYME). Las respuestas pol\u00edticas var\u00edan de un pa\u00eds a otro y son espec\u00edficas a [&hellip;]<\/p>\n","protected":false},"author":2,"featured_media":0,"comment_status":"closed","ping_status":"closed","sticky":false,"template":"","format":"standard","meta":{"iawp_total_views":16,"footnotes":""},"categories":[24],"tags":[],"class_list":["post-3484","post","type-post","status-publish","format-standard","hentry","category-newsletters"],"_links":{"self":[{"href":"https:\/\/msme-clearinghouse.com\/es\/wp-json\/wp\/v2\/posts\/3484","targetHints":{"allow":["GET"]}}],"collection":[{"href":"https:\/\/msme-clearinghouse.com\/es\/wp-json\/wp\/v2\/posts"}],"about":[{"href":"https:\/\/msme-clearinghouse.com\/es\/wp-json\/wp\/v2\/types\/post"}],"author":[{"embeddable":true,"href":"https:\/\/msme-clearinghouse.com\/es\/wp-json\/wp\/v2\/users\/2"}],"replies":[{"embeddable":true,"href":"https:\/\/msme-clearinghouse.com\/es\/wp-json\/wp\/v2\/comments?post=3484"}],"version-history":[{"count":14,"href":"https:\/\/msme-clearinghouse.com\/es\/wp-json\/wp\/v2\/posts\/3484\/revisions"}],"predecessor-version":[{"id":3509,"href":"https:\/\/msme-clearinghouse.com\/es\/wp-json\/wp\/v2\/posts\/3484\/revisions\/3509"}],"wp:attachment":[{"href":"https:\/\/msme-clearinghouse.com\/es\/wp-json\/wp\/v2\/media?parent=3484"}],"wp:term":[{"taxonomy":"category","embeddable":true,"href":"https:\/\/msme-clearinghouse.com\/es\/wp-json\/wp\/v2\/categories?post=3484"},{"taxonomy":"post_tag","embeddable":true,"href":"https:\/\/msme-clearinghouse.com\/es\/wp-json\/wp\/v2\/tags?post=3484"}],"curies":[{"name":"wp","href":"https:\/\/api.w.org\/{rel}","templated":true}]}}